{"id":6713,"date":"2013-12-08T06:00:51","date_gmt":"2013-12-08T04:00:51","guid":{"rendered":"http:\/\/kinanen.fi\/wordpress\/?p=6713"},"modified":"2013-12-08T09:09:21","modified_gmt":"2013-12-08T07:09:21","slug":"8-12-toinen-adventti","status":"publish","type":"post","link":"https:\/\/www.kinanen.fi\/nukkekoti\/8-12-toinen-adventti\/","title":{"rendered":"8.12. Toinen Adventti"},"content":{"rendered":"<p>T\u00e4n\u00e4\u00e4n on toinen Adventtisunnuntai.<\/p>\n<p>Aamuh\u00e4m\u00e4riss\u00e4 Suntio saapuu Kappelille ja sytytt\u00e4\u00e4 tullessaan ovelle lyhdyn. Kauniisti se valaiseekin rappusia. Hyv\u00e4 on kirkkov\u00e4en tulla kun on valo opastamassa turvallisesti kirkkotarhan poikki sis\u00e4lle.<\/p>\n<p>&nbsp;<\/p>\n<figure id=\"attachment_6837\" aria-describedby=\"caption-attachment-6837\" style=\"width: 427px\" class=\"wp-caption aligncenter\"><a href=\"http:\/\/kinanen.fi\/wordpress\/wp-content\/uploads\/2013\/10\/Kappelilyhty.jpg\"><img fetchpriority=\"high\" decoding=\"async\" class=\"size-full wp-image-6837\" alt=\"Lyhty\" src=\"http:\/\/kinanen.fi\/wordpress\/wp-content\/uploads\/2013\/10\/Kappelilyhty.jpg\" width=\"427\" height=\"640\" \/><\/a><figcaption id=\"caption-attachment-6837\" class=\"wp-caption-text\">Lyhty<\/figcaption><\/figure>\n<p>&nbsp;<\/p>\n<p>Suntio on ottanut esille joulukoristelaatikosta kuusen palloja, joita h\u00e4n on ripustamassa aamuvarhaisella kuuseen. Joulukuusen pallot symboloivat maapalloa ja Jumalan rakkautta maata kohtaan.\u00a0 Vanhastaan pallot olivat kullanhohtoisia tai punaisia. Nykyisin on paljon monenv\u00e4risi\u00e4 palloja. Suntio arvostaa vanhoja perinteit\u00e4, joten kovin kirjavaksi ei Kappelin kuusi muutu Joulun l\u00e4hestyess\u00e4.<\/p>\n<p>&nbsp;<\/p>\n<figure id=\"attachment_6832\" aria-describedby=\"caption-attachment-6832\" style=\"width: 501px\" class=\"wp-caption aligncenter\"><a href=\"http:\/\/kinanen.fi\/wordpress\/wp-content\/uploads\/2013\/10\/2-adventti2.jpg\"><img decoding=\"async\" class=\"size-full wp-image-6832\" alt=\"Pallot\" src=\"http:\/\/kinanen.fi\/wordpress\/wp-content\/uploads\/2013\/10\/2-adventti2.jpg\" width=\"501\" height=\"446\" \/><\/a><figcaption id=\"caption-attachment-6832\" class=\"wp-caption-text\">Pallot<\/figcaption><\/figure>\n<p>&nbsp;<\/p>\n<p>Toinen adventtikynttil\u00e4 on sytytetty. Kaksi on viel\u00e4 sytytt\u00e4m\u00e4tt\u00e4. Se merkitsee sit\u00e4, ett\u00e4 on k\u00e4rsiv\u00e4llisesti odotettava.<\/p>\n<p>Adventti ja odottaminen liittyv\u00e4t yhteen. Kaikki lapset tiet\u00e4v\u00e4t jo mit\u00e4 odottaminen on ja miten se k\u00e4yt\u00e4nn\u00f6ss\u00e4 n\u00e4kyy ja tuntuu. Odottaminen on sit\u00e4, ett\u00e4 lasketaan p\u00e4ivi\u00e4 jouluun tai vaikka joulujuhlaan. Tai se on sit\u00e4, ett\u00e4 heti aamulla riennet\u00e4\u00e4n avaamaan joulukalenterista p\u00e4iv\u00e4n kuukku. Luukusta l\u00f6ytyy pieni kuva, joka tekee joulun entist\u00e4 l\u00e4heisemm\u00e4ksi. T\u00e4lle p\u00e4iv\u00e4lle useimmista suomalaisten kalentereitten luukuista l\u00f6ytyy kaksi kynttil\u00e4\u00e4. Monilla taitaa olla nykyisin suklaakalenteri. Mitenk\u00e4h\u00e4n sit\u00e4 malttaa olla napsimatta suklaita enneaikojaan suuhun?<\/p>\n<p>&nbsp;<\/p>\n<figure id=\"attachment_6833\" aria-describedby=\"caption-attachment-6833\" style=\"width: 497px\" class=\"wp-caption aligncenter\"><a href=\"http:\/\/kinanen.fi\/wordpress\/wp-content\/uploads\/2013\/10\/2-adventti.jpg\"><img decoding=\"async\" class=\"size-full wp-image-6833\" alt=\"Kaksi kynttil\u00e4\u00e4\" src=\"http:\/\/kinanen.fi\/wordpress\/wp-content\/uploads\/2013\/10\/2-adventti.jpg\" width=\"497\" height=\"640\" \/><\/a><figcaption id=\"caption-attachment-6833\" class=\"wp-caption-text\">Kaksi kynttil\u00e4\u00e4<\/figcaption><\/figure>\n<p>&nbsp;<\/p>\n<p>Hymyillen omille ajatuksilleen Suntio sytytt\u00e4\u00e4 kaksi kynttil\u00e4\u00e4 kynttelikk\u00f6\u00f6n. Samaan aikaan Kappelissa kuuluu tuttu virsi kynttil\u00f6iden sytytt\u00e4misest\u00e4.<\/p>\n<p style=\"text-align: center;\"><span style=\"font-family: Arial; font-size: small;\"><span style=\"font-family: Arial; font-size: small;\">Nyt sytyt\u00e4mme kynttil\u00e4n,<br \/>\nse liekkiin leimahtaa.<br \/>\nMe odotamme Jeesusta,<br \/>\nseimess\u00e4 nukkuvaa.<\/span><\/span><\/p>\n<p style=\"text-align: center;\"><span style=\"font-family: Arial; font-size: small;\">Nyt syttyy toinen kynttil\u00e4<br \/>\nja valo laajenee.<br \/>\nSuo Is\u00e4 t\u00e4nne Jeesuksen,<br \/>\nse hetki l\u00e4henee.<\/span><\/p>\n<p style=\"text-align: left;\">Kappeli on jo t\u00e4ynn\u00e4ns\u00e4 nuorempia ja vanhempia kyl\u00e4l\u00e4isi\u00e4 jotka jo malttamattomana odottavat Suntion johdattelevan heid\u00e4t toisen Adventin kertomukseen yhdess\u00e4\u00a0 Nokian seurakunnan kanssa.<\/p>\n<p>&nbsp;<\/p>\n<p>[youtube]http:\/\/www.youtube.com\/watch?v=OKmEzAjlAqI[\/youtube]<\/p>\n<p>&nbsp;<\/p>\n<p>&nbsp;<\/p>\n<p>Oikein hyv\u00e4\u00e4 pyh\u00e4p\u00e4iv\u00e4\u00e4 Sinulle.<\/p>\n<p>&nbsp;<\/p>\n<p>N\u00e4ill\u00e4 sivuilla voit seurata joka p\u00e4iv\u00e4 Eevertin ja Suntion valmistautumista Jouluun. Herrat ilahtuvat jos j\u00e4t\u00e4t viesin ajatuksistasi tai vaikka muistoistasi mit\u00e4 tarinointi sinussa her\u00e4tt\u00e4\u00e4.<\/p>\n<p>Kiitos.<\/p>\n<p>&nbsp;<\/p>\n<p>&nbsp;<\/p>\n","protected":false},"excerpt":{"rendered":"<p>T\u00e4n\u00e4\u00e4n on toinen Adventtisunnuntai. Aamuh\u00e4m\u00e4riss\u00e4 Suntio saapuu Kappelille ja sytytt\u00e4\u00e4 tullessaan ovelle lyhdyn. Kauniisti se valaiseekin rappusia. Hyv\u00e4 on kirkkov\u00e4en tulla kun on valo opastamassa turvallisesti kirkkotarhan poikki sis\u00e4lle. &nbsp; &nbsp; Suntio on ottanut esille joulukoristelaatikosta kuusen palloja, joita h\u00e4n on ripustamassa aamuvarhaisella kuuseen. Joulukuusen pallot symboloivat maapalloa ja Jumalan rakkautta maata kohtaan.\u00a0 Vanhastaan pallot [&hellip;]<\/p>\n","protected":false},"author":1,"featured_media":0,"comment_status":"open","ping_status":"open","sticky":false,"template":"","format":"standard","meta":{"footnotes":""},"categories":[],"tags":[],"class_list":["post-6713","post","type-post","status-publish","format-standard","hentry"],"_links":{"self":[{"href":"https:\/\/www.kinanen.fi\/nukkekoti\/wp-json\/wp\/v2\/posts\/6713","targetHints":{"allow":["GET"]}}],"collection":[{"href":"https:\/\/www.kinanen.fi\/nukkekoti\/wp-json\/wp\/v2\/posts"}],"about":[{"href":"https:\/\/www.kinanen.fi\/nukkekoti\/wp-json\/wp\/v2\/types\/post"}],"author":[{"embeddable":true,"href":"https:\/\/www.kinanen.fi\/nukkekoti\/wp-json\/wp\/v2\/users\/1"}],"replies":[{"embeddable":true,"href":"https:\/\/www.kinanen.fi\/nukkekoti\/wp-json\/wp\/v2\/comments?post=6713"}],"version-history":[{"count":6,"href":"https:\/\/www.kinanen.fi\/nukkekoti\/wp-json\/wp\/v2\/posts\/6713\/revisions"}],"predecessor-version":[{"id":6839,"href":"https:\/\/www.kinanen.fi\/nukkekoti\/wp-json\/wp\/v2\/posts\/6713\/revisions\/6839"}],"wp:attachment":[{"href":"https:\/\/www.kinanen.fi\/nukkekoti\/wp-json\/wp\/v2\/media?parent=6713"}],"wp:term":[{"taxonomy":"category","embeddable":true,"href":"https:\/\/www.kinanen.fi\/nukkekoti\/wp-json\/wp\/v2\/categories?post=6713"},{"taxonomy":"post_tag","embeddable":true,"href":"https:\/\/www.kinanen.fi\/nukkekoti\/wp-json\/wp\/v2\/tags?post=6713"}],"curies":[{"name":"wp","href":"https:\/\/api.w.org\/{rel}","templated":true}]}}