{"id":6727,"date":"2013-12-15T06:00:46","date_gmt":"2013-12-15T04:00:46","guid":{"rendered":"http:\/\/kinanen.fi\/wordpress\/?p=6727"},"modified":"2013-10-09T20:02:58","modified_gmt":"2013-10-09T17:02:58","slug":"15-12-kolmas-adventti","status":"publish","type":"post","link":"https:\/\/www.kinanen.fi\/nukkekoti\/15-12-kolmas-adventti\/","title":{"rendered":"15.12. Kolmas Adventti"},"content":{"rendered":"<p>T\u00e4n\u00e4\u00e4n on jo kolmas Adventti. Niin se vain aika rient\u00e4\u00e4, tuumii Suntio astellessaan tutuun tapaansa Kappelille valmistautumaan p\u00e4iv\u00e4\u00e4n.<\/p>\n<p>Kappeli on saanut koristeita ja hiljalleen muuttumassa juhlalliseksi tilaksi.<\/p>\n<p>&nbsp;<\/p>\n<figure id=\"attachment_6842\" aria-describedby=\"caption-attachment-6842\" style=\"width: 427px\" class=\"wp-caption aligncenter\"><a href=\"http:\/\/kinanen.fi\/wordpress\/wp-content\/uploads\/2013\/10\/3-adventti2.jpg\"><img fetchpriority=\"high\" decoding=\"async\" class=\"size-full wp-image-6842\" alt=\"K\u00e4\u00e4dyt\" src=\"http:\/\/kinanen.fi\/wordpress\/wp-content\/uploads\/2013\/10\/3-adventti2.jpg\" width=\"427\" height=\"640\" \/><\/a><figcaption id=\"caption-attachment-6842\" class=\"wp-caption-text\">K\u00e4\u00e4dyt<\/figcaption><\/figure>\n<p>&nbsp;<\/p>\n<p>Suntio on lis\u00e4nnyt kuuseen kulta- ja hopeak\u00e4\u00e4tyj\u00e4. Kilvan ne kimaltelevat kynttil\u00f6iden kanssa ja tuovat arvokkuutta tunnelmalliseen tilaan.<\/p>\n<p>Kynttil\u00e4t ovat lis\u00e4\u00e4ntyneet ja t\u00e4n\u00e4\u00e4n adventtikynttelikk\u00f6\u00f6n sytytet\u00e4\u00e4n uusi kynttil\u00e4. Nyt siell\u00e4 palaa jo kolme kynttil\u00e4\u00e4. Kolmas kynttil\u00e4 kertoo rauhasta. Rauha tarkoittaa sit\u00e4 ett\u00e4 ei tarvitse pel\u00e4t\u00e4 &#8211; ei toisia ihmisi\u00e4, ei vieraita valtioita eik\u00e4 mit\u00e4\u00e4n pahaa.\u00a0 Rauha on ihmiselle t\u00e4rke\u00e4 asia. Kolmannen kynttil\u00e4n sytytt\u00e4minen on Suntiolle ollut aina merkitt\u00e4v\u00e4 tapahtuma. Sellaisen kynttil\u00e4n voisi sytytt\u00e4\u00e4 vaikka joka p\u00e4iv\u00e4 ett\u00e4 muistaisi sen merkityksen. Rauha alkaa usein itsest\u00e4.<\/p>\n<p>Heprean kielen rauhaa tarkoittava sana <em>shalom<\/em> tarkoittaa kaikinpuolista eheytt\u00e4, hyvinvointia ja terveytt\u00e4, ei vain sodan tai riitojen puuttumista. Ihmiset tervehtiv\u00e4t toisiaan toivottamalla rauhaa samalla tavalla kuin me sanomme t\u00e4\u00e4ll\u00e4 <em>p\u00e4iv\u00e4\u00e4<\/em>.<\/p>\n<p>&nbsp;<\/p>\n<figure id=\"attachment_6843\" aria-describedby=\"caption-attachment-6843\" style=\"width: 500px\" class=\"wp-caption aligncenter\"><a href=\"http:\/\/kinanen.fi\/wordpress\/wp-content\/uploads\/2013\/10\/3-adventti.jpg\"><img decoding=\"async\" class=\"size-full wp-image-6843\" alt=\"Kolmas kynttil\u00e4\" src=\"http:\/\/kinanen.fi\/wordpress\/wp-content\/uploads\/2013\/10\/3-adventti.jpg\" width=\"500\" height=\"640\" \/><\/a><figcaption id=\"caption-attachment-6843\" class=\"wp-caption-text\">Kolmas kynttil\u00e4<\/figcaption><\/figure>\n<p>&nbsp;<\/p>\n<p>Kauniisti ne heijastuvat takana olevalle sein\u00e4lle ja tuovat eloa ja iloa lepattaessaan villisti aina kun Kappelin ovi aukeaa. Aivan kuin ne tervehtisiv\u00e4t jokaista tulijaa.<\/p>\n<p>T\u00e4n\u00e4\u00e4n lauletaan jo kolmas s\u00e4keist\u00f6 kynttil\u00e4nsytytysvirrest\u00e4 13.<\/p>\n<p>.<\/p>\n<p style=\"text-align: center;\"><span style=\"font-family: Arial; font-size: small;\">Nyt loistaa kolmas kynttil\u00e4,<br \/>\nniin kirkas, kutsuva.<br \/>\nOi, kohta meille kuningas<br \/>\njo syntyy tallissa.<\/span><\/p>\n<p style=\"text-align: center;\">.<\/p>\n<p style=\"text-align: left;\">T\u00e4n\u00e4\u00e4n saamme kurkistaa kedolle miss\u00e4 paimenille sanottiin: \u00c4lk\u00e4\u00e4 pel\u00e4tk\u00f6.<\/p>\n<p style=\"text-align: left;\">Nokian seurakunnnan Netti-tv l\u00e4hetyst\u00e4 on moni kirkkovieras jo kovasti odottanut.<\/p>\n<p style=\"text-align: left;\">.<\/p>\n<p style=\"text-align: left;\">[youtube]http:\/\/www.youtube.com\/watch?v=2itS1wr1NMs[\/youtube]<\/p>\n<p style=\"text-align: left;\">.<\/p>\n<p style=\"text-align: left;\">Kirkkohetken p\u00e4\u00e4tytty\u00e4 Suntio siirtyi ovelle ja toivotti jokaiselle l\u00e4htij\u00e4lle rauhaa ihan k\u00e4dest\u00e4 pit\u00e4en.<\/p>\n<p style=\"text-align: left;\">.<\/p>\n<figure id=\"attachment_6844\" aria-describedby=\"caption-attachment-6844\" style=\"width: 427px\" class=\"wp-caption aligncenter\"><a href=\"http:\/\/kinanen.fi\/wordpress\/wp-content\/uploads\/2013\/10\/Kappelin-ovi.jpg\"><img decoding=\"async\" class=\"size-full wp-image-6844\" alt=\"Ovella\" src=\"http:\/\/kinanen.fi\/wordpress\/wp-content\/uploads\/2013\/10\/Kappelin-ovi.jpg\" width=\"427\" height=\"640\" \/><\/a><figcaption id=\"caption-attachment-6844\" class=\"wp-caption-text\">Ovella<\/figcaption><\/figure>\n<p>&nbsp;<\/p>\n<p>Siin\u00e4 ovensuussa Suntio sai monta halausta ja rauhantoivotusta my\u00f6s itselleen. Hymyhuulin kirkkov\u00e4ki palasi omiin askareisiinsa. Suntio kuunteli et\u00e4\u00e4ntyvien askelien \u00e4\u00e4ni\u00e4 ovella niin kauan kuin suinkin niit\u00e4 kuuli. H\u00e4n huomasi olevansa onnellinen. Niin paljon hyv\u00e4\u00e4 ja onnellista el\u00e4m\u00e4ss\u00e4 oli ett\u00e4 kiitollisuuden mittaa ei oikein osannut edes m\u00e4\u00e4ritell\u00e4. Taisi pienen pieni kyynelkin vier\u00e4ht\u00e4\u00e4 Suntion poskelle siin\u00e4 seisoessan.<\/p>\n<p>&nbsp;<\/p>\n<p>N\u00e4ill\u00e4 sivuilla voit seurata joka p\u00e4iv\u00e4 Eevertin ja Suntion valmistautumista Jouluun. Herrat ilahtuvat jos j\u00e4t\u00e4t viesin ajatuksistasi tai vaikka muistoistasi mit\u00e4 tarinointi sinussa her\u00e4tt\u00e4\u00e4.<\/p>\n<p>Kiitos.<\/p>\n<p>&nbsp;<\/p>\n","protected":false},"excerpt":{"rendered":"<p>T\u00e4n\u00e4\u00e4n on jo kolmas Adventti. Niin se vain aika rient\u00e4\u00e4, tuumii Suntio astellessaan tutuun tapaansa Kappelille valmistautumaan p\u00e4iv\u00e4\u00e4n. Kappeli on saanut koristeita ja hiljalleen muuttumassa juhlalliseksi tilaksi. &nbsp; &nbsp; Suntio on lis\u00e4nnyt kuuseen kulta- ja hopeak\u00e4\u00e4tyj\u00e4. Kilvan ne kimaltelevat kynttil\u00f6iden kanssa ja tuovat arvokkuutta tunnelmalliseen tilaan. Kynttil\u00e4t ovat lis\u00e4\u00e4ntyneet ja t\u00e4n\u00e4\u00e4n adventtikynttelikk\u00f6\u00f6n sytytet\u00e4\u00e4n uusi kynttil\u00e4. [&hellip;]<\/p>\n","protected":false},"author":1,"featured_media":0,"comment_status":"open","ping_status":"open","sticky":false,"template":"","format":"standard","meta":{"footnotes":""},"categories":[],"tags":[],"class_list":["post-6727","post","type-post","status-publish","format-standard","hentry"],"_links":{"self":[{"href":"https:\/\/www.kinanen.fi\/nukkekoti\/wp-json\/wp\/v2\/posts\/6727","targetHints":{"allow":["GET"]}}],"collection":[{"href":"https:\/\/www.kinanen.fi\/nukkekoti\/wp-json\/wp\/v2\/posts"}],"about":[{"href":"https:\/\/www.kinanen.fi\/nukkekoti\/wp-json\/wp\/v2\/types\/post"}],"author":[{"embeddable":true,"href":"https:\/\/www.kinanen.fi\/nukkekoti\/wp-json\/wp\/v2\/users\/1"}],"replies":[{"embeddable":true,"href":"https:\/\/www.kinanen.fi\/nukkekoti\/wp-json\/wp\/v2\/comments?post=6727"}],"version-history":[{"count":6,"href":"https:\/\/www.kinanen.fi\/nukkekoti\/wp-json\/wp\/v2\/posts\/6727\/revisions"}],"predecessor-version":[{"id":6853,"href":"https:\/\/www.kinanen.fi\/nukkekoti\/wp-json\/wp\/v2\/posts\/6727\/revisions\/6853"}],"wp:attachment":[{"href":"https:\/\/www.kinanen.fi\/nukkekoti\/wp-json\/wp\/v2\/media?parent=6727"}],"wp:term":[{"taxonomy":"category","embeddable":true,"href":"https:\/\/www.kinanen.fi\/nukkekoti\/wp-json\/wp\/v2\/categories?post=6727"},{"taxonomy":"post_tag","embeddable":true,"href":"https:\/\/www.kinanen.fi\/nukkekoti\/wp-json\/wp\/v2\/tags?post=6727"}],"curies":[{"name":"wp","href":"https:\/\/api.w.org\/{rel}","templated":true}]}}