{"id":7269,"date":"2014-01-04T17:58:44","date_gmt":"2014-01-04T15:58:44","guid":{"rendered":"http:\/\/kinanen.fi\/wordpress\/?p=7269"},"modified":"2014-06-22T10:43:36","modified_gmt":"2014-06-22T07:43:36","slug":"kokeilua","status":"publish","type":"post","link":"https:\/\/www.kinanen.fi\/nukkekoti\/kokeilua\/","title":{"rendered":"Kokeilua"},"content":{"rendered":"<p>Vapaap\u00e4iv\u00e4t sen kun jatkuvat. V\u00e4hitellen on sormia syyhytt\u00e4nyt pikkupuuhiin. Mahdollisuus tuli eteen kun Tiimarin laarista j\u00e4i k\u00e4teen crakelointiaine. Sit\u00e4h\u00e4n en ollutkaan ennen kokeillut.<\/p>\n<p>Joulu on nukkekodista korjattu pois ja piha palautettu takaisin vihre\u00e4ksi. Puutarhakalusteet ovat olleet v\u00e4hemm\u00e4n tyydytt\u00e4vi\u00e4 jo alunperin. Kovassa kiilt\u00e4v\u00e4ss\u00e4 maalissa ja ihan eri paria kaikki.<\/p>\n<p>&nbsp;<\/p>\n<figure id=\"attachment_7270\" aria-describedby=\"caption-attachment-7270\" style=\"width: 484px\" class=\"wp-caption aligncenter\"><a href=\"http:\/\/kinanen.fi\/wordpress\/wp-content\/uploads\/2014\/01\/testi.png\"><img fetchpriority=\"high\" decoding=\"async\" class=\"size-full wp-image-7270\" alt=\"vappuasetelma\" src=\"http:\/\/kinanen.fi\/wordpress\/wp-content\/uploads\/2014\/01\/testi.png\" width=\"484\" height=\"495\" \/><\/a><figcaption id=\"caption-attachment-7270\" class=\"wp-caption-text\">vappuasetelma<\/figcaption><\/figure>\n<p>&nbsp;<\/p>\n<p>Tuolit ja keinu kuuluvat samaan sarjaan. Keinu on jotenkin pieni, joten se on ollut melko k\u00e4ytt\u00e4m\u00e4tt\u00f6m\u00e4n\u00e4 muutenkin. Tuolit sensijaan sopivat Eevertille oikein hyvin joten niit\u00e4 on pihalla k\u00e4ytetty.<\/p>\n<p>&nbsp;<\/p>\n<figure id=\"attachment_7271\" aria-describedby=\"caption-attachment-7271\" style=\"width: 398px\" class=\"wp-caption aligncenter\"><a href=\"http:\/\/kinanen.fi\/wordpress\/wp-content\/uploads\/2014\/01\/penkki.png\"><img decoding=\"async\" class=\"size-full wp-image-7271\" alt=\"penkki\" src=\"http:\/\/kinanen.fi\/wordpress\/wp-content\/uploads\/2014\/01\/penkki.png\" width=\"398\" height=\"536\" \/><\/a><figcaption id=\"caption-attachment-7271\" class=\"wp-caption-text\">penkki<\/figcaption><\/figure>\n<p>&nbsp;<\/p>\n<p>Jostakin sain kylki\u00e4isen\u00e4 penkin, jonka Eevert nosti talon seinustalle ja siin\u00e4 on ollut hyv\u00e4 lukea aamun lehti kauniina kes\u00e4p\u00e4ivin\u00e4.<\/p>\n<p>T\u00e4n\u00e4\u00e4n p\u00e4\u00e4tin sitten kaivaa nuo kalusteet esiin ja tuunata niist\u00e4 paremmin yhteen sopivat. Asianmukaisesti hioin pinnat rikki. Penkki asettautui paremmin hiekkapaperin alle, mutta valkoiset tuolit olivat kyll\u00e4 hyvin kovassa pinnassa.<\/p>\n<p>&nbsp;<\/p>\n<p>Crakelointihan on ihan helppoa. Ainetta vaan levitet\u00e4\u00e4n kahden maalipinnan p\u00e4\u00e4lle ja valmista on. Eik\u00e4 aikaakaan tuhraannu kovin kauaa. Helppoa kuin hein\u00e4n teko.<\/p>\n<p>Niinh\u00e4n sit\u00e4 luulisi.<\/p>\n<p>Tai olisi ehk\u00e4 pit\u00e4nyt lukea ohjeita v\u00e4h\u00e4n tarkeemmin.<\/p>\n<figure id=\"attachment_7272\" aria-describedby=\"caption-attachment-7272\" style=\"width: 430px\" class=\"wp-caption aligncenter\"><a href=\"http:\/\/kinanen.fi\/wordpress\/wp-content\/uploads\/2014\/01\/penkki-002.jpg\"><img decoding=\"async\" class=\"size-full wp-image-7272\" alt=\"pohjamaali\" src=\"http:\/\/kinanen.fi\/wordpress\/wp-content\/uploads\/2014\/01\/penkki-002.jpg\" width=\"430\" height=\"574\" \/><\/a><figcaption id=\"caption-attachment-7272\" class=\"wp-caption-text\">pohjamaali<\/figcaption><\/figure>\n<p>&nbsp;<\/p>\n<p>Ensin yhten\u00e4inen pohjamaali. Eik\u00e4 tietenk\u00e4\u00e4n saman sarjan v\u00e4reill\u00e4 kuin mit\u00e4 crakelointiaine on. Noh, ei kai tuo haittaa&#8230; Ja heti kun on kosketuskuivaa niin samaa maalia p\u00e4\u00e4lle toinen kerros. Niin, paitsi ei se ihan toiminut jos kaksi maalikerrosta on samaa v\u00e4ri\u00e4. No sittenh\u00e4n t\u00e4ytyy tietenkiin tehd\u00e4 homma uudelleen aluesta.<\/p>\n<p>Ai, ett\u00e4 pit\u00e4isi hioa alta pois ne kokeillut v\u00e4rit. Mit\u00e4 turhia, sinneh\u00e4n ne peittyv\u00e4t \ud83d\ude42<\/p>\n<p>&nbsp;<\/p>\n<figure id=\"attachment_7273\" aria-describedby=\"caption-attachment-7273\" style=\"width: 480px\" class=\"wp-caption aligncenter\"><a href=\"http:\/\/kinanen.fi\/wordpress\/wp-content\/uploads\/2014\/01\/penkki-003.jpg\"><img loading=\"lazy\" decoding=\"async\" class=\"size-full wp-image-7273\" alt=\"K\u00e4sinoja\" src=\"http:\/\/kinanen.fi\/wordpress\/wp-content\/uploads\/2014\/01\/penkki-003.jpg\" width=\"480\" height=\"640\" \/><\/a><figcaption id=\"caption-attachment-7273\" class=\"wp-caption-text\">K\u00e4sinoja<\/figcaption><\/figure>\n<p>&nbsp;<\/p>\n<p>No jos tavoitteena oli jonkun ik\u00e4lopun kalusteen aikaansaaminen niin toki sit\u00e4 hyvinkin tulee tavoitettua. Tunnetusti olen muutenkin enempi lankkumaarari ja ohuen ohuiden maalikerrosten tavoittaminen on aina ollut vaikeaa.<\/p>\n<p>&nbsp;<\/p>\n<figure id=\"attachment_7274\" aria-describedby=\"caption-attachment-7274\" style=\"width: 480px\" class=\"wp-caption aligncenter\"><a href=\"http:\/\/kinanen.fi\/wordpress\/wp-content\/uploads\/2014\/01\/penkki-001.jpg\"><img loading=\"lazy\" decoding=\"async\" class=\"size-full wp-image-7274\" alt=\"Selk\u00e4noja\" src=\"http:\/\/kinanen.fi\/wordpress\/wp-content\/uploads\/2014\/01\/penkki-001.jpg\" width=\"480\" height=\"640\" \/><\/a><figcaption id=\"caption-attachment-7274\" class=\"wp-caption-text\">Selk\u00e4noja<\/figcaption><\/figure>\n<p>&nbsp;<\/p>\n<p>Ja ei kun uutta ainetta v\u00e4liin ja sekoittelemaan komatta versiota p\u00e4\u00e4llismaalista. Hieman malttia kehiin, mutta se ei tainnut ihan riitt\u00e4\u00e4.<\/p>\n<p>Lopputuloksena on nyt kuitenkin ajan raastama istuinryhm\u00e4.<\/p>\n<p>&nbsp;<\/p>\n<figure id=\"attachment_7275\" aria-describedby=\"caption-attachment-7275\" style=\"width: 480px\" class=\"wp-caption aligncenter\"><a href=\"http:\/\/kinanen.fi\/wordpress\/wp-content\/uploads\/2014\/01\/penkki-004.jpg\"><img loading=\"lazy\" decoding=\"async\" class=\"size-full wp-image-7275\" alt=\"Valmis!\" src=\"http:\/\/kinanen.fi\/wordpress\/wp-content\/uploads\/2014\/01\/penkki-004.jpg\" width=\"480\" height=\"640\" \/><\/a><figcaption id=\"caption-attachment-7275\" class=\"wp-caption-text\">Valmis!<\/figcaption><\/figure>\n<p>&nbsp;<\/p>\n<p>Vanhasta keitti\u00f6nlattiasta koitin kyh\u00e4t\u00e4 pihalle p\u00f6yt\u00e4\u00e4. Sek\u00e4\u00e4n ei oikein tyydytt\u00e4nyt vaan tata kirjoitettaessa on jo uutta rakenteilla.<\/p>\n<p>N\u00e4ill\u00e4 tuli sitten avattua vuoden 2014 askartelut.<\/p>\n<p>Ja nyt selailemaan 1:12 kokoisia pihakalusteita!<\/p>\n<p>&nbsp;<\/p>\n<p>&nbsp;<\/p>\n","protected":false},"excerpt":{"rendered":"<p>Vapaap\u00e4iv\u00e4t sen kun jatkuvat. V\u00e4hitellen on sormia syyhytt\u00e4nyt pikkupuuhiin. Mahdollisuus tuli eteen kun Tiimarin laarista j\u00e4i k\u00e4teen crakelointiaine. Sit\u00e4h\u00e4n en ollutkaan ennen kokeillut. Joulu on nukkekodista korjattu pois ja piha palautettu takaisin vihre\u00e4ksi. Puutarhakalusteet ovat olleet v\u00e4hemm\u00e4n tyydytt\u00e4vi\u00e4 jo alunperin. Kovassa kiilt\u00e4v\u00e4ss\u00e4 maalissa ja ihan eri paria kaikki. &nbsp; &nbsp; Tuolit ja keinu kuuluvat samaan [&hellip;]<\/p>\n","protected":false},"author":1,"featured_media":0,"comment_status":"open","ping_status":"open","sticky":false,"template":"","format":"standard","meta":{"footnotes":""},"categories":[],"tags":[],"class_list":["post-7269","post","type-post","status-publish","format-standard","hentry"],"_links":{"self":[{"href":"https:\/\/www.kinanen.fi\/nukkekoti\/wp-json\/wp\/v2\/posts\/7269","targetHints":{"allow":["GET"]}}],"collection":[{"href":"https:\/\/www.kinanen.fi\/nukkekoti\/wp-json\/wp\/v2\/posts"}],"about":[{"href":"https:\/\/www.kinanen.fi\/nukkekoti\/wp-json\/wp\/v2\/types\/post"}],"author":[{"embeddable":true,"href":"https:\/\/www.kinanen.fi\/nukkekoti\/wp-json\/wp\/v2\/users\/1"}],"replies":[{"embeddable":true,"href":"https:\/\/www.kinanen.fi\/nukkekoti\/wp-json\/wp\/v2\/comments?post=7269"}],"version-history":[{"count":2,"href":"https:\/\/www.kinanen.fi\/nukkekoti\/wp-json\/wp\/v2\/posts\/7269\/revisions"}],"predecessor-version":[{"id":7277,"href":"https:\/\/www.kinanen.fi\/nukkekoti\/wp-json\/wp\/v2\/posts\/7269\/revisions\/7277"}],"wp:attachment":[{"href":"https:\/\/www.kinanen.fi\/nukkekoti\/wp-json\/wp\/v2\/media?parent=7269"}],"wp:term":[{"taxonomy":"category","embeddable":true,"href":"https:\/\/www.kinanen.fi\/nukkekoti\/wp-json\/wp\/v2\/categories?post=7269"},{"taxonomy":"post_tag","embeddable":true,"href":"https:\/\/www.kinanen.fi\/nukkekoti\/wp-json\/wp\/v2\/tags?post=7269"}],"curies":[{"name":"wp","href":"https:\/\/api.w.org\/{rel}","templated":true}]}}