{"id":7395,"date":"2014-02-22T13:26:24","date_gmt":"2014-02-22T11:26:24","guid":{"rendered":"http:\/\/kinanen.fi\/wordpress\/?p=7395"},"modified":"2015-01-16T18:14:43","modified_gmt":"2015-01-16T16:14:43","slug":"vanha-salkku","status":"publish","type":"post","link":"https:\/\/www.kinanen.fi\/nukkekoti\/vanha-salkku\/","title":{"rendered":"Vanha salkku"},"content":{"rendered":"<p><span style=\"color: #000000;\">Eevert tarvitsi aivan erityislaatuista leve\u00e4\u00e4 ruuvimeisseli\u00e4. Vanhastaan h\u00e4n tiesi sit\u00e4 etsi\u00e4 isois\u00e4naikuisesta nahkaisesta salkusta. Siell\u00e4 niit\u00e4 on s\u00e4ilytetty vuositolkulla. Varmaan aluksi muistona edelt\u00e4v\u00e4st\u00e4 sukupolvesta ja kaikinpuolin niin t\u00e4rke\u00e4st\u00e4 arkip\u00e4iv\u00e4n tarvikkeesta.<\/span><\/p>\n<p><span style=\"color: #000000;\">Salkku on ollut k\u00e4tkettyn\u00e4 eteisen kaapistoon. Sinne Eevert suuntasi ja ei kauan kulunut kun vanha uskollinen palvelija oli l\u00f6ytynyt. V\u00e4h\u00e4n se repsotti sielt\u00e4 ja t\u00e4\u00e4lt\u00e4. Monet reunoja kiert\u00e4v\u00e4t tikkauksetkin olivat aikaa my\u00f6ten pett\u00e4neet.<\/span><\/p>\n<figure id=\"attachment_7396\" aria-describedby=\"caption-attachment-7396\" style=\"width: 427px\" class=\"wp-caption aligncenter\"><img fetchpriority=\"high\" decoding=\"async\" class=\"size-full wp-image-7396\" src=\"http:\/\/kinanen.fi\/wordpress\/wp-content\/uploads\/2014\/02\/IMG_9332.jpg\" alt=\"Salkku\" width=\"427\" height=\"640\" \/><figcaption id=\"caption-attachment-7396\" class=\"wp-caption-text\"><\/span> <span style=\"color: #000000;\">Salkku<\/span><\/figcaption><\/figure>\n<p><span style=\"color: #000000;\">\u00a0<\/span>Koossa se viel\u00e4 pysyi. Salkku on tehty paksusta nahasta, joten kulumalla sit\u00e4 ei taida k\u00e4ytt\u00f6kelvottomaksi saada.\u00a0 Eevert hymyili katsellessaan vanhaa salkkua. Niin monia muistoja siihen kiertyy. Eik\u00e4 ne kaikki niin mukaviakaan taida olla. Yht\u00e4 kaikki, el\u00e4m\u00e4ss\u00e4 olevia asioita.<\/p>\n<figure id=\"attachment_7397\" aria-describedby=\"caption-attachment-7397\" style=\"width: 427px\" class=\"wp-caption aligncenter\"><img decoding=\"async\" class=\"size-full wp-image-7397\" src=\"http:\/\/kinanen.fi\/wordpress\/wp-content\/uploads\/2014\/02\/IMG_9333.jpg\" alt=\"Salkun lukot\" width=\"427\" height=\"640\" \/><figcaption id=\"caption-attachment-7397\" class=\"wp-caption-text\"><\/span> <span style=\"color: #000000;\">Salkun lukot<\/span><\/figcaption><\/figure>\n<p><span style=\"color: #000000;\">\u00a0<\/span>Salkun lukot olivat kiinni. Aikanaan isois\u00e4ll\u00e4 oli pieni avain, jota h\u00e4n piti tarkasti tallessa lompakossaan perstaskussaan &#8211; niinkuin siihen aikaan sanottiin. Nykyisin takataskussa ei ainakaan ruuhkaisemmilla paikoilla kannata miestenk\u00e4\u00e4n lompakkoaan s\u00e4ilytell\u00e4.<\/p>\n<p><span style=\"color: #000000;\">Lukot ovat jo aikaa sitten tiirikoitu auki niin ett\u00e4 eiv\u00e4t taitaisi en\u00e4\u00e4 lukittua, vaikka avain olisikin tallessa.<\/span><\/p>\n<figure id=\"attachment_7398\" aria-describedby=\"caption-attachment-7398\" style=\"width: 503px\" class=\"wp-caption aligncenter\"><img decoding=\"async\" class=\" wp-image-7398\" src=\"http:\/\/kinanen.fi\/wordpress\/wp-content\/uploads\/2014\/02\/IMG_9303.jpg\" alt=\"Ty\u00f6kalut\" width=\"503\" height=\"353\" \/><figcaption id=\"caption-attachment-7398\" class=\"wp-caption-text\"><\/span> <span style=\"color: #000000;\">Ty\u00f6kalut<\/span><\/figcaption><\/figure>\n<p><span style=\"color: #000000;\">\u00a0<\/span>Ty\u00f6kalut olivat salkun pohjalla. Monissa niiss\u00e4 oli n\u00e4kyvill\u00e4 vuosikausien k\u00e4ytt\u00e4j\u00e4n kuluttamat pinnat. Vanha hiontakivi oli jo keskelt\u00e4 luokilla kun puukkoja oli t\u00f6iss\u00e4 hiottu ter\u00e4viksi. L\u00e4mmin lehahdus k\u00e4vi miehen l\u00e4pi muistellessaan salkunkantajan aikoja. On niist\u00e4 jo useampi vuosikymmen vier\u00e4ht\u00e4nyt.<\/p>\n<figure id=\"attachment_7399\" aria-describedby=\"caption-attachment-7399\" style=\"width: 466px\" class=\"wp-caption aligncenter\"><img loading=\"lazy\" decoding=\"async\" class=\"size-full wp-image-7399\" src=\"http:\/\/kinanen.fi\/wordpress\/wp-content\/uploads\/2014\/02\/IMG_9299.jpg\" alt=\"Ev\u00e4\u00e4t\" width=\"466\" height=\"640\" \/><figcaption id=\"caption-attachment-7399\" class=\"wp-caption-text\"><\/span> <span style=\"color: #000000;\">Ev\u00e4\u00e4t<\/span><\/figcaption><\/figure>\n<p><span style=\"color: #000000;\">\u00a0<\/span>Ty\u00f6kalujen lis\u00e4ksi salkussa aikanaan kulki ev\u00e4sleiv\u00e4t ja maitopullo. Ne sy\u00f6tiin kahvi- ja ruokatauolla hyv\u00e4ll\u00e4 ruokahalulla. Joskus oli matkassa my\u00f6s pullollinen kuumaa kahvia. Se k\u00e4\u00e4rittiin sanomalehteen ja villasukkaan. Piti hyvin l\u00e4mpim\u00e4n. Siihen aikaan ei viel\u00e4 termospulloja ollut yleisesti k\u00e4yt\u00f6ss\u00e4.<\/p>\n<p><span style=\"color: #000000;\">Lauantaisin saattoi salkussa kulkea ainakin kotiinp\u00e4in vajaa Koskenkorvapullo. Siihen aikaan t\u00f6it\u00e4 tehtiin my\u00f6s lauantaisin puolillep\u00e4ivin ja moni ty\u00f6mies taisi silloin nauttia viimet\u00f6ikseen miest\u00e4 vakev\u00e4mpi\u00e4 juomia.\u00a0 Ty\u00f6aikalain muututtua my\u00f6s lauantait muuttuivat vapaap\u00e4iviksi ja silloin tuo kansallinen tapa sodank\u00e4yneiden miesten keskuudessa sai vaimov\u00e4elt\u00e4 nimen perjantaipullo. Niist\u00e4 pulloista on varmasti viel\u00e4 monta kertomusta olemassa muistoissa.<\/span><\/p>\n<figure id=\"attachment_7400\" aria-describedby=\"caption-attachment-7400\" style=\"width: 511px\" class=\"wp-caption aligncenter\"><img loading=\"lazy\" decoding=\"async\" class=\" wp-image-7400\" src=\"http:\/\/kinanen.fi\/wordpress\/wp-content\/uploads\/2014\/02\/IMG_9343.jpg\" alt=\"Keitti\u00f6ss\u00e4 \" width=\"511\" height=\"342\" \/><figcaption id=\"caption-attachment-7400\" class=\"wp-caption-text\"><\/span> <span style=\"color: #000000;\">Keitti\u00f6ss\u00e4<\/span><\/figcaption><\/figure>\n<p><span style=\"color: #000000;\">\u00a0<\/span>Salkku on hieno ja t\u00e4ynn\u00e4 el\u00e4m\u00e4\u00e4. Mit\u00e4p\u00e4 jos korjaisin murtuneet tikkaukset ja siirt\u00e4isin vanhat ty\u00f6kalut parempiin s\u00e4ilytysp\u00e4ikkoihin ja ottaisin mustorikkaan salkun k\u00e4ytt\u00f6\u00f6ni, pohtii Eevert ja tapansa mukaan ryhtyy samantien kunnostamaan salkkua.<\/p>\n<figure id=\"attachment_7401\" aria-describedby=\"caption-attachment-7401\" style=\"width: 497px\" class=\"wp-caption aligncenter\"><img loading=\"lazy\" decoding=\"async\" class=\"size-full wp-image-7401\" src=\"http:\/\/kinanen.fi\/wordpress\/wp-content\/uploads\/2014\/02\/IMG_9305.jpg\" alt=\"Paistokset\" width=\"497\" height=\"640\" \/><figcaption id=\"caption-attachment-7401\" class=\"wp-caption-text\"><\/span> <span style=\"color: #000000;\">Paistokset<\/span><\/figcaption><\/figure>\n<p><span style=\"color: #000000;\">\u00a0<\/span>Ennen salkun etsint\u00f6j\u00e4 Eevert oli jo tehnyt lauantain leipomuksia valmiiksi -mustikkapiirakkaa. Nyt taitaa olla niin ett\u00e4 piirakat p\u00e4\u00e4tyv\u00e4t vanhaan ty\u00f6- ja ev\u00e4ssalkkuun ja sit\u00e4 on l\u00e4hdett\u00e4v\u00e4 kyl\u00e4lle tarjoilemaan kahvit ja piirakat kavereille.<\/p>\n<figure id=\"attachment_7402\" aria-describedby=\"caption-attachment-7402\" style=\"width: 427px\" class=\"wp-caption aligncenter\"><img loading=\"lazy\" decoding=\"async\" class=\"size-full wp-image-7402\" src=\"http:\/\/kinanen.fi\/wordpress\/wp-content\/uploads\/2014\/02\/IMG_9350.jpg\" alt=\"Mies ja salkku\" width=\"427\" height=\"640\" \/><figcaption id=\"caption-attachment-7402\" class=\"wp-caption-text\"><\/span> <span style=\"color: #000000;\">Mies ja salkku<\/span><\/figcaption><\/figure>\n<p><span style=\"color: #000000;\">\u00a0<\/span>Taitaa vanha salkku saada uuden el\u00e4m\u00e4n. Minne se yst\u00e4v\u00e4mme viek\u00e4\u00e4n?<\/p>\n<p><span style=\"color: #000000;\">Salkusta l\u00f6ytyi ty\u00f6kalujen lis\u00e4ksi vanhoja p\u00e4\u00e4ns\u00e4rkypulvereita. Teho niist\u00e4 on varmasti jo aikaa sitten kadonnut, mutta s\u00e4\u00e4st\u00f6\u00f6n nekin laitettiin. Salkun keskitaskussa oli lis\u00e4ksi vanha valokuva. Se on kes\u00e4muisto Akkij\u00e4rvelt\u00e4, miss\u00e4 isois\u00e4n suku oli kotoisin.<\/span><\/p>\n<figure id=\"attachment_7403\" aria-describedby=\"caption-attachment-7403\" style=\"width: 499px\" class=\"wp-caption aligncenter\"><img loading=\"lazy\" decoding=\"async\" class=\" wp-image-7403\" src=\"http:\/\/kinanen.fi\/wordpress\/wp-content\/uploads\/2014\/02\/kuva.jpg\" alt=\"Kes\u00e4ll\u00e4 1965 tms.\" width=\"499\" height=\"375\" \/><figcaption id=\"caption-attachment-7403\" class=\"wp-caption-text\"><\/span> <span style=\"color: #000000;\">Kerran kes\u00e4ll\u00e4<\/span><\/figcaption><\/figure>\n<p><span style=\"color: #000000;\">\u00a0<\/span>Kuvassa kravattimies on salkun alkuper\u00e4inen haltija. Rinnallaan h\u00e4nell\u00e4 kihlattunsa Terttu ja uloimpana sisarensa Maija miehens\u00e4 kanssa. On varmaan illalla ollut menoja kun on papilijotitkin niin siev\u00e4sti laitettuna sifonkihuivin alle.<\/p>\n<p><span style=\"color: #000000;\">Moni muuten sanoo, ett\u00e4 Eevert kovasti muistuttaa t\u00e4t\u00e4 isois\u00e4n aikuista miest\u00e4.<\/span><\/p>\n<p><span style=\"color: #000000;\">______________________<\/span><\/p>\n<p><span style=\"color: #000000;\">Ja mist\u00e4 t\u00e4m\u00e4 muisto ja salkku oikein l\u00e4hti liikkeelle.<\/span><\/p>\n<p><span style=\"color: #000000;\"><a style=\"color: #000000;\" href=\"http:\/\/nonnaelizabetta.blogspot.fi\/2014\/02\/laukkuja.html\" target=\"_blank\">Merja<\/a> kertoi blogissaan matkalaukkujen tekemisest\u00e4 ja siit\u00e4 sukeutui pieni keskustelu blogien v\u00e4liss\u00e4. Lopulta muutama matkalaukkujen pohjapalanen p\u00e4\u00e4tyi haltuuni.<\/span><\/p>\n<figure id=\"attachment_7404\" aria-describedby=\"caption-attachment-7404\" style=\"width: 489px\" class=\"wp-caption aligncenter\"><img loading=\"lazy\" decoding=\"async\" class=\" wp-image-7404\" src=\"http:\/\/kinanen.fi\/wordpress\/wp-content\/uploads\/2014\/02\/IMG_9288.jpg\" alt=\"Palikat\" width=\"489\" height=\"335\" \/><figcaption id=\"caption-attachment-7404\" class=\"wp-caption-text\"><\/span> <span style=\"color: #000000;\">Palikat<\/span><\/figcaption><\/figure>\n<p>Kiitos Merja \ud83d\ude42<\/p>\n","protected":false},"excerpt":{"rendered":"<p>Eevert tarvitsi aivan erityislaatuista leve\u00e4\u00e4 ruuvimeisseli\u00e4. Vanhastaan h\u00e4n tiesi sit\u00e4 etsi\u00e4 isois\u00e4naikuisesta nahkaisesta salkusta. Siell\u00e4 niit\u00e4 on s\u00e4ilytetty vuositolkulla. Varmaan aluksi muistona edelt\u00e4v\u00e4st\u00e4 sukupolvesta ja kaikinpuolin niin t\u00e4rke\u00e4st\u00e4 arkip\u00e4iv\u00e4n tarvikkeesta. Salkku on ollut k\u00e4tkettyn\u00e4 eteisen kaapistoon. Sinne Eevert suuntasi ja ei kauan kulunut kun vanha uskollinen palvelija oli l\u00f6ytynyt. V\u00e4h\u00e4n se repsotti sielt\u00e4 ja t\u00e4\u00e4lt\u00e4. [&hellip;]<\/p>\n","protected":false},"author":1,"featured_media":0,"comment_status":"open","ping_status":"open","sticky":false,"template":"","format":"standard","meta":{"footnotes":""},"categories":[],"tags":[],"class_list":["post-7395","post","type-post","status-publish","format-standard","hentry"],"_links":{"self":[{"href":"https:\/\/www.kinanen.fi\/nukkekoti\/wp-json\/wp\/v2\/posts\/7395","targetHints":{"allow":["GET"]}}],"collection":[{"href":"https:\/\/www.kinanen.fi\/nukkekoti\/wp-json\/wp\/v2\/posts"}],"about":[{"href":"https:\/\/www.kinanen.fi\/nukkekoti\/wp-json\/wp\/v2\/types\/post"}],"author":[{"embeddable":true,"href":"https:\/\/www.kinanen.fi\/nukkekoti\/wp-json\/wp\/v2\/users\/1"}],"replies":[{"embeddable":true,"href":"https:\/\/www.kinanen.fi\/nukkekoti\/wp-json\/wp\/v2\/comments?post=7395"}],"version-history":[{"count":7,"href":"https:\/\/www.kinanen.fi\/nukkekoti\/wp-json\/wp\/v2\/posts\/7395\/revisions"}],"predecessor-version":[{"id":8580,"href":"https:\/\/www.kinanen.fi\/nukkekoti\/wp-json\/wp\/v2\/posts\/7395\/revisions\/8580"}],"wp:attachment":[{"href":"https:\/\/www.kinanen.fi\/nukkekoti\/wp-json\/wp\/v2\/media?parent=7395"}],"wp:term":[{"taxonomy":"category","embeddable":true,"href":"https:\/\/www.kinanen.fi\/nukkekoti\/wp-json\/wp\/v2\/categories?post=7395"},{"taxonomy":"post_tag","embeddable":true,"href":"https:\/\/www.kinanen.fi\/nukkekoti\/wp-json\/wp\/v2\/tags?post=7395"}],"curies":[{"name":"wp","href":"https:\/\/api.w.org\/{rel}","templated":true}]}}