{"id":7423,"date":"2014-02-28T19:51:06","date_gmt":"2014-02-28T17:51:06","guid":{"rendered":"http:\/\/kinanen.fi\/wordpress\/?p=7423"},"modified":"2015-07-14T01:01:47","modified_gmt":"2015-07-13T22:01:47","slug":"eevertin-elamaa-360","status":"publish","type":"post","link":"https:\/\/www.kinanen.fi\/nukkekoti\/eevertin-elamaa-360\/","title":{"rendered":"Eevertin el\u00e4m\u00e4\u00e4 360\u00b0"},"content":{"rendered":"<figure id=\"attachment_986\" aria-describedby=\"caption-attachment-986\" style=\"width: 640px\" class=\"wp-caption aligncenter\"><img fetchpriority=\"high\" decoding=\"async\" class=\"size-full wp-image-986\" src=\"http:\/\/kinanen.fi\/wordpress\/wp-content\/uploads\/2010\/05\/eevert-valamossa008.jpg\" alt=\"Kosken kuohuja\" width=\"640\" height=\"494\" \/><figcaption id=\"caption-attachment-986\" class=\"wp-caption-text\">Eevert kanavan rannalla<\/figcaption><\/figure>\n<p><span style=\"color: #000000;\">Eevertin talossa on ollut salainen tarkkailija ja raportoija. Millaisia tapahtumia ja tunnelmia talossa on ollut er\u00e4\u00e4n illan, y\u00f6n ja aamun tunteina. Sit\u00e4 voi vain ihmetell\u00e4 ja kummastella. Mit\u00e4 arvelet tapahtuneen talossa? Onko kenties Paavo k\u00e4ynyt kyl\u00e4ss\u00e4?<\/span><\/p>\n<p><iframe title=\"Nukkekoti360\u00b0\" width=\"640\" height=\"360\" src=\"https:\/\/www.youtube.com\/embed\/iQTxJc-GNUo?feature=oembed\" frameborder=\"0\" allow=\"accelerometer; autoplay; clipboard-write; encrypted-media; gyroscope; picture-in-picture; web-share\" referrerpolicy=\"strict-origin-when-cross-origin\" allowfullscreen><\/iframe><\/p>\n<p>&nbsp;<\/p>\n<p><span style=\"color: #000000;\">Siipalla on jonkin aikaa ollut tutkittavana Go Pro- aktiviteettikamera. Nyt sille l\u00f6ytyi py\u00f6riv\u00e4 alusta jolla voi taltioida 360\u00b0 kuvaa kohteesta. T\u00e4m\u00e4 on siis Siipan askartelun tuotoksia t\u00e4lle viikonlopulle. Miehen k\u00e4det ovat ehk\u00e4 joskus hieman isot nukkekotiin, mutta tulipahan sitten sit\u00e4 Eevertin salatumpaa el\u00e4m\u00e4\u00e4 valotettua samalla.<\/span><\/p>\n<p>&nbsp;<\/p>\n<p>&nbsp;<\/p>\n","protected":false},"excerpt":{"rendered":"<p>Eevertin talossa on ollut salainen tarkkailija ja raportoija. Millaisia tapahtumia ja tunnelmia talossa on ollut er\u00e4\u00e4n illan, y\u00f6n ja aamun tunteina. Sit\u00e4 voi vain ihmetell\u00e4 ja kummastella. Mit\u00e4 arvelet tapahtuneen talossa? Onko kenties Paavo k\u00e4ynyt kyl\u00e4ss\u00e4? &nbsp; Siipalla on jonkin aikaa ollut tutkittavana Go Pro- aktiviteettikamera. Nyt sille l\u00f6ytyi py\u00f6riv\u00e4 alusta jolla voi taltioida 360\u00b0 [&hellip;]<\/p>\n","protected":false},"author":1,"featured_media":0,"comment_status":"open","ping_status":"open","sticky":false,"template":"","format":"standard","meta":{"footnotes":""},"categories":[],"tags":[],"class_list":["post-7423","post","type-post","status-publish","format-standard","hentry"],"_links":{"self":[{"href":"https:\/\/www.kinanen.fi\/nukkekoti\/wp-json\/wp\/v2\/posts\/7423","targetHints":{"allow":["GET"]}}],"collection":[{"href":"https:\/\/www.kinanen.fi\/nukkekoti\/wp-json\/wp\/v2\/posts"}],"about":[{"href":"https:\/\/www.kinanen.fi\/nukkekoti\/wp-json\/wp\/v2\/types\/post"}],"author":[{"embeddable":true,"href":"https:\/\/www.kinanen.fi\/nukkekoti\/wp-json\/wp\/v2\/users\/1"}],"replies":[{"embeddable":true,"href":"https:\/\/www.kinanen.fi\/nukkekoti\/wp-json\/wp\/v2\/comments?post=7423"}],"version-history":[{"count":8,"href":"https:\/\/www.kinanen.fi\/nukkekoti\/wp-json\/wp\/v2\/posts\/7423\/revisions"}],"predecessor-version":[{"id":8883,"href":"https:\/\/www.kinanen.fi\/nukkekoti\/wp-json\/wp\/v2\/posts\/7423\/revisions\/8883"}],"wp:attachment":[{"href":"https:\/\/www.kinanen.fi\/nukkekoti\/wp-json\/wp\/v2\/media?parent=7423"}],"wp:term":[{"taxonomy":"category","embeddable":true,"href":"https:\/\/www.kinanen.fi\/nukkekoti\/wp-json\/wp\/v2\/categories?post=7423"},{"taxonomy":"post_tag","embeddable":true,"href":"https:\/\/www.kinanen.fi\/nukkekoti\/wp-json\/wp\/v2\/tags?post=7423"}],"curies":[{"name":"wp","href":"https:\/\/api.w.org\/{rel}","templated":true}]}}