{"id":7432,"date":"2014-03-08T09:37:28","date_gmt":"2014-03-08T07:37:28","guid":{"rendered":"http:\/\/kinanen.fi\/wordpress\/?p=7432"},"modified":"2014-03-08T09:37:28","modified_gmt":"2014-03-08T07:37:28","slug":"hyvaa-naistenpaivaa-2","status":"publish","type":"post","link":"https:\/\/www.kinanen.fi\/nukkekoti\/hyvaa-naistenpaivaa-2\/","title":{"rendered":"Hyv\u00e4\u00e4 Naistenp\u00e4iv\u00e4\u00e4"},"content":{"rendered":"<p><span style=\"color: #ffdab9;\">Eevert toivottaa kaikille oikein hyv\u00e4\u00e4 ja yhdenvertaista Naistenp\u00e4iv\u00e4\u00e4 2014!<\/span><\/p>\n<p>&nbsp;<\/p>\n<figure id=\"attachment_2319\" aria-describedby=\"caption-attachment-2319\" style=\"width: 509px\" class=\"wp-caption aligncenter\"><img fetchpriority=\"high\" decoding=\"async\" class=\" wp-image-2319\" alt=\"Kattaus\" src=\"http:\/\/kinanen.fi\/wordpress\/wp-content\/uploads\/2010\/12\/juhla.jpg\" width=\"509\" height=\"353\" \/><figcaption id=\"caption-attachment-2319\" class=\"wp-caption-text\"><\/span><\/a><\/span> <span style=\"color: #ffdab9;\">Juhlakattaus<\/span><\/figcaption><\/figure>\n<p>&nbsp;<\/p>\n<p><span style=\"color: #ffdab9;\">N\u00e4ytt\u00e4\u00e4 olevan jo tarjoilut valmiina.On tainnut mies tiet\u00e4\u00e4 odottovansa vieraita t\u00e4n\u00e4\u00e4n. <\/span><\/p>\n<p><span style=\"color: #ffdab9;\">YK:n julistamaa kansainv\u00e4list\u00e4 naistenp\u00e4iv\u00e4\u00e4 vietettiin ensimm\u00e4isen kerran maaliskuun 8. p\u00e4iv\u00e4n\u00e4 vuonna 1975. Samana vuonna vietettiin YK:n kansainv\u00e4list\u00e4 naisten teemavuotta, jota seurasi naisten vuosikymmen 1976-1985 sek\u00e4 useita naisten maailmankonferensseja.\u00a0Naistenp\u00e4iv\u00e4n historia ulottuu kuitenkin jo 1900-luvun alkuun, jolloin useissa maissa julistettiin kansallisia naisten p\u00e4ivi\u00e4 naisten oikeuksien ja osallistumisvapauksien saavuttamisen kunniaksi.<\/span><\/p>\n<p><span style=\"color: #ffdab9;\">Niist\u00e4 ajoista maailma on muuttunut paljon, yhdenvertaisuuden kysymykset ovat kuitenkin edelleen esill\u00e4, pohtii Eevert hakiessaan kahvipannua keitti\u00f6st\u00e4.<\/span><\/p>\n<p>&nbsp;<\/p>\n<figure id=\"attachment_4907\" aria-describedby=\"caption-attachment-4907\" style=\"width: 503px\" class=\"wp-caption aligncenter\"><a href=\"http:\/\/kinanen.fi\/wordpress\/wp-content\/uploads\/2012\/06\/Juhannus2.jpg\"><img decoding=\"async\" class=\" wp-image-4907\" alt=\"Kotipihan pioni\" src=\"http:\/\/kinanen.fi\/wordpress\/wp-content\/uploads\/2012\/06\/Juhannus2.jpg\" width=\"503\" height=\"378\" \/><\/a><figcaption id=\"caption-attachment-4907\" class=\"wp-caption-text\"><span style=\"color: #ffdab9;\">Pioni Sinulle!<\/span><\/figcaption><\/figure>\n","protected":false},"excerpt":{"rendered":"<p>Eevert toivottaa kaikille oikein hyv\u00e4\u00e4 ja yhdenvertaista Naistenp\u00e4iv\u00e4\u00e4 2014! &nbsp; &nbsp; N\u00e4ytt\u00e4\u00e4 olevan jo tarjoilut valmiina.On tainnut mies tiet\u00e4\u00e4 odottovansa vieraita t\u00e4n\u00e4\u00e4n. YK:n julistamaa kansainv\u00e4list\u00e4 naistenp\u00e4iv\u00e4\u00e4 vietettiin ensimm\u00e4isen kerran maaliskuun 8. p\u00e4iv\u00e4n\u00e4 vuonna 1975. Samana vuonna vietettiin YK:n kansainv\u00e4list\u00e4 naisten teemavuotta, jota seurasi naisten vuosikymmen 1976-1985 sek\u00e4 useita naisten maailmankonferensseja.\u00a0Naistenp\u00e4iv\u00e4n historia ulottuu kuitenkin jo 1900-luvun [&hellip;]<\/p>\n","protected":false},"author":1,"featured_media":0,"comment_status":"open","ping_status":"open","sticky":false,"template":"","format":"standard","meta":{"footnotes":""},"categories":[],"tags":[],"class_list":["post-7432","post","type-post","status-publish","format-standard","hentry"],"_links":{"self":[{"href":"https:\/\/www.kinanen.fi\/nukkekoti\/wp-json\/wp\/v2\/posts\/7432","targetHints":{"allow":["GET"]}}],"collection":[{"href":"https:\/\/www.kinanen.fi\/nukkekoti\/wp-json\/wp\/v2\/posts"}],"about":[{"href":"https:\/\/www.kinanen.fi\/nukkekoti\/wp-json\/wp\/v2\/types\/post"}],"author":[{"embeddable":true,"href":"https:\/\/www.kinanen.fi\/nukkekoti\/wp-json\/wp\/v2\/users\/1"}],"replies":[{"embeddable":true,"href":"https:\/\/www.kinanen.fi\/nukkekoti\/wp-json\/wp\/v2\/comments?post=7432"}],"version-history":[{"count":2,"href":"https:\/\/www.kinanen.fi\/nukkekoti\/wp-json\/wp\/v2\/posts\/7432\/revisions"}],"predecessor-version":[{"id":7434,"href":"https:\/\/www.kinanen.fi\/nukkekoti\/wp-json\/wp\/v2\/posts\/7432\/revisions\/7434"}],"wp:attachment":[{"href":"https:\/\/www.kinanen.fi\/nukkekoti\/wp-json\/wp\/v2\/media?parent=7432"}],"wp:term":[{"taxonomy":"category","embeddable":true,"href":"https:\/\/www.kinanen.fi\/nukkekoti\/wp-json\/wp\/v2\/categories?post=7432"},{"taxonomy":"post_tag","embeddable":true,"href":"https:\/\/www.kinanen.fi\/nukkekoti\/wp-json\/wp\/v2\/tags?post=7432"}],"curies":[{"name":"wp","href":"https:\/\/api.w.org\/{rel}","templated":true}]}}