{"id":7436,"date":"2014-03-09T14:10:09","date_gmt":"2014-03-09T12:10:09","guid":{"rendered":"http:\/\/kinanen.fi\/wordpress\/?p=7436"},"modified":"2014-03-09T14:12:09","modified_gmt":"2014-03-09T12:12:09","slug":"kevattouhuja","status":"publish","type":"post","link":"https:\/\/www.kinanen.fi\/nukkekoti\/kevattouhuja\/","title":{"rendered":"Kev\u00e4ttouhuja"},"content":{"rendered":"<p><span style=\"color: #ffe4b5;\">Kev\u00e4t tekee tuloaan kovasti ja se on toki huomattu. Aurinko paistatteli pilvett\u00f6m\u00e4lt\u00e4 taivaalta ja houkutteli yst\u00e4v\u00e4mme ulos. Reippaalla ulkoilulenkill\u00e4 tuli ihastelua monia asioita.<\/span><\/p>\n<p><span style=\"color: #ffe4b5;\">Vanhankaupungin koski pauhasi kev\u00e4triemuissaan runsasvetisen\u00e4.<\/span><\/p>\n<figure id=\"attachment_7437\" aria-describedby=\"caption-attachment-7437\" style=\"width: 427px\" class=\"wp-caption aligncenter\"><img fetchpriority=\"high\" decoding=\"async\" class=\"size-full wp-image-7437\" alt=\"Kosken kuohut\" src=\"http:\/\/kinanen.fi\/wordpress\/wp-content\/uploads\/2014\/03\/MG_3983.jpg\" width=\"427\" height=\"640\" \/><figcaption id=\"caption-attachment-7437\" class=\"wp-caption-text\"><span style=\"color: #ffe4b5;\">Kosken kuohut<\/span><\/figcaption><\/figure>\n<p><span style=\"color: #ffe4b5;\">\u00a0<\/span><\/p>\n<p><span style=\"color: #ffe4b5;\">Pauhu oli kova ja aurinko leikitteli vauhdikkaiden p\u00e4rskeiden kanssa.<\/span><\/p>\n<p><span style=\"color: #ffe4b5;\">\u00a0<\/span><\/p>\n<figure id=\"attachment_7438\" aria-describedby=\"caption-attachment-7438\" style=\"width: 503px\" class=\"wp-caption aligncenter\"><img decoding=\"async\" class=\" wp-image-7438\" alt=\"P\u00e4rskeet\" src=\"http:\/\/kinanen.fi\/wordpress\/wp-content\/uploads\/2014\/03\/MG_3964.jpg\" width=\"503\" height=\"335\" \/><figcaption id=\"caption-attachment-7438\" class=\"wp-caption-text\"><span style=\"color: #ffe4b5;\">P\u00e4rskeet<\/span><\/figcaption><\/figure>\n<p><span style=\"color: #ffe4b5;\">\u00a0<\/span><\/p>\n<p><span style=\"color: #ffe4b5;\">Jokiuomasta j\u00e4\u00e4t olivat osaksi sulaneet, mutta valtoimenaan se ei viel\u00e4 virrannut. J\u00e4\u00e4lle ei passaa kyll\u00e4 en\u00e4\u00e4 menn\u00e4, tuumi Eevert<\/span><\/p>\n<p><span style=\"color: #ffe4b5;\">\u00a0<\/span><\/p>\n<figure id=\"attachment_7439\" aria-describedby=\"caption-attachment-7439\" style=\"width: 500px\" class=\"wp-caption aligncenter\"><img decoding=\"async\" class=\" wp-image-7439\" alt=\"J\u00e4\u00e4t\" src=\"http:\/\/kinanen.fi\/wordpress\/wp-content\/uploads\/2014\/03\/MG_4015.jpg\" width=\"500\" height=\"333\" \/><figcaption id=\"caption-attachment-7439\" class=\"wp-caption-text\"><span style=\"color: #ffe4b5;\">J\u00e4\u00e4t<\/span><\/figcaption><\/figure>\n<p><span style=\"color: #ffe4b5;\">\u00a0<\/span><\/p>\n<p><span style=\"color: #ffe4b5;\">Hieman arastellen sorsaherrakin katseli j\u00e4\u00e4n reunalla. Ei arvannut l\u00e4hte\u00e4 uimaan vaikka kuinka Eevert koitti rohkaista. R\u00e4pyl\u00e4tkin niin punaisena ett\u00e4 vedess\u00e4 voisi jopa olla l\u00e4mpim\u00e4mp\u00e4\u00e4.<\/span><\/p>\n<p><span style=\"color: #ffe4b5;\">\u00a0<\/span><\/p>\n<figure id=\"attachment_7440\" aria-describedby=\"caption-attachment-7440\" style=\"width: 499px\" class=\"wp-caption aligncenter\"><img loading=\"lazy\" decoding=\"async\" class=\" wp-image-7440\" alt=\"Sorsaherra\" src=\"http:\/\/kinanen.fi\/wordpress\/wp-content\/uploads\/2014\/03\/MG_4023.jpg\" width=\"499\" height=\"364\" \/><figcaption id=\"caption-attachment-7440\" class=\"wp-caption-text\"><span style=\"color: #ffe4b5;\">Sorsaherra<\/span><\/figcaption><\/figure>\n<p><span style=\"color: #ffe4b5;\">\u00a0<\/span><\/p>\n<p><span style=\"color: #ffe4b5;\">Kev\u00e4\u00e4st\u00e4 riemastuneena Eevert, niinkuin varmasti moni muukin innostuu kaivamaan menopelej\u00e4\u00e4n esille. Kaikenlaista pit\u00e4\u00e4 laittaa ja puhdistaa talven p\u00f6lyj\u00e4. Kohta varmaan tulee jo niin l\u00e4mmint\u00e4 ett\u00e4 ensimm\u00e4iset ajelut voisi tehd\u00e4 kyl\u00e4l\u00e4isten iloksi.<\/span><\/p>\n<p><span style=\"color: #ffe4b5;\">\u00a0<\/span><\/p>\n<figure id=\"attachment_7441\" aria-describedby=\"caption-attachment-7441\" style=\"width: 480px\" class=\"wp-caption aligncenter\"><img loading=\"lazy\" decoding=\"async\" class=\"size-full wp-image-7441\" alt=\"Vespa\" src=\"http:\/\/kinanen.fi\/wordpress\/wp-content\/uploads\/2014\/03\/IMG_3857.jpg\" width=\"480\" height=\"640\" \/><figcaption id=\"caption-attachment-7441\" class=\"wp-caption-text\"><span style=\"color: #ffe4b5;\">Vespa<\/span><\/figcaption><\/figure>\n<p><span style=\"color: #ffe4b5;\">\u00a0<\/span><\/p>\n<p><span style=\"color: #ffe4b5;\">Sis\u00e4ll\u00e4 on hiljaista. Kaappikello vain raksuttaa. Em\u00e4nt\u00e4kissa on l\u00e4htenyt liikkeelle ja tarkastaa varmuuden vuoksi kaikki huoneet. Ket\u00e4\u00e4n ei kuitenkaan n\u00e4y, ei kuulu. Tenho-koirakin on tiess\u00e4\u00e4n. Kummallista, hyr\u00e4ht\u00e4\u00e4 kissa ja k\u00e4pertyy takan eteen unille. Jospa joku joskus tulisi sen sytytt\u00e4m\u00e4\u00e4n.<\/span><\/p>\n<p><span style=\"color: #ffe4b5;\">\u00a0<\/span><\/p>\n<figure id=\"attachment_7442\" aria-describedby=\"caption-attachment-7442\" style=\"width: 480px\" class=\"wp-caption aligncenter\"><img loading=\"lazy\" decoding=\"async\" class=\"size-full wp-image-7442\" alt=\"Em\u00e4nt\u00e4kissa\" src=\"http:\/\/kinanen.fi\/wordpress\/wp-content\/uploads\/2014\/03\/IMG_3859.jpg\" width=\"480\" height=\"640\" \/><figcaption id=\"caption-attachment-7442\" class=\"wp-caption-text\"><span style=\"color: #ffe4b5;\">Em\u00e4nt\u00e4kissa<\/span><\/figcaption><\/figure>\n<p><span style=\"color: #ffe4b5;\">\u00a0<\/span><\/p>\n<p><span style=\"color: #ffe4b5;\">_________________________________________<\/span><\/p>\n<p><span style=\"color: #ffe4b5;\">Eevertin talossa kyll\u00e4 tapahtuu, mutta mik\u00e4 kumma siin\u00e4 on ett\u00e4 niin monta projektia tuntuu olevan aloitettuna, mutta yht\u00e4k\u00e4\u00e4n ei p\u00e4\u00e4tettyn\u00e4 \ud83d\ude42<\/span><\/p>\n","protected":false},"excerpt":{"rendered":"<p>Kev\u00e4t tekee tuloaan kovasti ja se on toki huomattu. Aurinko paistatteli pilvett\u00f6m\u00e4lt\u00e4 taivaalta ja houkutteli yst\u00e4v\u00e4mme ulos. Reippaalla ulkoilulenkill\u00e4 tuli ihastelua monia asioita. Vanhankaupungin koski pauhasi kev\u00e4triemuissaan runsasvetisen\u00e4. \u00a0 Pauhu oli kova ja aurinko leikitteli vauhdikkaiden p\u00e4rskeiden kanssa. \u00a0 \u00a0 Jokiuomasta j\u00e4\u00e4t olivat osaksi sulaneet, mutta valtoimenaan se ei viel\u00e4 virrannut. J\u00e4\u00e4lle ei passaa kyll\u00e4 [&hellip;]<\/p>\n","protected":false},"author":1,"featured_media":0,"comment_status":"open","ping_status":"open","sticky":false,"template":"","format":"standard","meta":{"footnotes":""},"categories":[],"tags":[],"class_list":["post-7436","post","type-post","status-publish","format-standard","hentry"],"_links":{"self":[{"href":"https:\/\/www.kinanen.fi\/nukkekoti\/wp-json\/wp\/v2\/posts\/7436","targetHints":{"allow":["GET"]}}],"collection":[{"href":"https:\/\/www.kinanen.fi\/nukkekoti\/wp-json\/wp\/v2\/posts"}],"about":[{"href":"https:\/\/www.kinanen.fi\/nukkekoti\/wp-json\/wp\/v2\/types\/post"}],"author":[{"embeddable":true,"href":"https:\/\/www.kinanen.fi\/nukkekoti\/wp-json\/wp\/v2\/users\/1"}],"replies":[{"embeddable":true,"href":"https:\/\/www.kinanen.fi\/nukkekoti\/wp-json\/wp\/v2\/comments?post=7436"}],"version-history":[{"count":4,"href":"https:\/\/www.kinanen.fi\/nukkekoti\/wp-json\/wp\/v2\/posts\/7436\/revisions"}],"predecessor-version":[{"id":7446,"href":"https:\/\/www.kinanen.fi\/nukkekoti\/wp-json\/wp\/v2\/posts\/7436\/revisions\/7446"}],"wp:attachment":[{"href":"https:\/\/www.kinanen.fi\/nukkekoti\/wp-json\/wp\/v2\/media?parent=7436"}],"wp:term":[{"taxonomy":"category","embeddable":true,"href":"https:\/\/www.kinanen.fi\/nukkekoti\/wp-json\/wp\/v2\/categories?post=7436"},{"taxonomy":"post_tag","embeddable":true,"href":"https:\/\/www.kinanen.fi\/nukkekoti\/wp-json\/wp\/v2\/tags?post=7436"}],"curies":[{"name":"wp","href":"https:\/\/api.w.org\/{rel}","templated":true}]}}