{"id":7940,"date":"2014-10-16T12:20:11","date_gmt":"2014-10-16T09:20:11","guid":{"rendered":"http:\/\/kinanen.fi\/wordpress\/?p=7940"},"modified":"2014-12-28T14:16:11","modified_gmt":"2014-12-28T12:16:11","slug":"eevertin-joulu-2014","status":"publish","type":"post","link":"https:\/\/www.kinanen.fi\/nukkekoti\/eevertin-joulu-2014\/","title":{"rendered":"Eevertin joulu 2014"},"content":{"rendered":"<p><span style=\"color: #000000;\">Syksy on viel\u00e4 parhaimmillaan, mutta monet ajatukset siirtyv\u00e4t jo himmenevien iltojen\u00a0siivitt\u00e4m\u00e4n\u00e4 joulunaikaan. Eevertin Adventtikalenteri ilmestyy p\u00e4ivitt\u00e4in ensimm\u00e4isest\u00e4 Adventista aina joulup\u00e4iv\u00e4\u00e4n saakka. Joulukalenterin k\u00e4sikirjoitukset alkavat pian ja totuttuun tapaan siihen voi jokainen halutessaan liitty\u00e4.<\/span><\/p>\n<p><span style=\"color: #000000;\">T\u00e4n\u00e4 vuonna ker\u00e4t\u00e4\u00e4n kokonaisia lauseita, jotka sijoitetaan kerrontaan ja tapahtumiin. J\u00e4t\u00e4 t\u00e4m\u00e4n artikkelin komentteihin\u00a0kokonainen lause, jonka toivot l\u00f6ytyv\u00e4n joulun alla jostakin kohden kertomusta. Eevert on luvannut muistaa jokaista osallistujaa. Muista j\u00e4tt\u00e4\u00e4 mukaan yhteystieto jolla sinuun saa yhteyden sitten aikanaan, <strong>mik\u00e4li haluat tervehdyksen<\/strong>. Lomakkeen s\u00e4hk\u00f6postitieto ei n\u00e4y sivulla.\u00a0<\/span><\/p>\n<figure id=\"attachment_7948\" aria-describedby=\"caption-attachment-7948\" style=\"width: 500px\" class=\"wp-caption aligncenter\"><a style=\"color: #000000;\" href=\"http:\/\/kinanen.fi\/wordpress\/wp-content\/uploads\/2014\/08\/Logo1.jpg\"><img fetchpriority=\"high\" decoding=\"async\" class=\"wp-image-7948\" src=\"http:\/\/kinanen.fi\/wordpress\/wp-content\/uploads\/2014\/08\/Logo1.jpg\" alt=\"Joulukalenterin logo\" width=\"500\" height=\"567\" \/><\/a><figcaption id=\"caption-attachment-7948\" class=\"wp-caption-text\"><\/span> <span style=\"color: #000000;\">Joulukalenterin logo<\/span><\/figcaption><\/figure>\n","protected":false},"excerpt":{"rendered":"<p>Syksy on viel\u00e4 parhaimmillaan, mutta monet ajatukset siirtyv\u00e4t jo himmenevien iltojen\u00a0siivitt\u00e4m\u00e4n\u00e4 joulunaikaan. Eevertin Adventtikalenteri ilmestyy p\u00e4ivitt\u00e4in ensimm\u00e4isest\u00e4 Adventista aina joulup\u00e4iv\u00e4\u00e4n saakka. Joulukalenterin k\u00e4sikirjoitukset alkavat pian ja totuttuun tapaan siihen voi jokainen halutessaan liitty\u00e4. T\u00e4n\u00e4 vuonna ker\u00e4t\u00e4\u00e4n kokonaisia lauseita, jotka sijoitetaan kerrontaan ja tapahtumiin. J\u00e4t\u00e4 t\u00e4m\u00e4n artikkelin komentteihin\u00a0kokonainen lause, jonka toivot l\u00f6ytyv\u00e4n joulun alla jostakin kohden [&hellip;]<\/p>\n","protected":false},"author":1,"featured_media":0,"comment_status":"open","ping_status":"open","sticky":false,"template":"","format":"standard","meta":{"footnotes":""},"categories":[],"tags":[],"class_list":["post-7940","post","type-post","status-publish","format-standard","hentry"],"_links":{"self":[{"href":"https:\/\/www.kinanen.fi\/nukkekoti\/wp-json\/wp\/v2\/posts\/7940","targetHints":{"allow":["GET"]}}],"collection":[{"href":"https:\/\/www.kinanen.fi\/nukkekoti\/wp-json\/wp\/v2\/posts"}],"about":[{"href":"https:\/\/www.kinanen.fi\/nukkekoti\/wp-json\/wp\/v2\/types\/post"}],"author":[{"embeddable":true,"href":"https:\/\/www.kinanen.fi\/nukkekoti\/wp-json\/wp\/v2\/users\/1"}],"replies":[{"embeddable":true,"href":"https:\/\/www.kinanen.fi\/nukkekoti\/wp-json\/wp\/v2\/comments?post=7940"}],"version-history":[{"count":7,"href":"https:\/\/www.kinanen.fi\/nukkekoti\/wp-json\/wp\/v2\/posts\/7940\/revisions"}],"predecessor-version":[{"id":8488,"href":"https:\/\/www.kinanen.fi\/nukkekoti\/wp-json\/wp\/v2\/posts\/7940\/revisions\/8488"}],"wp:attachment":[{"href":"https:\/\/www.kinanen.fi\/nukkekoti\/wp-json\/wp\/v2\/media?parent=7940"}],"wp:term":[{"taxonomy":"category","embeddable":true,"href":"https:\/\/www.kinanen.fi\/nukkekoti\/wp-json\/wp\/v2\/categories?post=7940"},{"taxonomy":"post_tag","embeddable":true,"href":"https:\/\/www.kinanen.fi\/nukkekoti\/wp-json\/wp\/v2\/tags?post=7940"}],"curies":[{"name":"wp","href":"https:\/\/api.w.org\/{rel}","templated":true}]}}