{"id":7967,"date":"2014-11-30T00:30:40","date_gmt":"2014-11-29T22:30:40","guid":{"rendered":"http:\/\/kinanen.fi\/wordpress\/?p=7967"},"modified":"2014-12-28T14:07:47","modified_gmt":"2014-12-28T12:07:47","slug":"ensimmainen-adventti","status":"publish","type":"post","link":"https:\/\/www.kinanen.fi\/nukkekoti\/ensimmainen-adventti\/","title":{"rendered":"Ensimm\u00e4inen Adventti"},"content":{"rendered":"<p><span style=\"color: #000000;\">Niin se vaan vuodenkierto taas siin\u00e4 vaiheessa, ett\u00e4 ensimm\u00e4inen Adventti-sunnuntai on k\u00e4sill\u00e4, tuumii Suntio heti her\u00e4tty\u00e4\u00e4\u00e4n kamarissaan.<\/span><\/p>\n<figure id=\"attachment_7978\" aria-describedby=\"caption-attachment-7978\" style=\"width: 447px\" class=\"wp-caption aligncenter\"><a style=\"color: #000000;\" href=\"http:\/\/kinanen.fi\/wordpress\/wp-content\/uploads\/2014\/11\/IMG_2340.jpg\"><img fetchpriority=\"high\" decoding=\"async\" class=\"size-full wp-image-7978\" src=\"http:\/\/kinanen.fi\/wordpress\/wp-content\/uploads\/2014\/11\/IMG_2340.jpg\" alt=\"Siivous k\u00e4ynniss\u00e4\" width=\"447\" height=\"640\" \/><\/a><figcaption id=\"caption-attachment-7978\" class=\"wp-caption-text\"><\/span> <span style=\"color: #000000;\">Siivous k\u00e4ynniss\u00e4<\/span><\/figcaption><\/figure>\n<p><span style=\"color: #000000;\">\u00a0<\/span>Valmisteluja juhlapyh\u00e4n suhteen Suntio on tehnyt jo aikaisemmin. Juhla-aikaan valmistautuminen on alkanut pienen Kappelin siivoamisella. Se on sellaista ty\u00f6t\u00e4 mist\u00e4 oikein nauttii. Penkit on pyyhitty, virsikirjat laitettu ojennukseen ja Marian patsaan p\u00e4\u00e4np\u00e4\u00e4lt\u00e4 huiskittu\u00a0p\u00f6lyt.<\/p>\n<figure id=\"attachment_7979\" aria-describedby=\"caption-attachment-7979\" style=\"width: 427px\" class=\"wp-caption aligncenter\"><a style=\"color: #000000;\" href=\"http:\/\/kinanen.fi\/wordpress\/wp-content\/uploads\/2014\/11\/IMG_2341.jpg\"><img decoding=\"async\" class=\"size-full wp-image-7979\" src=\"http:\/\/kinanen.fi\/wordpress\/wp-content\/uploads\/2014\/11\/IMG_2341.jpg\" alt=\"Maria-patsas\" width=\"427\" height=\"640\" \/><\/a><figcaption id=\"caption-attachment-7979\" class=\"wp-caption-text\"><\/span> <span style=\"color: #000000;\">Maria-patsas<\/span><\/figcaption><\/figure>\n<p><span style=\"color: #000000;\">\u00a0<\/span>Illalla Eevert on tuonut mets\u00e4st\u00e4 kappeliin kuusen. Niin on ollut tapana siit\u00e4 saakka kun Kappeli on ollut palvelemassa kyl\u00e4l\u00e4isi\u00e4 arjen ja pyh\u00e4n keskell\u00e4. Illalla se jo laitettiin jalkaan ja j\u00e4tettiin rauhassa asettumaan paikoilleen. Kuusi oli niin kaunis ihan sellaisenaan, ett\u00e4 miehet yksiss\u00e4 tuumin p\u00e4\u00e4ttiv\u00e4t j\u00e4tt\u00e4\u00e4 sen luonnontilaan n\u00e4in ensimm\u00e4iseen juhlaan. Eevert kurkoitteli sen latvaan vain t\u00e4hden.<\/p>\n<figure id=\"attachment_7980\" aria-describedby=\"caption-attachment-7980\" style=\"width: 427px\" class=\"wp-caption aligncenter\"><a style=\"color: #000000;\" href=\"http:\/\/kinanen.fi\/wordpress\/wp-content\/uploads\/2014\/11\/IMG_2344.jpg\"><img decoding=\"async\" class=\"size-full wp-image-7980\" src=\"http:\/\/kinanen.fi\/wordpress\/wp-content\/uploads\/2014\/11\/IMG_2344.jpg\" alt=\"Kuusi paikoillaan\" width=\"427\" height=\"640\" \/><\/a><figcaption id=\"caption-attachment-7980\" class=\"wp-caption-text\"><\/span> <span style=\"color: #000000;\">Kuusi paikoillaan<\/span><\/figcaption><\/figure>\n<p><span style=\"color: #000000;\">\u00a0<\/span>Aamiaisen j\u00e4lkeen Suntio riensi Kappeliin. Kynttil\u00e4t sent\u00e4\u00e4n sytytet\u00e4\u00e4n t\u00e4n\u00e4\u00e4n ja muistetaan my\u00f6s se Adventtikynttelikk\u00f6, jonka Eevert edellisen\u00e4 vuonna Kappeliin sorvasi.<\/p>\n<p><span style=\"color: #000000;\">Pian onkin kaikki valmista. M\u00e4en alta kuuluu jo puheensorinaa. Kyl\u00e4l\u00e4iset ovat l\u00e4hteneet joukolla kohti Kappelia. Moni huomaa, ett\u00e4 jos jostakin syyst\u00e4 Hoosianna j\u00e4\u00e4 laulamatta ajallaan, niin joulunajasta j\u00e4\u00e4 puuttumaan jotakin merkitt\u00e4v\u00e4\u00e4.<\/span><\/p>\n<figure id=\"attachment_7981\" aria-describedby=\"caption-attachment-7981\" style=\"width: 427px\" class=\"wp-caption aligncenter\"><a style=\"color: #000000;\" href=\"http:\/\/kinanen.fi\/wordpress\/wp-content\/uploads\/2014\/11\/IMG_2349.jpg\"><img loading=\"lazy\" decoding=\"async\" class=\"size-full wp-image-7981\" src=\"http:\/\/kinanen.fi\/wordpress\/wp-content\/uploads\/2014\/11\/IMG_2349.jpg\" alt=\"Adventtikynttil\u00e4t\" width=\"427\" height=\"640\" \/><\/a><figcaption id=\"caption-attachment-7981\" class=\"wp-caption-text\"><\/span> <span style=\"color: #000000;\">Adventtikynttil\u00e4t<\/span><\/figcaption><\/figure>\n<p><span style=\"color: #000000;\">\u00a0<\/span>Adventista alkaa valmistautuminen jouluun ja monesti se on v\u00e4hint\u00e4\u00e4n yht\u00e4 merkitt\u00e4v\u00e4\u00e4 kuin sitten aikanaan se varsinainen juhla. Mielen rauhoittumisen aikaa. Koko adventin aika on odotuksen aikaa, johon on perinteisesti liittynyt adventtipaasto\u00a0eli\u00a0pieni paasto. Luterilaisilla se ei yleens\u00e4 n\u00e4y ruokailussa, toisin kuin ortodokseilla ja katolilaisilla. J\u00e4\u00e4nteen\u00e4 adventtipaastosta meill\u00e4 on kuitenkin tapa sy\u00f6d\u00e4 lipe\u00e4kalaa tai muuta kalaa jouluaattona, ennen kinkkuun tarttumista. Lipe\u00e4kala Suntiotakin odottaa \u00a0kotona t\u00e4n\u00e4\u00e4n.<\/p>\n<figure id=\"attachment_7982\" aria-describedby=\"caption-attachment-7982\" style=\"width: 427px\" class=\"wp-caption aligncenter\"><a style=\"color: #000000;\" href=\"http:\/\/kinanen.fi\/wordpress\/wp-content\/uploads\/2014\/11\/IMG_2353.jpg\"><img loading=\"lazy\" decoding=\"async\" class=\"size-full wp-image-7982\" src=\"http:\/\/kinanen.fi\/wordpress\/wp-content\/uploads\/2014\/11\/IMG_2353.jpg\" alt=\"Tervetuloa!\" width=\"427\" height=\"640\" \/><\/a><figcaption id=\"caption-attachment-7982\" class=\"wp-caption-text\"><\/span> <span style=\"color: #000000;\">Tervetuloa!<\/span><\/figcaption><\/figure>\n<p><span style=\"color: #000000;\">\u00a0<\/span>Suntio on kyl\u00e4l\u00e4isi\u00e4 vastassa ovella. Hymyillen h\u00e4n katsoo m\u00e4elle nousevaa joukkoa, sill\u00e4 he n\u00e4ytt\u00e4v\u00e4t heiluttelevan k\u00e4siss\u00e4\u00e4n jotakin vihre\u00e4\u00e4. Kulkueen tultua l\u00e4hemm\u00e4s Suntio naurahtaa. V\u00e4ki heiluttelee kuusen havuja tullessaan. Olipa Suntio joku p\u00e4iv\u00e4 sitten harmitellut kun ei ole kipeytyneen niskansa vuoksi p\u00e4\u00e4ssyt tuoreita havuja hakemaan Kappelin portaille.<\/p>\n<figure id=\"attachment_7983\" aria-describedby=\"caption-attachment-7983\" style=\"width: 528px\" class=\"wp-caption aligncenter\"><a style=\"color: #000000;\" href=\"http:\/\/kinanen.fi\/wordpress\/wp-content\/uploads\/2014\/11\/IMG_2374.jpg\"><img loading=\"lazy\" decoding=\"async\" class=\"size-full wp-image-7983\" src=\"http:\/\/kinanen.fi\/wordpress\/wp-content\/uploads\/2014\/11\/IMG_2374.jpg\" alt=\"Tuliaisia Kappeliin\" width=\"528\" height=\"640\" \/><\/a><figcaption id=\"caption-attachment-7983\" class=\"wp-caption-text\"><\/span> <span style=\"color: #000000;\">Tuliaisia Kappeliin<\/span><\/figcaption><\/figure>\n<p><span style=\"color: #000000;\">\u00a0<\/span>Juhla on yhteinen asia. Ja nuo havut taisivat merkit\u00e4 kyl\u00e4l\u00e4isille niit\u00e4 palmunoksia joilla Jeesusta tervehdittiin kun h\u00e4n aasilla ratsasti p\u00e4\u00e4si\u00e4isjuhlille Jerusalemiin.\u00a0<a class=\"vahva\" style=\"color: #000000;\">Luuk. 19: 28-40<\/a><\/p>\n<p><span style=\"color: #000000;\">Pian Kappeli oli t\u00e4ynn\u00e4 v\u00e4ke\u00e4 ja ajallaan siell\u00e4 kajahtaa odotettu Hoosianna!<\/span><\/p>\n<p><iframe title=\"Jouluradion Hoosianna 2014\" width=\"640\" height=\"360\" src=\"https:\/\/www.youtube.com\/embed\/V-33rMHxU2k?feature=oembed\" frameborder=\"0\" allow=\"accelerometer; autoplay; clipboard-write; encrypted-media; gyroscope; picture-in-picture; web-share\" referrerpolicy=\"strict-origin-when-cross-origin\" allowfullscreen><\/iframe><\/p>\n<p><span style=\"color: #000000;\">Jesse Kaikurannan ja Lenni-Kalle Taipaleen Jouluradiolle sovittama Hoosianna 2014.<\/span><\/p>\n<p><span style=\"color: #000000;\">Oikein hyv\u00e4\u00e4 Adventinaikaa Sinulle &#8211; toivottaa Suntio kaikille k\u00e4vij\u00f6ille henkil\u00f6kohtaisesti nyt.<\/span><\/p>\n","protected":false},"excerpt":{"rendered":"<p>Niin se vaan vuodenkierto taas siin\u00e4 vaiheessa, ett\u00e4 ensimm\u00e4inen Adventti-sunnuntai on k\u00e4sill\u00e4, tuumii Suntio heti her\u00e4tty\u00e4\u00e4\u00e4n kamarissaan. \u00a0Valmisteluja juhlapyh\u00e4n suhteen Suntio on tehnyt jo aikaisemmin. Juhla-aikaan valmistautuminen on alkanut pienen Kappelin siivoamisella. Se on sellaista ty\u00f6t\u00e4 mist\u00e4 oikein nauttii. Penkit on pyyhitty, virsikirjat laitettu ojennukseen ja Marian patsaan p\u00e4\u00e4np\u00e4\u00e4lt\u00e4 huiskittu\u00a0p\u00f6lyt. \u00a0Illalla Eevert on tuonut mets\u00e4st\u00e4 [&hellip;]<\/p>\n","protected":false},"author":1,"featured_media":0,"comment_status":"open","ping_status":"open","sticky":false,"template":"","format":"standard","meta":{"footnotes":""},"categories":[],"tags":[],"class_list":["post-7967","post","type-post","status-publish","format-standard","hentry"],"_links":{"self":[{"href":"https:\/\/www.kinanen.fi\/nukkekoti\/wp-json\/wp\/v2\/posts\/7967","targetHints":{"allow":["GET"]}}],"collection":[{"href":"https:\/\/www.kinanen.fi\/nukkekoti\/wp-json\/wp\/v2\/posts"}],"about":[{"href":"https:\/\/www.kinanen.fi\/nukkekoti\/wp-json\/wp\/v2\/types\/post"}],"author":[{"embeddable":true,"href":"https:\/\/www.kinanen.fi\/nukkekoti\/wp-json\/wp\/v2\/users\/1"}],"replies":[{"embeddable":true,"href":"https:\/\/www.kinanen.fi\/nukkekoti\/wp-json\/wp\/v2\/comments?post=7967"}],"version-history":[{"count":7,"href":"https:\/\/www.kinanen.fi\/nukkekoti\/wp-json\/wp\/v2\/posts\/7967\/revisions"}],"predecessor-version":[{"id":8480,"href":"https:\/\/www.kinanen.fi\/nukkekoti\/wp-json\/wp\/v2\/posts\/7967\/revisions\/8480"}],"wp:attachment":[{"href":"https:\/\/www.kinanen.fi\/nukkekoti\/wp-json\/wp\/v2\/media?parent=7967"}],"wp:term":[{"taxonomy":"category","embeddable":true,"href":"https:\/\/www.kinanen.fi\/nukkekoti\/wp-json\/wp\/v2\/categories?post=7967"},{"taxonomy":"post_tag","embeddable":true,"href":"https:\/\/www.kinanen.fi\/nukkekoti\/wp-json\/wp\/v2\/tags?post=7967"}],"curies":[{"name":"wp","href":"https:\/\/api.w.org\/{rel}","templated":true}]}}