{"id":7987,"date":"2014-12-01T00:30:17","date_gmt":"2014-11-30T22:30:17","guid":{"rendered":"http:\/\/kinanen.fi\/wordpress\/?p=7987"},"modified":"2014-12-28T14:06:06","modified_gmt":"2014-12-28T12:06:06","slug":"1-12","status":"publish","type":"post","link":"https:\/\/www.kinanen.fi\/nukkekoti\/1-12\/","title":{"rendered":"1.12."},"content":{"rendered":"<p><span style=\"color: #000000;\">Eevert kuljeskelee mielell\u00e4\u00e4n mets\u00e4ss\u00e4. Mets\u00e4n tuoksu ja sammalien pehmeys hyv\u00e4ilev\u00e4t kokonaisvaltaisesti kaikkina vuodenaikoina. Mets\u00e4 on tuttu miehelle jo pienest\u00e4 pojasta saakka. Pojankollina h\u00e4n rakensi mets\u00e4\u00e4n majan lammen rannalle. Siell\u00e4 h\u00e4n viihtyi hyvin ja rakenteli mieless\u00e4\u00e4n ymp\u00e4rilleen oman ihmeellisen satumaailmansa.<\/span><\/p>\n<p><span style=\"color: #000000;\">Samalle kohdin nousi my\u00f6hemmin kalamaja, joka on Eevertin mielipaikkoja edelleen. <\/span><\/p>\n<p><span style=\"color: #000000;\">Kalamajalla pit\u00e4isikin k\u00e4yd\u00e4, tuumaili Eevert heti aamulla. Aamiaisen j\u00e4lkeen h\u00e4n pakkasi reppunsa ja laittoi ev\u00e4\u00e4t valmiiksi. Pikkukoira oli heti innoissaan l\u00e4hd\u00f6ss\u00e4 reissuun. Ne olivat sen mielest\u00e4 aina mukavia p\u00e4ivi\u00e4. Eevert laittoi karvareuhkansa p\u00e4\u00e4h\u00e4n ja l\u00e4hti pikkukoiran kanssa kohti mets\u00e4\u00e4.<\/span><\/p>\n<figure id=\"attachment_7988\" aria-describedby=\"caption-attachment-7988\" style=\"width: 501px\" class=\"wp-caption aligncenter\"><a style=\"color: #000000;\" href=\"http:\/\/kinanen.fi\/wordpress\/wp-content\/uploads\/2014\/10\/IMG_2379.jpg\"><img fetchpriority=\"high\" decoding=\"async\" class=\" wp-image-7988\" src=\"http:\/\/kinanen.fi\/wordpress\/wp-content\/uploads\/2014\/10\/IMG_2379.jpg\" alt=\"Reppu ja ev\u00e4\u00e4t\" width=\"501\" height=\"497\" \/><\/a><figcaption id=\"caption-attachment-7988\" class=\"wp-caption-text\"><\/span> <span style=\"color: #000000;\">Reppu ja ev\u00e4\u00e4t<\/span><\/figcaption><\/figure>\n<p><span style=\"color: #000000;\">\u00a0<\/span>Polku kalamajalle l\u00f6ytyi viel\u00e4 hyvin. Lunta ei maassa ollut ja polkua oli helppo seurata. T\u00e4ll\u00e4kertaa Eevert p\u00e4\u00e4tti j\u00e4\u00e4d\u00e4 kalamajalle koko y\u00f6nseuduksi. Himmenev\u00e4 ilta keskell\u00e4 mets\u00e4\u00e4 oli lumoava kokemus.<\/p>\n<figure id=\"attachment_7989\" aria-describedby=\"caption-attachment-7989\" style=\"width: 502px\" class=\"wp-caption aligncenter\"><a style=\"color: #000000;\" href=\"http:\/\/kinanen.fi\/wordpress\/wp-content\/uploads\/2014\/10\/IMG_2384.jpg\"><img decoding=\"async\" class=\" wp-image-7989\" src=\"http:\/\/kinanen.fi\/wordpress\/wp-content\/uploads\/2014\/10\/IMG_2384.jpg\" alt=\"Mets\u00e4polulla\" width=\"502\" height=\"614\" \/><\/a><figcaption id=\"caption-attachment-7989\" class=\"wp-caption-text\"><\/span> <span style=\"color: #000000;\">Mets\u00e4polulla<\/span><\/figcaption><\/figure>\n<p><span style=\"color: #000000;\">\u00a0<\/span>P\u00e4iv\u00e4n pikkukoira ja Eevert puuhastelivat eri asioita. Hieman kalastelivat ja viihtyiv\u00e4t nuotion \u00e4\u00e4ress\u00e4. Kalamajalla ei koskaan k\u00e4ynyt aika pitk\u00e4ksi. Monet tuumailut siell\u00e4 kerkesi k\u00e4ym\u00e4\u00e4n l\u00e4pi. Ja v\u00e4lill\u00e4 ihan hassujakin ajatuksia syntyi luonnon keskell\u00e4<\/p>\n<p><span style=\"color: #000000;\"><strong>L\u00f6ysin sadun sammalista, koivun luota kotihaasta\u2026<\/strong> toistui Eevertin mieless\u00e4.<\/span><\/p>\n<figure id=\"attachment_7990\" aria-describedby=\"caption-attachment-7990\" style=\"width: 500px\" class=\"wp-caption aligncenter\"><a style=\"color: #000000;\" href=\"http:\/\/kinanen.fi\/wordpress\/wp-content\/uploads\/2014\/10\/IMG_2393.jpg\"><img decoding=\"async\" class=\" wp-image-7990\" src=\"http:\/\/kinanen.fi\/wordpress\/wp-content\/uploads\/2014\/10\/IMG_2393.jpg\" alt=\"Tenho poseeraa\" width=\"500\" height=\"467\" \/><\/a><figcaption id=\"caption-attachment-7990\" class=\"wp-caption-text\"><\/span> <span style=\"color: #000000;\">Tenho poseeraa<\/span><\/figcaption><\/figure>\n<p><span style=\"color: #000000;\">\u00a0<\/span>Satujen maailma ja tarinat ovat aina kiehtoneet miest\u00e4. Pikkupoikana tuli k\u00e4yty\u00e4 kyl\u00e4ll\u00e4 kerhossa. Sinne kokoontui joukko l\u00e4hideudun poikia puuhastelemaan kaikenlaista k\u00e4sill\u00e4\u00e4n. Syntyi vesimyllyj\u00e4 ja lautasliinatelineit\u00e4 \u2013 mit\u00e4 milloinkin. Illan p\u00e4\u00e4tteeksi ohjaaja kertoi aina sadun tai tarinan. Ne j\u00e4iv\u00e4t aina hieman kesken, joten oli melkein pakko p\u00e4\u00e4st\u00e4 seuraavallakin kerralla mukaan ettei vaan j\u00e4\u00e4nyt jokin kohta kuulematta. Kerronta alkoi aina sanoilla: <strong>L\u00f6ysin sadun sammalista, koivun luota kotihaasta<\/strong>. Silloin pojat tiesiv\u00e4t keskeytt\u00e4\u00e4 tekemisens\u00e4 ja keskitty\u00e4 kertomukseen.<\/p>\n<p><span style=\"color: #000000;\">Muistelujen aikana kevyt j\u00e4\u00e4riite peitti pienen lammen. Sielt\u00e4 kuului kuin kevytt\u00e4 helin\u00e4\u00e4 ja pienei\u00e4 risahduksia. Mieless\u00e4\u00e4n Eevert n\u00e4ki tutun hahmon lammen pinnalla. Lapsuuden mielikuvituksen kauneimpia kohtia.<\/span><\/p>\n<figure id=\"attachment_7994\" aria-describedby=\"caption-attachment-7994\" style=\"width: 501px\" class=\"wp-caption aligncenter\"><a style=\"color: #000000;\" href=\"http:\/\/kinanen.fi\/wordpress\/wp-content\/uploads\/2014\/10\/IMG_2419.jpg\"><img loading=\"lazy\" decoding=\"async\" class=\" wp-image-7994\" src=\"http:\/\/kinanen.fi\/wordpress\/wp-content\/uploads\/2014\/10\/IMG_2419.jpg\" alt=\"Luistelija\" width=\"501\" height=\"432\" \/><\/a><figcaption id=\"caption-attachment-7994\" class=\"wp-caption-text\"><\/span> <span style=\"color: #000000;\">Luistelija<\/span><\/figcaption><\/figure>\n<p><span style=\"color: #000000;\">\u00a0<\/span>Lumoava keijukainen liikkui kev\u00e4esti ja tanssi mit\u00e4 kauneinta j\u00e4\u00e4tanssia. Keijukainen oli eri olomuodoissaan aina monen tarinan keski\u00f6ss\u00e4. Kaikissa niiss\u00e4 oli mukana hahmo, joka viitoitti tarinan\u00a0sankareiden tiet\u00e4 eteenp\u00e4in. Sellaisissa kohdissa el\u00e4m\u00e4\u00e4, jolloin on ollut valinnan paikka on tuo pieni keiju k\u00e4ynyt mieless\u00e4 viel\u00e4 aikamiehen\u00e4kin.<\/p>\n<p><span style=\"color: #000000;\">Monet kerran sen kanssa on tullut pohdittua vaihtoehtoja. Monesti on tullut valittua hyvinkin, naurahti Eevert itsekseen nuotion jo hiipuessa. <\/span><\/p>\n<p><span style=\"color: #000000;\">Olisikojan aika l\u00e4hte\u00e4 nukkumaan? Kysyi mies pikkukoiralta. Ja se tapansa mukaan oli heti valmis Eevertin matkaan.<\/span><\/p>\n<figure id=\"attachment_7991\" aria-describedby=\"caption-attachment-7991\" style=\"width: 501px\" class=\"wp-caption aligncenter\"><a style=\"color: #000000;\" href=\"http:\/\/kinanen.fi\/wordpress\/wp-content\/uploads\/2014\/10\/IMG_2403.jpg\"><img loading=\"lazy\" decoding=\"async\" class=\" wp-image-7991\" src=\"http:\/\/kinanen.fi\/wordpress\/wp-content\/uploads\/2014\/10\/IMG_2403.jpg\" alt=\"Tupa\" width=\"501\" height=\"334\" \/><\/a><figcaption id=\"caption-attachment-7991\" class=\"wp-caption-text\"><\/span> <span style=\"color: #000000;\">Tupa<\/span><\/figcaption><\/figure>\n<p><span style=\"color: #000000;\">\u00a0<\/span>Eevert valmisti makuupaikan tuvan lattialle. Makuualustan p\u00e4\u00e4ll\u00e4 on hyv\u00e4 nukkua. Pikkukoira asettui Eevertin kylkeen. Pian tuvasta kuului tasainen hengitys. T\u00e4n\u00e4\u00e4n oli hyv\u00e4 p\u00e4iv\u00e4, sanoi viimeisen\u00e4 mieless\u00e4\u00e4n ennenkuin uni valtasi tietoisuuden.<\/p>\n","protected":false},"excerpt":{"rendered":"<p>Eevert kuljeskelee mielell\u00e4\u00e4n mets\u00e4ss\u00e4. Mets\u00e4n tuoksu ja sammalien pehmeys hyv\u00e4ilev\u00e4t kokonaisvaltaisesti kaikkina vuodenaikoina. Mets\u00e4 on tuttu miehelle jo pienest\u00e4 pojasta saakka. Pojankollina h\u00e4n rakensi mets\u00e4\u00e4n majan lammen rannalle. Siell\u00e4 h\u00e4n viihtyi hyvin ja rakenteli mieless\u00e4\u00e4n ymp\u00e4rilleen oman ihmeellisen satumaailmansa. Samalle kohdin nousi my\u00f6hemmin kalamaja, joka on Eevertin mielipaikkoja edelleen. Kalamajalla pit\u00e4isikin k\u00e4yd\u00e4, tuumaili Eevert heti [&hellip;]<\/p>\n","protected":false},"author":1,"featured_media":0,"comment_status":"open","ping_status":"open","sticky":false,"template":"","format":"standard","meta":{"footnotes":""},"categories":[],"tags":[],"class_list":["post-7987","post","type-post","status-publish","format-standard","hentry"],"_links":{"self":[{"href":"https:\/\/www.kinanen.fi\/nukkekoti\/wp-json\/wp\/v2\/posts\/7987","targetHints":{"allow":["GET"]}}],"collection":[{"href":"https:\/\/www.kinanen.fi\/nukkekoti\/wp-json\/wp\/v2\/posts"}],"about":[{"href":"https:\/\/www.kinanen.fi\/nukkekoti\/wp-json\/wp\/v2\/types\/post"}],"author":[{"embeddable":true,"href":"https:\/\/www.kinanen.fi\/nukkekoti\/wp-json\/wp\/v2\/users\/1"}],"replies":[{"embeddable":true,"href":"https:\/\/www.kinanen.fi\/nukkekoti\/wp-json\/wp\/v2\/comments?post=7987"}],"version-history":[{"count":7,"href":"https:\/\/www.kinanen.fi\/nukkekoti\/wp-json\/wp\/v2\/posts\/7987\/revisions"}],"predecessor-version":[{"id":8479,"href":"https:\/\/www.kinanen.fi\/nukkekoti\/wp-json\/wp\/v2\/posts\/7987\/revisions\/8479"}],"wp:attachment":[{"href":"https:\/\/www.kinanen.fi\/nukkekoti\/wp-json\/wp\/v2\/media?parent=7987"}],"wp:term":[{"taxonomy":"category","embeddable":true,"href":"https:\/\/www.kinanen.fi\/nukkekoti\/wp-json\/wp\/v2\/categories?post=7987"},{"taxonomy":"post_tag","embeddable":true,"href":"https:\/\/www.kinanen.fi\/nukkekoti\/wp-json\/wp\/v2\/tags?post=7987"}],"curies":[{"name":"wp","href":"https:\/\/api.w.org\/{rel}","templated":true}]}}