{"id":7998,"date":"2014-12-02T00:30:16","date_gmt":"2014-12-01T22:30:16","guid":{"rendered":"http:\/\/kinanen.fi\/wordpress\/?p=7998"},"modified":"2014-12-28T14:05:03","modified_gmt":"2014-12-28T12:05:03","slug":"2-12-2","status":"publish","type":"post","link":"https:\/\/www.kinanen.fi\/nukkekoti\/2-12-2\/","title":{"rendered":"2.12."},"content":{"rendered":"<p><span style=\"color: #000000;\">Aamu oli tuskin edes valjennut kun Eevert havahtuu unestaan. Hetken aikaa katselee ymp\u00e4rilleen, mutta todettuaan, ett\u00e4 kaikki on hyvin ja Tenho-koirakin nukkuu viel\u00e4 rauhassa h\u00e4n p\u00e4\u00e4tt\u00e4\u00e4 jatkaa uniaan. Mies lis\u00e4\u00e4 muutaman puun kaminaan, tupa on viilennyt y\u00f6n aikana.\u00a0<\/span><\/p>\n<figure id=\"attachment_8001\" aria-describedby=\"caption-attachment-8001\" style=\"width: 502px\" class=\"wp-caption aligncenter\"><a style=\"color: #000000;\" href=\"http:\/\/kinanen.fi\/wordpress\/wp-content\/uploads\/2014\/12\/kamina.png\"><img fetchpriority=\"high\" decoding=\"async\" class=\" wp-image-8001\" src=\"http:\/\/kinanen.fi\/wordpress\/wp-content\/uploads\/2014\/12\/kamina.png\" alt=\"Puut palavat kaminassa\" width=\"502\" height=\"334\" \/><\/a><figcaption id=\"caption-attachment-8001\" class=\"wp-caption-text\"><\/span> <span style=\"color: #000000;\">Puut palavat kaminassa<\/span><\/figcaption><\/figure>\n<p><span style=\"color: #000000;\">\u00a0<\/span>Uneen sekaantuu edellisen illan tapahtumia ja muistoja. Milloin mies seikkilee vuorilla, milloin taas on t\u00e4ydess\u00e4 vauhdissa erilaisissa seikkailuissa tutuissa tai maahisten ja mennink\u00e4isten maailmassa.<\/p>\n<p><span style=\"color: #000000;\">Er\u00e4\u00e4ss\u00e4 kohden Eevert tarkkailee unissaan kalamajan tapahtumia. Majassa h\u00e4\u00e4r\u00e4ilee pieni mennink\u00e4inen. Se kohentelee tulta pes\u00e4ss\u00e4 ja valmistaa puuroa kaminan p\u00e4\u00e4ll\u00e4. Puuhaillessaan se huokailee v\u00e4h\u00e4n v\u00e4li\u00e4. Mennink\u00e4inen taitaa olla aika vanha. Mit\u00e4 kummaa se tekee kalamajalla? miettii Eevert unissaan. Joka p\u00e4iv\u00e4 mennink\u00e4inen sytytt\u00e4\u00e4 tulen kaminaan, keitt\u00e4\u00e4 puuroa, tarkistaa paikat ja huokailee\u2026 aina uudelleen ja uudelleen.<\/span><\/p>\n<figure id=\"attachment_8002\" aria-describedby=\"caption-attachment-8002\" style=\"width: 501px\" class=\"wp-caption aligncenter\"><a style=\"color: #000000;\" href=\"http:\/\/kinanen.fi\/wordpress\/wp-content\/uploads\/2014\/12\/IMG_2427.jpg\"><img decoding=\"async\" class=\" wp-image-8002\" src=\"http:\/\/kinanen.fi\/wordpress\/wp-content\/uploads\/2014\/12\/IMG_2427.jpg\" alt=\"Mennink\u00e4inen\" width=\"501\" height=\"408\" \/><\/a><figcaption id=\"caption-attachment-8002\" class=\"wp-caption-text\"><\/span> <span style=\"color: #000000;\">Mennink\u00e4inen<\/span><\/figcaption><\/figure>\n<p><span style=\"color: #000000;\">\u00a0<\/span>Aina puuron sy\u00f6ty\u00e4\u00e4n, se seisoo hetken paikoillaan ja katselee ikkunasta ulos. Huokaisee j\u00e4lleen syv\u00e4\u00e4n ja toteaa: <strong>Kyll\u00e4 minua niin v\u00e4sytt\u00e4\u00e4 t\u00e4m\u00e4 touhu, mutta ei kai se auta kun ruveta neulomaan<\/strong>. Mennink\u00e4inen asettuu penkille ja nostaa korista k\u00e4siins\u00e4 puikot ja vahvaa lankaa. Pian kuuluu vain huokauksia ja puupuikkojen kalinaa. Mennink\u00e4isen k\u00e4siss\u00e4 syntyy pitk\u00e4\u00e4 ja kapeaa neulosta. Lankaker\u00e4 py\u00f6r\u00e4ht\u00e4\u00e4 lattialla moneen kertaan. Ty\u00f6 jatkuu siihen saakka kunnes on aika laittaa kaminaan tuli ja keitt\u00e4\u00e4 puuroa\u2026 ja ottaa kudin esille\u2026<\/p>\n<p><span style=\"color: #000000;\">Eevert her\u00e4si kun Tenho nuolaisi h\u00e4nt\u00e4 nen\u00e4np\u00e4\u00e4st\u00e4. Ohhoh! Kyll\u00e4p\u00e4 tuli nukuttua tuumi mies ja kiskotteli k\u00e4sill\u00e4\u00e4n oikein antaumuksella.<\/span><\/p>\n<figure id=\"attachment_8004\" aria-describedby=\"caption-attachment-8004\" style=\"width: 501px\" class=\"wp-caption aligncenter\"><a style=\"color: #000000;\" href=\"http:\/\/kinanen.fi\/wordpress\/wp-content\/uploads\/2014\/12\/IMG_2447.jpg\"><img decoding=\"async\" class=\" wp-image-8004\" src=\"http:\/\/kinanen.fi\/wordpress\/wp-content\/uploads\/2014\/12\/IMG_2447.jpg\" alt=\"Kalastusv\u00e4lineet ojennukseen\" width=\"501\" height=\"545\" \/><\/a><figcaption id=\"caption-attachment-8004\" class=\"wp-caption-text\"><\/span> <span style=\"color: #000000;\">Kalastusv\u00e4lineet ojennukseen<\/span><\/figcaption><\/figure>\n<p><span style=\"color: #000000;\">\u00a0<\/span>Kahvit keitettiin ja laiteltiin kalamajaa taas siihen kuntoon ett\u00e4 sen voi j\u00e4tt\u00e4\u00e4 hetkeksi. Ennen joulua t\u00e4ytyy viel\u00e4 k\u00e4yd\u00e4 laittamassa mets\u00e4nel\u00e4inen ruokapaikka kuntoon, mutta siihen on viel\u00e4 aikaa.<\/p>\n<p><span style=\"color: #000000;\">V\u00e4hitellen oli aika l\u00e4hte\u00e4 kotiin. Eevert pakkasi reppunsa. Viimeisen\u00e4 h\u00e4n otti hyllylt\u00e4 karvareuhkansa ja laittoi kaulaliinan kaulaansa.<\/span><\/p>\n<figure id=\"attachment_8003\" aria-describedby=\"caption-attachment-8003\" style=\"width: 501px\" class=\"wp-caption aligncenter\"><a style=\"color: #000000;\" href=\"http:\/\/kinanen.fi\/wordpress\/wp-content\/uploads\/2014\/12\/IMG_2446.jpg\"><img loading=\"lazy\" decoding=\"async\" class=\"wp-image-8003 \" src=\"http:\/\/kinanen.fi\/wordpress\/wp-content\/uploads\/2014\/12\/IMG_2446.jpg\" alt=\"IMG_2446\" width=\"501\" height=\"334\" \/><\/a><figcaption id=\"caption-attachment-8003\" class=\"wp-caption-text\"><\/span> <span style=\"color: #000000;\">Karvalakki ja kaulaliina<\/span><\/figcaption><\/figure>\n<p><span style=\"color: #000000;\">\u00a0<\/span>Jostakin syyst\u00e4 Eevert pys\u00e4htyi paikoilleen. Olo oli kummallinen. Mit\u00e4 t\u00e4ss\u00e4 tapahtui? Eevert asteli peilin eteen ja katsoi kuvajaistaan. H\u00e4mmentynyt mies sielt\u00e4 n\u00e4kyi reuhka p\u00e4\u00e4ss\u00e4 ja kaulaliina kaulassa.<\/p>\n<p><span style=\"color: #000000;\">Mik\u00e4 ihmeen kaulaliina? Mist\u00e4 t\u00e4m\u00e4 tuli? Kauan h\u00e4n oli jo kaivannut kaulaliinaa kaulan suojaksi viimaisilla keleill\u00e4. H\u00e4m\u00e4r\u00e4sti aamuy\u00f6n uni l\u00e4ikkyi mieless\u00e4. \u00c4l\u00e4 nyt h\u00f6psi vanha mies! Komensi Eevert itse\u00e4\u00e4n.<\/span><\/p>\n<p><span style=\"color: #000000;\">Varmaan joku kukija oli sen j\u00e4tt\u00e4nyt majalle, eik\u00e4 mik\u00e4\u00e4n mennink\u00e4inen\u2026 varma mies ei mitenk\u00e4\u00e4n voinut olla, sill\u00e4 uskoihan h\u00e4n vankasti my\u00f6s koti- ja saunatonttuun. Miksi siis ei voisi olla kalamajalla omaa hyv\u00e4ntekij\u00e4\u00e4? Oli miten oli, kaulaliina kaulassaan mies ja koira l\u00e4htiv\u00e4t kohti kotia.<\/span><\/p>\n<figure id=\"attachment_8005\" aria-describedby=\"caption-attachment-8005\" style=\"width: 500px\" class=\"wp-caption aligncenter\"><a style=\"color: #000000;\" href=\"http:\/\/kinanen.fi\/wordpress\/wp-content\/uploads\/2014\/12\/IMG_2453.jpg\"><img loading=\"lazy\" decoding=\"async\" class=\" wp-image-8005\" src=\"http:\/\/kinanen.fi\/wordpress\/wp-content\/uploads\/2014\/12\/IMG_2453.jpg\" alt=\"Kummallinen retki\" width=\"500\" height=\"558\" \/><\/a><figcaption id=\"caption-attachment-8005\" class=\"wp-caption-text\"><\/span> <span style=\"color: #000000;\">Kummallinen retki<\/span><\/figcaption><\/figure>\n<p><span style=\"color: #000000;\">\u00a0<\/span>Kalamaja j\u00e4i taakse miehen astellessa mietteli\u00e4\u00e4n\u00e4 polkua pitkin. Aika ajoin Tenho-koira k\u00e4\u00e4ntyi taaksep\u00e4in ja haukahti muutaman kerran.<\/p>\n","protected":false},"excerpt":{"rendered":"<p>Aamu oli tuskin edes valjennut kun Eevert havahtuu unestaan. Hetken aikaa katselee ymp\u00e4rilleen, mutta todettuaan, ett\u00e4 kaikki on hyvin ja Tenho-koirakin nukkuu viel\u00e4 rauhassa h\u00e4n p\u00e4\u00e4tt\u00e4\u00e4 jatkaa uniaan. Mies lis\u00e4\u00e4 muutaman puun kaminaan, tupa on viilennyt y\u00f6n aikana.\u00a0 \u00a0Uneen sekaantuu edellisen illan tapahtumia ja muistoja. Milloin mies seikkilee vuorilla, milloin taas on t\u00e4ydess\u00e4 vauhdissa erilaisissa [&hellip;]<\/p>\n","protected":false},"author":1,"featured_media":0,"comment_status":"open","ping_status":"open","sticky":false,"template":"","format":"standard","meta":{"footnotes":""},"categories":[],"tags":[],"class_list":["post-7998","post","type-post","status-publish","format-standard","hentry"],"_links":{"self":[{"href":"https:\/\/www.kinanen.fi\/nukkekoti\/wp-json\/wp\/v2\/posts\/7998","targetHints":{"allow":["GET"]}}],"collection":[{"href":"https:\/\/www.kinanen.fi\/nukkekoti\/wp-json\/wp\/v2\/posts"}],"about":[{"href":"https:\/\/www.kinanen.fi\/nukkekoti\/wp-json\/wp\/v2\/types\/post"}],"author":[{"embeddable":true,"href":"https:\/\/www.kinanen.fi\/nukkekoti\/wp-json\/wp\/v2\/users\/1"}],"replies":[{"embeddable":true,"href":"https:\/\/www.kinanen.fi\/nukkekoti\/wp-json\/wp\/v2\/comments?post=7998"}],"version-history":[{"count":5,"href":"https:\/\/www.kinanen.fi\/nukkekoti\/wp-json\/wp\/v2\/posts\/7998\/revisions"}],"predecessor-version":[{"id":8478,"href":"https:\/\/www.kinanen.fi\/nukkekoti\/wp-json\/wp\/v2\/posts\/7998\/revisions\/8478"}],"wp:attachment":[{"href":"https:\/\/www.kinanen.fi\/nukkekoti\/wp-json\/wp\/v2\/media?parent=7998"}],"wp:term":[{"taxonomy":"category","embeddable":true,"href":"https:\/\/www.kinanen.fi\/nukkekoti\/wp-json\/wp\/v2\/categories?post=7998"},{"taxonomy":"post_tag","embeddable":true,"href":"https:\/\/www.kinanen.fi\/nukkekoti\/wp-json\/wp\/v2\/tags?post=7998"}],"curies":[{"name":"wp","href":"https:\/\/api.w.org\/{rel}","templated":true}]}}