{"id":8020,"date":"2014-12-05T00:30:28","date_gmt":"2014-12-04T22:30:28","guid":{"rendered":"http:\/\/kinanen.fi\/wordpress\/?p=8020"},"modified":"2014-12-28T14:01:31","modified_gmt":"2014-12-28T12:01:31","slug":"5-12-3","status":"publish","type":"post","link":"https:\/\/www.kinanen.fi\/nukkekoti\/5-12-3\/","title":{"rendered":"5.12."},"content":{"rendered":"<p><span style=\"color: #000000;\">Eevert her\u00e4\u00e4 aikaisin ja kolistelee keitt\u00f6ss\u00e4 niin paljon ett\u00e4, Tenho-koira ja\u00a0em\u00e4nt\u00e4kissa tulevat sit\u00e4 ihmettelem\u00e4\u00e4n. Ne kiehn\u00e4\u00e4v\u00e4t Eevertin jaloissa ja vaativat osuuttaa aamiaisj\u00e4rjetelyiss\u00e4. Ja tokihan Eevert t\u00e4ytt\u00e4\u00e4 yst\u00e4viens\u00e4 ruokakupit samaan aikaan kun itse asettuu p\u00f6yt\u00e4\u00e4n nauttimaan aamiaista.<\/span><\/p>\n<figure id=\"attachment_8026\" aria-describedby=\"caption-attachment-8026\" style=\"width: 501px\" class=\"wp-caption aligncenter\"><a style=\"color: #000000;\" href=\"http:\/\/kinanen.fi\/wordpress\/wp-content\/uploads\/2014\/12\/IMG_2511.jpg\"><img fetchpriority=\"high\" decoding=\"async\" class=\" wp-image-8026\" src=\"http:\/\/kinanen.fi\/wordpress\/wp-content\/uploads\/2014\/12\/IMG_2511.jpg\" alt=\"Aamuh\u00e4m\u00e4riss\u00e4 keitti\u00f6ss\u00e4\" width=\"501\" height=\"456\" \/><\/a><figcaption id=\"caption-attachment-8026\" class=\"wp-caption-text\"><\/span> <span style=\"color: #000000;\">Aamuh\u00e4m\u00e4riss\u00e4 keitti\u00f6ss\u00e4<\/span><\/figcaption><\/figure>\n<p><span style=\"color: #000000;\">\u00a0<\/span>T\u00e4n\u00e4\u00e4n on suunniteltu naapurin is\u00e4nn\u00e4n kanssa mets\u00e4retke\u00e4. Takametsiss\u00e4 on edellisen\u00e4 kev\u00e4\u00e4n\u00e4 tehty hakkuita ja siell\u00e4 olisi nyt oivaa polttopuuta saatavilla. Tie sinne on vain niin huonossa kunnossa ett\u00e4 moottoriajopeleill\u00e4 on turha lahte\u00e4 liikkeelle. Niinp\u00e4 on suunniteltu, ett\u00e4 tehd\u00e4\u00e4n oikein vanhanajan mets\u00e4retki ja valjastetaan talon hevonen reen eteen ja haetaan p\u00f6llit sill\u00e4. T\u00e4ytyy laittaa ev\u00e4\u00e4t reppuun, sill\u00e4 p\u00e4iv\u00e4st\u00e4 tulisi varmasti pitk\u00e4 ja raskaskin. Puup\u00f6llit eiv\u00e4t kuivuneenakaan ole niit\u00e4 kevyimpi\u00e4 nostettavia.<\/p>\n<figure id=\"attachment_8023\" aria-describedby=\"caption-attachment-8023\" style=\"width: 502px\" class=\"wp-caption aligncenter\"><a style=\"color: #000000;\" href=\"http:\/\/kinanen.fi\/wordpress\/wp-content\/uploads\/2014\/12\/IMG_2488.jpg\"><img decoding=\"async\" class=\" wp-image-8023\" src=\"http:\/\/kinanen.fi\/wordpress\/wp-content\/uploads\/2014\/12\/IMG_2488.jpg\" alt=\"Reki ja hevonen\" width=\"502\" height=\"449\" \/><\/a><figcaption id=\"caption-attachment-8023\" class=\"wp-caption-text\"><\/span> <span style=\"color: #000000;\">Reki ja hevonen<\/span><\/figcaption><\/figure>\n<p><span style=\"color: #000000;\">\u00a0<\/span>Matka alkaa sujuvasti ja hevonen tuntuu olevan enemm\u00e4n kuin mieliss\u00e4\u00e4n kun se p\u00e4\u00e4see reen eteen. Vanhalla mets\u00e4tiell\u00e4 on jo hyv\u00e4 lumipeite joten reki on varmempi valinta kuin k\u00e4rryt.<\/p>\n<p><span style=\"color: #000000;\">Hakkuualueelle menee miehell\u00e4 jalan useampi tunti. Hevosella taitaa olla l\u00e4hemm\u00e4s parin tunnin matka ja k\u00e4rrytielt\u00e4 viel\u00e4 hakkuulle mets\u00e4npohjaa viel\u00e4 reipas\u00a0rupeama. K\u00e4rrytiell\u00e4 eteneminen sujuu hyvin. Mets\u00e4ss\u00e4 saa hevonekin katsoa tarkasti mist\u00e4 kohden menee.<\/span><\/p>\n<p><span style=\"color: #000000;\">Pian on aukea saavutettu ja polle saa kaipaamansa kauras\u00e4kin ja vesi\u00e4mp\u00e4rin eteens\u00e4. Ty\u00f6mies on palkkansa ansainnut kesken p\u00e4iv\u00e4nkin, naurahtaa Eevert katsellessaan hevosen innostunutta kaurojen hamuilua. Eevert sytytt\u00e4\u00e4 nuotion. Sen loimussa on mukava ev\u00e4stell\u00e4 miestenkin.\u00a0<\/span><\/p>\n<figure id=\"attachment_8024\" aria-describedby=\"caption-attachment-8024\" style=\"width: 477px\" class=\"wp-caption aligncenter\"><a style=\"color: #000000;\" href=\"http:\/\/kinanen.fi\/wordpress\/wp-content\/uploads\/2014\/12\/IMG_2502.jpg\"><img decoding=\"async\" class=\"size-full wp-image-8024\" src=\"http:\/\/kinanen.fi\/wordpress\/wp-content\/uploads\/2014\/12\/IMG_2502.jpg\" alt=\"Nuotio\" width=\"477\" height=\"640\" \/><\/a><figcaption id=\"caption-attachment-8024\" class=\"wp-caption-text\"><\/span> <span style=\"color: #000000;\">Nuotio<\/span><\/figcaption><\/figure>\n<p><span style=\"color: #000000;\">\u00a0<\/span>Miehet lastaavat reen t\u00e4yteen puita. Kappelille on tilattuna muutamia rakovalkeaksi sopivia p\u00f6llej\u00e4 ilahduttamaan k\u00e4vij\u00f6it\u00e4 joulun alla. Sopiva paikkakin niille on katsottu jo etuk\u00e4teen. Miehet valikoivat erityisesti Kappeliin menev\u00e4t ensin. Lastin p\u00e4\u00e4lle nostetaan sitten klapeiksi laitettavia p\u00f6llej\u00e4. Menev\u00e4t samalla kertaa kylille.<\/p>\n<p><span style=\"color: #000000;\">Ennen paluumatkaa h\u00f6rp\u00e4t\u00e4\u00e4n viel\u00e4 kahvit ja sy\u00f6d\u00e4\u00e4n ev\u00e4\u00e4t. Eevert oli laittanut reppuunsa maittavia voileipia ja keitt\u00e4nyt koko termoksellisen vahvaa kahvia mukaan. Mik\u00e4\u00e4n ei niin hyv\u00e4lle maistu kuin mets\u00e4kahvit. Siit\u00e4 olivat molemmat miehet yht\u00e4 mielt\u00e4. H\u00f6rppiv\u00e4t kahvia ja muistelivat kaikkia niit\u00e4 reissuja joita oli yhdess\u00e4 tullut tehty\u00e4 n\u00e4ihin selkosiin.\u00a0<\/span><\/p>\n<figure id=\"attachment_8027\" aria-describedby=\"caption-attachment-8027\" style=\"width: 502px\" class=\"wp-caption aligncenter\"><a style=\"color: #000000;\" href=\"http:\/\/kinanen.fi\/wordpress\/wp-content\/uploads\/2014\/12\/IMG_2516.jpg\"><img loading=\"lazy\" decoding=\"async\" class=\" wp-image-8027\" src=\"http:\/\/kinanen.fi\/wordpress\/wp-content\/uploads\/2014\/12\/IMG_2516.jpg\" alt=\"Ev\u00e4shetki\" width=\"502\" height=\"335\" \/><\/a><figcaption id=\"caption-attachment-8027\" class=\"wp-caption-text\"><\/span> <span style=\"color: #000000;\">Ev\u00e4shetki<\/span><\/figcaption><\/figure>\n<p><span style=\"color: #000000;\">\u00a0<\/span>Matka mets\u00e4nl\u00e4pi t\u00e4yden lastin kanssa ei ole ollenkaan niin helppoa kuin menomatka. Sen miehet ja hevonenkin huomaavat pian. Reki ei en\u00e4\u00e4 k\u00e4\u00e4nny niin sujuvasti. Tarkkana saa olla ja is\u00e4nt\u00e4 joutuu ihan ty\u00f6t\u00e4 tekem\u00e4\u00e4n siin\u00e4, ett\u00e4 saa sopivat ohjeet hevoselle annettua. Alkaa h\u00e4m\u00e4r\u00e4t\u00e4\u00e4 ja viel\u00e4 on matkaa k\u00e4rrytielle. Lumisade on yltynyt ja pian sit\u00e4 n\u00e4ytt\u00e4\u00e4 tulevan taivaan t\u00e4ydelt\u00e4 lis\u00e4\u00e4.<\/p>\n<p><span style=\"color: #000000;\">Reki juuttuu juurakoihin. Vaikka hevonen kuinka sit\u00e4 koittaa vet\u00e4\u00e4 niin se ei liikahdakkaan. Miehet tulevat apuun, mutta tiukasti reki pit\u00e4\u00e4 pintansa. Pitk\u00e4n uurastuksen j\u00e4lkeen se yht\u00e4kki\u00e4 irtoaa ja vie samalla hevosen hurjaan menoon niin ett\u00e4 v\u00e4h\u00e4iset lumet p\u00f6lly\u00e4v\u00e4t niiden ymp\u00e4rill\u00e4. Hevonen j\u00e4tt\u00e4\u00e4 miehet mets\u00e4\u00e4n ja s\u00e4nt\u00e4\u00e4 eteenp\u00e4in. Ei auta is\u00e4nn\u00e4n huutelut, nyt menn\u00e4\u00e4n eik\u00e4 meinata se tuntuu tuumivan. Ja meneeh\u00e4n se aina tielle saakka ja v\u00e4h\u00e4n ylikin. K\u00e4rrytien vastakkaisella puolella on syv\u00e4 oja joka ei ole viel\u00e4 j\u00e4\u00e4tynyt pohjia my\u00f6ten. Sinne uppoaa hevosen jalat polvilumpiota my\u00f6ten.<\/span><\/p>\n<figure id=\"attachment_8030\" aria-describedby=\"caption-attachment-8030\" style=\"width: 500px\" class=\"wp-caption aligncenter\"><a style=\"color: #000000;\" href=\"http:\/\/kinanen.fi\/wordpress\/wp-content\/uploads\/2014\/12\/IMG_2525.jpg\"><img loading=\"lazy\" decoding=\"async\" class=\"wp-image-8030 \" src=\"http:\/\/kinanen.fi\/wordpress\/wp-content\/uploads\/2014\/12\/IMG_2525.jpg\" alt=\"IMG_2525\" width=\"500\" height=\"606\" \/><\/a><figcaption id=\"caption-attachment-8030\" class=\"wp-caption-text\"><\/span> <span style=\"color: #000000;\">Upottava oja<\/span><\/figcaption><\/figure>\n<p><span style=\"color: #000000;\">\u00a0<\/span>Miesten ehtiess\u00e4 tielle ja apuun on hevonen jo ehtinyt hermostua kylm\u00e4\u00e4n kylpyyns\u00e4. Reki pit\u00e4\u00e4 sen viel\u00e4 paikoillaan, muuten se olisi varmaan jo juossut tiehens\u00e4. Voi parkaa, tuumivat miehet ja ryhtyv\u00e4t rauhoittelemaan tilanetta.<\/p>\n<p><span style=\"color: #000000;\">Yl\u00f6sh\u00e4n ojasta on p\u00e4\u00e4st\u00e4v\u00e4. Hevonen ei tunnu ymm\u00e4rt\u00e4v\u00e4n k\u00e4skyj\u00e4 ollenkaan. S\u00e4ik\u00e4hdyksiss\u00e4\u00e4n varmaan viel\u00e4! Is\u00e4nt\u00e4kin hermostuu ja karjaisee niin ett\u00e4 kuuluu varmaan kotikyl\u00e4\u00e4n saakka: <strong>Peruuta nyt v\u00e4h\u00e4n muuten ollaan kohta karhun kukkarossa!<\/strong><\/span><\/p>\n<p><span style=\"color: #000000;\">Monen \u00e4histelyn j\u00e4lkeen niin reki kuin hevonenkin ovat viimein tiell\u00e4.<\/span><\/p>\n<p><span style=\"color: #000000;\"><a style=\"color: #000000;\" href=\"http:\/\/kinanen.fi\/wordpress\/wp-content\/uploads\/2014\/12\/IMG_2530.jpg\"><img loading=\"lazy\" decoding=\"async\" class=\"aligncenter  wp-image-8031\" src=\"http:\/\/kinanen.fi\/wordpress\/wp-content\/uploads\/2014\/12\/IMG_2530.jpg\" alt=\"IMG_2530\" width=\"433\" height=\"626\" \/><\/a><\/span><\/p>\n<p><span style=\"color: #000000;\">\u00a0<\/span>Hevoselle tarjotaan juomista ja rauhoitellaan. Kaikki on hyvin. Aurinko on jo laskenut mailleen kun miehet ovat viimein matkalla takaisin kyl\u00e4lle. Lumisade on lakannut. Maisemaa valaisee kaunis valkoinen peite joka kimaltelee kuun valossa. Jokunen t\u00e4hti loistaa taivaalla. Miehet ja hevonen tuskin en\u00e4\u00e4 muistavat tiukkaa paikkaansa kylmenev\u00e4ss\u00e4 y\u00f6llisess\u00e4 mets\u00e4ss\u00e4.<\/p>\n<figure id=\"attachment_8029\" aria-describedby=\"caption-attachment-8029\" style=\"width: 427px\" class=\"wp-caption aligncenter\"><a style=\"color: #000000;\" href=\"http:\/\/kinanen.fi\/wordpress\/wp-content\/uploads\/2014\/12\/IMG_2521.jpg\"><img loading=\"lazy\" decoding=\"async\" class=\"size-full wp-image-8029\" src=\"http:\/\/kinanen.fi\/wordpress\/wp-content\/uploads\/2014\/12\/IMG_2521.jpg\" alt=\"Mets\u00e4tiell\u00e4\" width=\"427\" height=\"640\" \/><\/a><figcaption id=\"caption-attachment-8029\" class=\"wp-caption-text\"><\/span> <span style=\"color: #000000;\">Mets\u00e4tiell\u00e4<\/span><\/figcaption><\/figure>\n<p><span style=\"color: #000000;\">\u00a0<\/span>Kyl\u00e4ll\u00e4 lasti puretaan naapurin pihalle ja vied\u00e4\u00e4n Kappelille odottamaan ne muutamat rakovalkeaan ajatellut puut.<\/p>\n<p><span style=\"color: #000000;\">Tuvan l\u00e4mpim\u00e4\u00e4n oli oikein mukava palata ty\u00f6nt\u00e4yteisen p\u00e4iv\u00e4n j\u00e4lkeen. Paljon siin\u00e4 kerkesi tapahtumaankin. Pime\u00e4\u00e4 oli kun l\u00e4hdettiin ja yht\u00e4 pime\u00e4\u00e4 palatessa. Elet\u00e4\u00e4n pimeint\u00e4 aikaa.\u00a0<\/span><\/p>\n<figure id=\"attachment_8032\" aria-describedby=\"caption-attachment-8032\" style=\"width: 501px\" class=\"wp-caption aligncenter\"><a style=\"color: #000000;\" href=\"http:\/\/kinanen.fi\/wordpress\/wp-content\/uploads\/2014\/12\/IMG_2536.jpg\"><img loading=\"lazy\" decoding=\"async\" class=\"wp-image-8032 \" src=\"http:\/\/kinanen.fi\/wordpress\/wp-content\/uploads\/2014\/12\/IMG_2536.jpg\" alt=\"IMG_2536\" width=\"501\" height=\"490\" \/><\/a><figcaption id=\"caption-attachment-8032\" class=\"wp-caption-text\"><\/span> <span style=\"color: #000000;\">Takkatulenloimua ja kuumaa gl\u00f6gi\u00e4<\/span><\/figcaption><\/figure>\n<p><span style=\"color: #000000;\">\u00a0<\/span>Takkatulen \u00e4\u00e4ress\u00e4 Eevert nauttii viel\u00e4 kuumaa gl\u00f6gi\u00e4\u00a0ennen nukkumaan menemist\u00e4. Taisi tulla hieman kylm\u00e4 vaikka oli villahousut jalassa.<\/p>\n","protected":false},"excerpt":{"rendered":"<p>Eevert her\u00e4\u00e4 aikaisin ja kolistelee keitt\u00f6ss\u00e4 niin paljon ett\u00e4, Tenho-koira ja\u00a0em\u00e4nt\u00e4kissa tulevat sit\u00e4 ihmettelem\u00e4\u00e4n. Ne kiehn\u00e4\u00e4v\u00e4t Eevertin jaloissa ja vaativat osuuttaa aamiaisj\u00e4rjetelyiss\u00e4. Ja tokihan Eevert t\u00e4ytt\u00e4\u00e4 yst\u00e4viens\u00e4 ruokakupit samaan aikaan kun itse asettuu p\u00f6yt\u00e4\u00e4n nauttimaan aamiaista. \u00a0T\u00e4n\u00e4\u00e4n on suunniteltu naapurin is\u00e4nn\u00e4n kanssa mets\u00e4retke\u00e4. Takametsiss\u00e4 on edellisen\u00e4 kev\u00e4\u00e4n\u00e4 tehty hakkuita ja siell\u00e4 olisi nyt oivaa polttopuuta [&hellip;]<\/p>\n","protected":false},"author":1,"featured_media":0,"comment_status":"open","ping_status":"open","sticky":false,"template":"","format":"standard","meta":{"footnotes":""},"categories":[],"tags":[],"class_list":["post-8020","post","type-post","status-publish","format-standard","hentry"],"_links":{"self":[{"href":"https:\/\/www.kinanen.fi\/nukkekoti\/wp-json\/wp\/v2\/posts\/8020","targetHints":{"allow":["GET"]}}],"collection":[{"href":"https:\/\/www.kinanen.fi\/nukkekoti\/wp-json\/wp\/v2\/posts"}],"about":[{"href":"https:\/\/www.kinanen.fi\/nukkekoti\/wp-json\/wp\/v2\/types\/post"}],"author":[{"embeddable":true,"href":"https:\/\/www.kinanen.fi\/nukkekoti\/wp-json\/wp\/v2\/users\/1"}],"replies":[{"embeddable":true,"href":"https:\/\/www.kinanen.fi\/nukkekoti\/wp-json\/wp\/v2\/comments?post=8020"}],"version-history":[{"count":6,"href":"https:\/\/www.kinanen.fi\/nukkekoti\/wp-json\/wp\/v2\/posts\/8020\/revisions"}],"predecessor-version":[{"id":8475,"href":"https:\/\/www.kinanen.fi\/nukkekoti\/wp-json\/wp\/v2\/posts\/8020\/revisions\/8475"}],"wp:attachment":[{"href":"https:\/\/www.kinanen.fi\/nukkekoti\/wp-json\/wp\/v2\/media?parent=8020"}],"wp:term":[{"taxonomy":"category","embeddable":true,"href":"https:\/\/www.kinanen.fi\/nukkekoti\/wp-json\/wp\/v2\/categories?post=8020"},{"taxonomy":"post_tag","embeddable":true,"href":"https:\/\/www.kinanen.fi\/nukkekoti\/wp-json\/wp\/v2\/tags?post=8020"}],"curies":[{"name":"wp","href":"https:\/\/api.w.org\/{rel}","templated":true}]}}