{"id":8036,"date":"2014-12-06T00:30:06","date_gmt":"2014-12-05T22:30:06","guid":{"rendered":"http:\/\/kinanen.fi\/wordpress\/?p=8036"},"modified":"2014-12-28T14:00:18","modified_gmt":"2014-12-28T12:00:18","slug":"itsenaisyyspaiva","status":"publish","type":"post","link":"https:\/\/www.kinanen.fi\/nukkekoti\/itsenaisyyspaiva\/","title":{"rendered":"Itsen\u00e4isyysp\u00e4iv\u00e4"},"content":{"rendered":"<p><span style=\"color: #000000;\">T\u00e4n\u00e4\u00e4n vietet\u00e4\u00e4n Itsen\u00e4isyysp\u00e4iv\u00e4\u00e4. Eevert on ottanut Suomen lipun esille jo illalla ja p\u00e4\u00e4tt\u00e4\u00e4 aloittaa p\u00e4iv\u00e4n nostamalla lipun salkoon.<\/span><\/p>\n<figure id=\"attachment_8037\" aria-describedby=\"caption-attachment-8037\" style=\"width: 426px\" class=\"wp-caption aligncenter\"><a style=\"color: #000000;\" href=\"http:\/\/kinanen.fi\/wordpress\/wp-content\/uploads\/2014\/10\/IMG_2548.jpg\"><img fetchpriority=\"high\" decoding=\"async\" class=\" wp-image-8037\" src=\"http:\/\/kinanen.fi\/wordpress\/wp-content\/uploads\/2014\/10\/IMG_2548.jpg\" alt=\"Lippu\" width=\"426\" height=\"639\" \/><\/a><figcaption id=\"caption-attachment-8037\" class=\"wp-caption-text\"><\/span> <span style=\"color: #000000;\">Lippu<\/span><\/figcaption><\/figure>\n<p><span style=\"color: #000000;\">\u00a0<\/span>On se vain aina niin komean n\u00e4k\u00f6ist\u00e4 kun lippu liehuu hiljalleen tullessa. V\u00e4hitellen kyl\u00e4n muihinkin salkoihin nousevat liput.<\/p>\n<figure id=\"attachment_8038\" aria-describedby=\"caption-attachment-8038\" style=\"width: 501px\" class=\"wp-caption aligncenter\"><a style=\"color: #000000;\" href=\"http:\/\/kinanen.fi\/wordpress\/wp-content\/uploads\/2014\/10\/IMG_2556.jpg\"><img decoding=\"async\" class=\" wp-image-8038\" src=\"http:\/\/kinanen.fi\/wordpress\/wp-content\/uploads\/2014\/10\/IMG_2556.jpg\" alt=\"Liehuva lippu\" width=\"501\" height=\"496\" \/><\/a><figcaption id=\"caption-attachment-8038\" class=\"wp-caption-text\"><\/span> <span style=\"color: #000000;\">Liehuva lippu<\/span><\/figcaption><\/figure>\n<p><span style=\"color: #000000;\">\u00a0<\/span>T\u00e4t\u00e4 p\u00e4iv\u00e4\u00e4 juhlitaan monin paikoin perinteisin menoin.<\/p>\n<p><span style=\"color: #000000;\">Helsingiss\u00e4 T\u00e4htitorninm\u00e4ell\u00e4 j\u00e4rjestet\u00e4\u00e4n aamulla lipunnosto, jossa pidet\u00e4\u00e4n puheita ja esitet\u00e4\u00e4n kuorolaulua. Itsen\u00e4isyysp\u00e4iv\u00e4n juhlajumalanpalvelukseen Helsingin tuomiokirkossa osallistuvat presidentit, valtioneuvosto, eduskunta ja valtion ylimm\u00e4t virkamiehet. Se t\u00e4rke\u00e4 p\u00e4iv\u00e4, toteaa Eevert. T\u00e4n\u00e4 vuonna on mukana suruakin kun presidentin vanha ja kunnioitettavan ik\u00e4inen \u00e4iti on juuri kuollut. On siin\u00e4 surun keskell\u00e4 varmasti v\u00e4lill\u00e4 vaikeaa olla niin kovasti esill\u00e4, huolehtii Eevert my\u00f6t\u00e4el\u00e4ess\u00e4\u00e4n ajan tapahtumia.\u00a0<\/span><\/p>\n<p><span style=\"color: #000000;\">Presidentti my\u00f6nt\u00e4\u00e4 itsen\u00e4isyysp\u00e4iv\u00e4n\u00e4 kunniamerkkej\u00e4 joiden saajat on painettu lehteen ja niiden tutkimisessa kuluu hyv\u00e4 tovi aamukahvia juodessa.<\/span><\/p>\n<figure id=\"attachment_8040\" aria-describedby=\"caption-attachment-8040\" style=\"width: 502px\" class=\"wp-caption aligncenter\"><a style=\"color: #000000;\" href=\"http:\/\/kinanen.fi\/wordpress\/wp-content\/uploads\/2014\/10\/IMG_2564.jpg\"><img decoding=\"async\" class=\" wp-image-8040\" src=\"http:\/\/kinanen.fi\/wordpress\/wp-content\/uploads\/2014\/10\/IMG_2564.jpg\" alt=\"Lehti\" width=\"502\" height=\"597\" \/><\/a><figcaption id=\"caption-attachment-8040\" class=\"wp-caption-text\"><\/span> <span style=\"color: #000000;\">Lehti<\/span><\/figcaption><\/figure>\n<p><span style=\"color: #000000;\">\u00a0<\/span>Puolustusvoimat j\u00e4rjest\u00e4v\u00e4t valtakunnallisen paraatin. Sellaista on aina ment\u00e4v\u00e4 katsomaan kun l\u00e4hist\u00f6lle osuu. Taitaa olla H\u00e4meenlinnassa t\u00e4n\u00e4\u00e4n. Televisiosta voikin sit\u00e4 seurata. Eevert katsoo mielell\u00e4\u00e4n paraateja ja kaluston esittely\u00e4. Parasta se olisi ihan paikanp\u00e4\u00e4ll\u00e4, mutta juhlallisuus v\u00e4littyy hyvin my\u00f6s kotisohvalta tv:t\u00e4 katsellessa.<\/p>\n<figure id=\"attachment_8039\" aria-describedby=\"caption-attachment-8039\" style=\"width: 502px\" class=\"wp-caption aligncenter\"><a style=\"color: #000000;\" href=\"http:\/\/kinanen.fi\/wordpress\/wp-content\/uploads\/2014\/10\/IMG_2560.jpg\"><img loading=\"lazy\" decoding=\"async\" class=\" wp-image-8039\" src=\"http:\/\/kinanen.fi\/wordpress\/wp-content\/uploads\/2014\/10\/IMG_2560.jpg\" alt=\"Hernekeittoa\" width=\"502\" height=\"335\" \/><\/a><figcaption id=\"caption-attachment-8039\" class=\"wp-caption-text\"><\/span> <span style=\"color: #000000;\">Hernekeittoa<\/span><\/figcaption><\/figure>\n<p><span style=\"color: #000000;\">\u00a0<\/span>Eevert on jo edellisen\u00e4 p\u00e4iv\u00e4n\u00e4 valmistellut p\u00e4iv\u00e4n ruokaa. Oikein kunnon hernekeittoa. P\u00e4iv\u00e4 on juhlallinen ja hieno, mutta paistit ja maljat eiv\u00e4t erityisemmin ollut Eevertin Itsen\u00e4isyysp\u00e4iv\u00e4n vietossa esill\u00e4. Monet vuodet lapsuudesta alkaen p\u00e4iv\u00e4n ruokana oli hernekeitto. Eik\u00e4 mik\u00e4 tahansa keitto, vaan partiolaisten oikein soppatykill\u00e4 y\u00f6n yli hauduttamaa soppaa. Se on mit\u00e4 mainiomman makuista. Sellaista keittoa on hankala tehd\u00e4 pienemmiss\u00e4 eriss\u00e4, mutta se ei haitanne. Eevertin vankkaa Itsen\u00e4isyysp\u00e4iv\u00e4\u00e4n kuuluvaa perinneruokaa on hernekeitto.<\/p>\n<p><span style=\"color: #000000;\">Hernekeitto oli osana aikanaan kyl\u00e4n tapahtumissa. Pidettiin kirkonkyl\u00e4ll\u00e4 oikein suuret myyj\u00e4iset tai markkinat. Sinne kaikki tulivat omien askarrustensa ja taidonn\u00e4ytteidens\u00e4 kanssa myym\u00e4\u00e4n ja ostamaan. Ja monikaan ei kerennyt p\u00e4iv\u00e4ll\u00e4 ruoka-asioita kotiin toimittamaan, niin kaikki hyv\u00e4ll\u00e4 halulla s\u00f6iv\u00e4t hernekeittoa ulkona.<\/span><\/p>\n<p><span style=\"color: #000000;\">Perinne on j\u00e4\u00e4nyt moneen talon, vaikka itse tapahtuma on jo aikaa sitten lakannut olemasta.<\/span><\/p>\n<figure id=\"attachment_8041\" aria-describedby=\"caption-attachment-8041\" style=\"width: 427px\" class=\"wp-caption aligncenter\"><a style=\"color: #000000;\" href=\"http:\/\/kinanen.fi\/wordpress\/wp-content\/uploads\/2014\/10\/IMG_2569.jpg\"><img loading=\"lazy\" decoding=\"async\" class=\"size-full wp-image-8041\" src=\"http:\/\/kinanen.fi\/wordpress\/wp-content\/uploads\/2014\/10\/IMG_2569.jpg\" alt=\"Kynttil\u00e4t\" width=\"427\" height=\"640\" \/><\/a><figcaption id=\"caption-attachment-8041\" class=\"wp-caption-text\"><\/span> <span style=\"color: #000000;\">Kynttil\u00e4t<\/span><\/figcaption><\/figure>\n<p><span style=\"color: #000000;\">\u00a0<\/span>Illalla Eevert laittaa ikkunalle kaksi kynttil\u00e4\u00e4 ja vet\u00e4ytyy television \u00e4\u00e4reen katselemaan valtiovallan juhlien huipentumaa presidentin vastaanoton merkeiss\u00e4. P\u00f6yd\u00e4lle h\u00e4n on asettanut sinisen ja valkoisen kynttil\u00e4n.<\/p>\n<p><span style=\"color: #000000;\">Oikein mukava perinne t\u00e4m\u00e4kin. Mink\u00e4h\u00e4nlainen Jenni-rouvan asu on t\u00e4n\u00e4 vuonna? Kyll\u00e4 kauniit asut ja huolitellut vieraat hivelev\u00e4t vanhankin miehen silm\u00e4\u00e4.<\/span><\/p>\n<figure id=\"attachment_8042\" aria-describedby=\"caption-attachment-8042\" style=\"width: 501px\" class=\"wp-caption aligncenter\"><a style=\"color: #000000;\" href=\"http:\/\/kinanen.fi\/wordpress\/wp-content\/uploads\/2014\/10\/itsen\u00e4isyys.png\"><img loading=\"lazy\" decoding=\"async\" class=\" wp-image-8042\" src=\"http:\/\/kinanen.fi\/wordpress\/wp-content\/uploads\/2014\/10\/itsen\u00e4isyys.png\" alt=\"Valmistautumista illan vastaanottoon\" width=\"501\" height=\"329\" \/><\/a><figcaption id=\"caption-attachment-8042\" class=\"wp-caption-text\"><\/span> <span style=\"color: #000000;\">Valmistautumista illan vastaanottoon<\/span><\/figcaption><\/figure>\n<p><span style=\"color: #000000;\">\u00a0<\/span>Hyv\u00e4\u00e4 Itsen\u00e4isyysp\u00e4iv\u00e4\u00e4!<\/p>\n","protected":false},"excerpt":{"rendered":"<p>T\u00e4n\u00e4\u00e4n vietet\u00e4\u00e4n Itsen\u00e4isyysp\u00e4iv\u00e4\u00e4. Eevert on ottanut Suomen lipun esille jo illalla ja p\u00e4\u00e4tt\u00e4\u00e4 aloittaa p\u00e4iv\u00e4n nostamalla lipun salkoon. \u00a0On se vain aina niin komean n\u00e4k\u00f6ist\u00e4 kun lippu liehuu hiljalleen tullessa. V\u00e4hitellen kyl\u00e4n muihinkin salkoihin nousevat liput. \u00a0T\u00e4t\u00e4 p\u00e4iv\u00e4\u00e4 juhlitaan monin paikoin perinteisin menoin. Helsingiss\u00e4 T\u00e4htitorninm\u00e4ell\u00e4 j\u00e4rjestet\u00e4\u00e4n aamulla lipunnosto, jossa pidet\u00e4\u00e4n puheita ja esitet\u00e4\u00e4n kuorolaulua. Itsen\u00e4isyysp\u00e4iv\u00e4n [&hellip;]<\/p>\n","protected":false},"author":1,"featured_media":0,"comment_status":"open","ping_status":"open","sticky":false,"template":"","format":"standard","meta":{"footnotes":""},"categories":[],"tags":[],"class_list":["post-8036","post","type-post","status-publish","format-standard","hentry"],"_links":{"self":[{"href":"https:\/\/www.kinanen.fi\/nukkekoti\/wp-json\/wp\/v2\/posts\/8036","targetHints":{"allow":["GET"]}}],"collection":[{"href":"https:\/\/www.kinanen.fi\/nukkekoti\/wp-json\/wp\/v2\/posts"}],"about":[{"href":"https:\/\/www.kinanen.fi\/nukkekoti\/wp-json\/wp\/v2\/types\/post"}],"author":[{"embeddable":true,"href":"https:\/\/www.kinanen.fi\/nukkekoti\/wp-json\/wp\/v2\/users\/1"}],"replies":[{"embeddable":true,"href":"https:\/\/www.kinanen.fi\/nukkekoti\/wp-json\/wp\/v2\/comments?post=8036"}],"version-history":[{"count":7,"href":"https:\/\/www.kinanen.fi\/nukkekoti\/wp-json\/wp\/v2\/posts\/8036\/revisions"}],"predecessor-version":[{"id":8474,"href":"https:\/\/www.kinanen.fi\/nukkekoti\/wp-json\/wp\/v2\/posts\/8036\/revisions\/8474"}],"wp:attachment":[{"href":"https:\/\/www.kinanen.fi\/nukkekoti\/wp-json\/wp\/v2\/media?parent=8036"}],"wp:term":[{"taxonomy":"category","embeddable":true,"href":"https:\/\/www.kinanen.fi\/nukkekoti\/wp-json\/wp\/v2\/categories?post=8036"},{"taxonomy":"post_tag","embeddable":true,"href":"https:\/\/www.kinanen.fi\/nukkekoti\/wp-json\/wp\/v2\/tags?post=8036"}],"curies":[{"name":"wp","href":"https:\/\/api.w.org\/{rel}","templated":true}]}}