{"id":8046,"date":"2014-12-07T00:30:22","date_gmt":"2014-12-06T22:30:22","guid":{"rendered":"http:\/\/kinanen.fi\/wordpress\/?p=8046"},"modified":"2014-12-28T13:39:49","modified_gmt":"2014-12-28T11:39:49","slug":"toinen-adventti","status":"publish","type":"post","link":"https:\/\/www.kinanen.fi\/nukkekoti\/toinen-adventti\/","title":{"rendered":"Toinen Adventti"},"content":{"rendered":"<p><span style=\"color: #000000;\">Suntio her\u00e4\u00e4 varhain ja p\u00e4\u00e4tt\u00e4\u00e4 ottaa aamukahvit termospulloon mukaan Kappelille. Ensin paikat kuntoon ja sen per\u00e4\u00e4n on hetki aikaa nauttia kupponen vahvaa kahvia. Ajoittain Suntio ottaa kahvit mukaan ja nautiskelee hiljaisesta hetkest\u00e4 ennen vieraiden tuloa. Siin\u00e4 on jotakin omalla tavallaan juhlallista. Olla valmiina ja vain odottaa rauhassa.\u00a0<\/span><\/p>\n<figure id=\"attachment_8053\" aria-describedby=\"caption-attachment-8053\" style=\"width: 458px\" class=\"wp-caption aligncenter\"><a style=\"color: #000000;\" href=\"http:\/\/kinanen.fi\/wordpress\/wp-content\/uploads\/2014\/10\/IMG_2620.jpg\"><img fetchpriority=\"high\" decoding=\"async\" class=\" wp-image-8053\" src=\"http:\/\/kinanen.fi\/wordpress\/wp-content\/uploads\/2014\/10\/IMG_2620.jpg\" alt=\"Suntion p\u00f6yd\u00e4ll\u00e4 termospullo\" width=\"458\" height=\"545\" \/><\/a><figcaption id=\"caption-attachment-8053\" class=\"wp-caption-text\"><\/span> <span style=\"color: #000000;\">Suntion p\u00f6yd\u00e4ll\u00e4 termospullo<\/span><\/figcaption><\/figure>\n<p><span style=\"color: #000000;\">Eip\u00e4 aikaakaan kun kuusi on saanut oksilleen ensimm\u00e4iset koristeet. Suntio nauttii hiljaisesti saadessan koristella isoa kuusta. Miten se voikin tuntua niin hyv\u00e4lt\u00e4 joka vuosi! Vanha h\u00f6pp\u00e4n\u00e4h\u00e4n min\u00e4 jo olen, naureskeli mies \u00e4\u00e4neen. Sanovat, ett\u00e4 ihminen tulee lapseksi uudelleen vanhetessaan. Jos se n\u00e4in mukavaa on niin, sopii hyvin. V\u00e4hitellen jokunen kuusenpallo l\u00f6yt\u00e4\u00e4 paikkansa oksilta.<\/span><\/p>\n<figure id=\"attachment_8047\" aria-describedby=\"caption-attachment-8047\" style=\"width: 427px\" class=\"wp-caption aligncenter\"><a style=\"color: #000000;\" href=\"http:\/\/kinanen.fi\/wordpress\/wp-content\/uploads\/2014\/10\/IMG_2583.jpg\"><img decoding=\"async\" class=\"wp-image-8047 size-full\" src=\"http:\/\/kinanen.fi\/wordpress\/wp-content\/uploads\/2014\/10\/IMG_2583.jpg\" alt=\"IMG_2583\" width=\"427\" height=\"640\" \/><\/a><figcaption id=\"caption-attachment-8047\" class=\"wp-caption-text\"><\/span> <span style=\"color: #000000;\">Ensimm\u00e4iset pallot kuusessa<\/span><\/figcaption><\/figure>\n<p><span style=\"color: #000000;\">\u00a0<\/span>Suntion askareet on pian tehty. Pieness\u00e4 Kappelissa harvoin on isoja t\u00f6it\u00e4 olemassakaan. Niinp\u00e4 h\u00e4n istahtaa takapenkkiin ja kaataa\u00a0termoksesta kahvit itselleen. Viel\u00e4 on hyvin aikaa.<\/p>\n<p><span style=\"color: #000000;\">Kahvit juotuaan h\u00e4n sytytt\u00e4\u00e4 ovelle lyhdyn. Siit\u00e4 tulijat n\u00e4kev\u00e4t, ett\u00e4 kaikki on valmista. Pian \u00e4\u00e4ni\u00e4 jo kuuluukin m\u00e4en alta. T\u00e4st\u00e4 se taas k\u00e4ynnistyy \u2013 toinen adventti.<\/span><\/p>\n<figure id=\"attachment_8052\" aria-describedby=\"caption-attachment-8052\" style=\"width: 427px\" class=\"wp-caption aligncenter\"><a style=\"color: #000000;\" href=\"http:\/\/kinanen.fi\/wordpress\/wp-content\/uploads\/2014\/10\/IMG_2616.jpg\"><img decoding=\"async\" class=\"size-full wp-image-8052\" src=\"http:\/\/kinanen.fi\/wordpress\/wp-content\/uploads\/2014\/10\/IMG_2616.jpg\" alt=\"Lyhty\" width=\"427\" height=\"640\" \/><\/a><figcaption id=\"caption-attachment-8052\" class=\"wp-caption-text\"><\/span> <span style=\"color: #000000;\">Lyhty<\/span><\/figcaption><\/figure>\n<p><span style=\"color: #000000;\">\u00a0<\/span>Kappelin kynttelik\u00f6\u00f6n on sytytetty\u00a0t\u00e4n\u00e4\u00e4n kaksi kynttil\u00e4\u00e4. Niihin kiinnitet\u00e4\u00e4n erityist\u00e4 huomiota.<\/p>\n<p><span style=\"color: #000000;\">Toisena syttyv\u00e4 adventtikynttil\u00e4 on rauhan kynttil\u00e4. Maailma kaipaa rauhaa. Sotia, vihamielisyytt\u00e4 ja sortoa on monessa eri maailman kolkassa. L\u00e4hemp\u00e4n\u00e4 voimme kohdata kiusaamista tai ulkopuolelle j\u00e4tt\u00e4mist\u00e4, mit\u00e4 moninaisimmista syist\u00e4. Ihminen ja kansakunnat on luotu el\u00e4m\u00e4\u00e4n yhdess\u00e4, sovussa ja rauhassa kaikkien kanssa. Se on vaan v\u00e4lill\u00e4 niin vaikeaa.<\/span><\/p>\n<p><span style=\"color: #000000;\">Sytytt\u00e4ess\u00e4mme toisen kynttil\u00e4n rukoilemme rauhaa maailmaan ja v\u00e4kivalan sek\u00e4 kiusaamisen loppumista.<\/span><\/p>\n<p><span style=\"color: #000000;\">Adventtikynttil\u00e4n\u00e4 rauha tarkoittaa my\u00f6s\u00a0omaa sis\u00e4ist\u00e4 rauhaa ja rauhoittumista, valmistautuessamme joulun viettoon. N\u00e4in se on levottomuuden vastakohta. Lopetetaan riidat, haukkumiset ja nimittelyt ja tehd\u00e4\u00e4n sovinto. Elet\u00e4\u00e4n rauhassa toistemme kanssa.\u00a0<\/span><\/p>\n<figure id=\"attachment_8048\" aria-describedby=\"caption-attachment-8048\" style=\"width: 497px\" class=\"wp-caption aligncenter\"><a style=\"color: #000000;\" href=\"http:\/\/kinanen.fi\/wordpress\/wp-content\/uploads\/2014\/10\/IMG_2589.jpg\"><img loading=\"lazy\" decoding=\"async\" class=\" wp-image-8048\" src=\"http:\/\/kinanen.fi\/wordpress\/wp-content\/uploads\/2014\/10\/IMG_2589.jpg\" alt=\"Kaksi kynttil\u00e4\u00e4\" width=\"497\" height=\"528\" \/><\/a><figcaption id=\"caption-attachment-8048\" class=\"wp-caption-text\"><\/span> <span style=\"color: #000000;\">Kaksi kynttil\u00e4\u00e4<\/span><\/figcaption><\/figure>\n<p><span style=\"color: #000000;\">\u00a0<\/span>Rauhan ja sovinnon kynttil\u00e4n merkitys j\u00e4\u00e4 mietitytt\u00e4m\u00e4\u00e4n montaa kappelivierasta. Aina ei ole helppoa olla kaveri toiselle tai huomioida muut silloin kun oikein kovasti tarvitsisi jotakin itselleen.<\/p>\n<p><span style=\"color: #000000;\">Kappelissa kajahtaa viel\u00e4 komeasti p\u00e4\u00e4t\u00f6svirsi ja v\u00e4ki v\u00e4hitellen siirtyy pihamaalle. Pihalle Suntio on sytytt\u00e4nyt rakovalkean jonka \u00e4\u00e4reen kyl\u00e4l\u00e4iset j\u00e4\u00e4v\u00e4t vaihtamaan kuulumisia ja juomaan kuumaa mehua.\u00a0Eevert ja naapurin is\u00e4nt\u00e4 toivat puut jokin aika sitten ja laativat asianmukaisen rakovalkean odottamaan seuraavaa juhlap\u00e4iv\u00e4\u00e4.\u00a0<\/span><\/p>\n<figure id=\"attachment_8050\" aria-describedby=\"caption-attachment-8050\" style=\"width: 498px\" class=\"wp-caption aligncenter\"><a style=\"color: #000000;\" href=\"http:\/\/kinanen.fi\/wordpress\/wp-content\/uploads\/2014\/10\/IMG_2607.jpg\"><img loading=\"lazy\" decoding=\"async\" class=\" wp-image-8050\" src=\"http:\/\/kinanen.fi\/wordpress\/wp-content\/uploads\/2014\/10\/IMG_2607.jpg\" alt=\"Rakovalkea\" width=\"498\" height=\"532\" \/><\/a><figcaption id=\"caption-attachment-8050\" class=\"wp-caption-text\"><\/span> <span style=\"color: #000000;\">Rakovalkea<\/span><\/figcaption><\/figure>\n<p><span style=\"color: #000000;\">\u00a0<\/span>Kirkonm\u00e4et ovat kautta aikojen olleet kokoontumiselle ja yhdess\u00e4 olemiselle luonnollisia paikkoja.<\/p>\n<p><span style=\"color: #000000;\">Suntio siirtyy et\u00e4\u00e4mm\u00e4lle ja huomaa kuinka hyv\u00e4lt\u00e4 kaikki n\u00e4ytt\u00e4\u00e4. Pieni kirkas onnenkyynel vier\u00e4ht\u00e4\u00e4 poskelle. Huomaamattomasti h\u00e4n pyyhk\u00e4isee sen pois ja siirtyy sis\u00e4lle j\u00e4rjestelem\u00e4\u00e4n kappelihetken j\u00e4lkeen taas kaikki paikoilleen.<\/span><\/p>\n<p><span style=\"color: #000000;\">V\u00e4ki viihtyy tulilla pitk\u00e4\u00e4n ja jostakin on loppuhiillokselle l\u00f6ytynyt k\u00e4ristemakkaroitakin. Suntiokin saa yhden k\u00e4teens\u00e4 saatuaan kappelin j\u00e4rjestetty\u00e4. Suntion termospullossa on viel\u00e4 monta kupillista vahvaa kahvia jaettavaksi.<\/span><\/p>\n<p><span style=\"color: #000000;\">Hautausmaalle moni on sytytt\u00e4nyt kynttil\u00f6it\u00e4 l\u00e4heisten haudoille.\u00a0<\/span><\/p>\n<figure id=\"attachment_8049\" aria-describedby=\"caption-attachment-8049\" style=\"width: 427px\" class=\"wp-caption aligncenter\"><a style=\"color: #000000;\" href=\"http:\/\/kinanen.fi\/wordpress\/wp-content\/uploads\/2014\/10\/IMG_2591.jpg\"><img loading=\"lazy\" decoding=\"async\" class=\"size-full wp-image-8049\" src=\"http:\/\/kinanen.fi\/wordpress\/wp-content\/uploads\/2014\/10\/IMG_2591.jpg\" alt=\"Hautakynttil\u00e4\" width=\"427\" height=\"640\" \/><\/a><figcaption id=\"caption-attachment-8049\" class=\"wp-caption-text\"><\/span> <span style=\"color: #000000;\">Hautakynttil\u00e4<\/span><\/figcaption><\/figure>\n<p><span style=\"color: #000000;\">\u00a0<\/span>Toinen Adventti tuo rauhan. Hiljasen rauhan, jonka mukana on hyv\u00e4 jatkaa el\u00e4m\u00e4\u00e4 eteenp\u00e4in.<\/p>\n","protected":false},"excerpt":{"rendered":"<p>Suntio her\u00e4\u00e4 varhain ja p\u00e4\u00e4tt\u00e4\u00e4 ottaa aamukahvit termospulloon mukaan Kappelille. Ensin paikat kuntoon ja sen per\u00e4\u00e4n on hetki aikaa nauttia kupponen vahvaa kahvia. Ajoittain Suntio ottaa kahvit mukaan ja nautiskelee hiljaisesta hetkest\u00e4 ennen vieraiden tuloa. Siin\u00e4 on jotakin omalla tavallaan juhlallista. Olla valmiina ja vain odottaa rauhassa.\u00a0 Eip\u00e4 aikaakaan kun kuusi on saanut oksilleen ensimm\u00e4iset [&hellip;]<\/p>\n","protected":false},"author":1,"featured_media":0,"comment_status":"open","ping_status":"open","sticky":false,"template":"","format":"standard","meta":{"footnotes":""},"categories":[],"tags":[],"class_list":["post-8046","post","type-post","status-publish","format-standard","hentry"],"_links":{"self":[{"href":"https:\/\/www.kinanen.fi\/nukkekoti\/wp-json\/wp\/v2\/posts\/8046","targetHints":{"allow":["GET"]}}],"collection":[{"href":"https:\/\/www.kinanen.fi\/nukkekoti\/wp-json\/wp\/v2\/posts"}],"about":[{"href":"https:\/\/www.kinanen.fi\/nukkekoti\/wp-json\/wp\/v2\/types\/post"}],"author":[{"embeddable":true,"href":"https:\/\/www.kinanen.fi\/nukkekoti\/wp-json\/wp\/v2\/users\/1"}],"replies":[{"embeddable":true,"href":"https:\/\/www.kinanen.fi\/nukkekoti\/wp-json\/wp\/v2\/comments?post=8046"}],"version-history":[{"count":7,"href":"https:\/\/www.kinanen.fi\/nukkekoti\/wp-json\/wp\/v2\/posts\/8046\/revisions"}],"predecessor-version":[{"id":8457,"href":"https:\/\/www.kinanen.fi\/nukkekoti\/wp-json\/wp\/v2\/posts\/8046\/revisions\/8457"}],"wp:attachment":[{"href":"https:\/\/www.kinanen.fi\/nukkekoti\/wp-json\/wp\/v2\/media?parent=8046"}],"wp:term":[{"taxonomy":"category","embeddable":true,"href":"https:\/\/www.kinanen.fi\/nukkekoti\/wp-json\/wp\/v2\/categories?post=8046"},{"taxonomy":"post_tag","embeddable":true,"href":"https:\/\/www.kinanen.fi\/nukkekoti\/wp-json\/wp\/v2\/tags?post=8046"}],"curies":[{"name":"wp","href":"https:\/\/api.w.org\/{rel}","templated":true}]}}