{"id":8058,"date":"2014-12-09T00:30:20","date_gmt":"2014-12-08T22:30:20","guid":{"rendered":"http:\/\/kinanen.fi\/wordpress\/?p=8058"},"modified":"2014-12-28T13:58:07","modified_gmt":"2014-12-28T11:58:07","slug":"9-12","status":"publish","type":"post","link":"https:\/\/www.kinanen.fi\/nukkekoti\/9-12\/","title":{"rendered":"9.12."},"content":{"rendered":"<p><span style=\"color: #000000;\">Aamukahvia joudessaan Eevert on avannut taustalle radion. Jouluradio soittaa tuttuja ja tuntemattomia joululauluja. Moniin niist\u00e4 Eevert yhtyy ja keitt\u00f6ss\u00e4 aamutoimien lomassa on varsinainen kuorolaulu. Lauluun osallistuu my\u00f6s Tenho-koira joka ei ihan vakuuttunut ole Eevertin laulunlahjoista.<\/span><\/p>\n<p><span style=\"color: #000000;\">Vaan sill\u00e4h\u00e4n ei ole mit\u00e4\u00e4n tekemist\u00e4 sen kanssa, ett\u00e4 laulamisesta saa nauttia jokainen omalla \u00e4\u00e4nell\u00e4\u00e4n. Monet joululaulut ovat tuttuja jo lapsuudesta ja niit\u00e4 tulee rallateltua joskus muulloinkin kuin jouluna.\u00a0<\/span><\/p>\n<figure id=\"attachment_8356\" aria-describedby=\"caption-attachment-8356\" style=\"width: 244px\" class=\"wp-caption aligncenter\"><a style=\"color: #000000;\" href=\"http:\/\/www.jouluradio.fi\" target=\"_blank\"><img decoding=\"async\" class=\"size-full wp-image-8356\" src=\"http:\/\/kinanen.fi\/wordpress\/wp-content\/uploads\/2014\/12\/Jouluradio_rgb_transparent.png\" alt=\"Jouluradio\" width=\"244\" height=\"186\" \/><\/a><figcaption id=\"caption-attachment-8356\" class=\"wp-caption-text\"><\/span> <span style=\"color: #000000;\">Jouluradio<\/span><\/figcaption><\/figure>\n<p><span style=\"color: #000000;\">\u00a0<\/span>\u00a0Klikkaa Eevertin jouluradiokuvaa niin p\u00e4\u00e4set keitti\u00f6n tunnelmiin. Aamutoimet sujuvat kuin huomaamatta radion s\u00e4velien tahdissa. Ulkoa kuuluu vienoa kolinaa. On tainnut hevonen p\u00e4\u00e4st\u00e4 aamu-ulkoiluun pellon takana ja siell\u00e4 nyt ravistelee kaura\u00e4mp\u00e4ri\u00e4\u00e4n.<\/p>\n<p><span style=\"color: #000000;\">Naapurin is\u00e4nn\u00e4n hevonen viritt\u00e4\u00e4 l\u00e4hes joka kerran laulutunnelmiin. Hevosen valjastuksesta alkaen. L\u00e4ngiss\u00e4 on kulkusia. Talvella enemm\u00e4n ja kes\u00e4ll\u00e4 v\u00e4hemm\u00e4n. Aina ne kuitenkin iloisesti kilkkaavat kun hevonen on liikkeell\u00e4. Ja Eevertist\u00e4 tuntuu, ett\u00e4 satavarmasti silloin v\u00e4hint\u00e4\u00e4n p\u00e4\u00e4n sis\u00e4lt\u00e4 pukkaa laulua pintaan. Arvaatko mik\u00e4?<\/span><\/p>\n<p>https:\/\/www.youtube.com\/watch?v=bI07aJTuBWQ<\/p>\n<p>Eevert tosin muistaa siit\u00e4 monta muutakin s\u00e4keist\u00f6\u00e4 kuin mit\u00e4 yleens\u00e4 lauletaan tai radiosta soitetaan.<\/p>\n<p><span style=\"color: #000000;\">Kello l\u00f6i jo viisi, lapset, her\u00e4tk\u00e4\u00e4, Juhani ja Liisi \u2013muuten matka j\u00e4\u00e4!<\/span><\/p>\n<p><span style=\"color: #000000;\">T\u00e4ss\u00e4 vesimalja, silm\u00e4t huuhtokaa! L\u00e4mmin karhuntalja reess\u00e4 odottaa.<\/span><\/p>\n<p><span style=\"color: #000000;\">Joutuin turkit niskaan, kintaat k\u00e4sihin! Sanna viel\u00e4 viskaa villahuivinkin.<\/span><\/p>\n<p><span style=\"color: #000000;\">Vasta ruunan reess\u00e4 silm\u00e4t aukeaa \u2013 siin\u2019 on silm\u00e4in eess\u00e4 synkk\u00e4 mets\u00e4maa.<\/span><\/p>\n<p><span style=\"color: #000000;\">Aisakello helkk\u00e4\u00e4, loistaa t\u00e4hdet, kuu. Riemua on pelkk\u00e4\u00e4, hymyyn k\u00e4ypi suu.<\/span><\/p>\n<p><span style=\"color: #000000;\">Tuossa m\u00f6kin Miina kulkee kirkollen, Taavetti ja Tiina, nouskaa kannoillen!<\/span><\/p>\n<p><span style=\"color: #000000;\">M\u00e4enrinteen alla talo t\u00f6r\u00f6tt\u00e4\u00e4, joka ikkunalla kaksi kynttil\u00e4\u00e4.<\/span><\/p>\n<p><span style=\"color: #000000;\"><strong>Ruuna virsta viel\u00e4 tepsuttele pois! \u2013\u00a0<\/strong><strong>T\u00e4ll\u00e4 kirkkotiell\u00e4 aina olla vois.<\/strong><\/span><\/p>\n<p><span style=\"color: #000000;\">Riemuhuuto l\u00e4hti lasten huulilta: Juurkuin joulut\u00e4hti, kirkko kummulla!<\/span><\/p>\n<p><span style=\"color: #000000;\">Sis\u00e4ll\u00e4p\u00e4 vasta silm\u00e4t huikenee, t\u00e4nne taivahasta Korkein katselee.<\/span><\/p>\n<p><span style=\"color: #000000;\">Saivat paikan oman pitk\u00e4\u00e4n penkkihin, sytyttiv\u00e4t soman haarakynttelin.<\/span><\/p>\n<p><span style=\"color: #000000;\">I\u00e4ks muistiin j\u00e4\u00e4net \u2013 niin ei kaunista, kuin on urkuin \u00e4\u00e4net jouluaamuna.<\/span><\/p>\n<p><span style=\"color: #000000;\">Luulee kuulevansa \u00e4\u00e4net enkelten, luulee leijaavansa sinne seimellen.<\/span><\/p>\n<p><span style=\"color: #000000;\">Soipi virret viel\u00e4 kulkiessa pois. Sill\u00e4 kirkkotiell\u00e4 aina olla sois.<\/span><\/p>\n<p><span style=\"color: #000000;\"><em>Immi Helle\u00b4n<\/em><\/span><\/p>\n<p><span style=\"color: #000000;\">\u00a0<\/span>Aamurallatusten j\u00e4lkeen Eevert p\u00e4\u00e4tt\u00e4\u00e4 vied\u00e4 naapurin hevoselle kuivuneet leip\u00e4palat. Siit\u00e4 se pit\u00e4\u00e4 ja mies onkin mieluinen vierailija naapurissa. Jo kaukaa hevonen tervehtii tiet\u00e4en, ett\u00e4 Eevertill\u00e4 on aina jotakin taskunpohjalla.<\/p>\n<figure id=\"attachment_8063\" aria-describedby=\"caption-attachment-8063\" style=\"width: 424px\" class=\"wp-caption aligncenter\"><a style=\"color: #000000;\" href=\"http:\/\/kinanen.fi\/wordpress\/wp-content\/uploads\/2014\/12\/IMG_2622.jpg\"><img fetchpriority=\"high\" decoding=\"async\" class=\" wp-image-8063\" src=\"http:\/\/kinanen.fi\/wordpress\/wp-content\/uploads\/2014\/12\/IMG_2622.jpg\" alt=\"Hevoshaka\" width=\"424\" height=\"636\" \/><\/a><figcaption id=\"caption-attachment-8063\" class=\"wp-caption-text\"><\/span> <span style=\"color: #000000;\">Hevoshaka<\/span><\/figcaption><\/figure>\n<p><span style=\"color: #000000;\">\u00a0<\/span>Eik\u00e4 t\u00e4ll\u00e4k\u00e4\u00e4n kertaa hirnahdus ollut olenkaan turha. Pari maukasta reik\u00e4leip\u00e4\u00e4\u00a0on Eevertill\u00e4 mukana \u00a0ja siit\u00e4 h\u00e4n pilkkoo el\u00e4inyst\u00e4v\u00e4lleen palasia. Hyvin tuntuu maistuvan.<\/p>\n<figure id=\"attachment_8353\" aria-describedby=\"caption-attachment-8353\" style=\"width: 502px\" class=\"wp-caption aligncenter\"><a style=\"color: #000000;\" href=\"http:\/\/kinanen.fi\/wordpress\/wp-content\/uploads\/2014\/12\/IMG_26271.jpg\"><img decoding=\"async\" class=\" wp-image-8353\" src=\"http:\/\/kinanen.fi\/wordpress\/wp-content\/uploads\/2014\/12\/IMG_26271.jpg\" alt=\"Leip\u00e4\" width=\"502\" height=\"441\" \/><\/a><figcaption id=\"caption-attachment-8353\" class=\"wp-caption-text\"><\/span> <span style=\"color: #000000;\">Leip\u00e4<\/span><\/figcaption><\/figure>\n<p><span style=\"color: #000000;\">\u00a0<\/span>Aitauksella seisoskellessaan saapastelee is\u00e4nt\u00e4 paikalle. \u00a0Naapurin is\u00e4nn\u00e4n kanssa tulee jorinoitua asia jos toinenkin hevoshaan tuntumassa. \u00a0Monet kyl\u00e4l\u00e4isi\u00e4 ihastuttavat yll\u00e4tykset ovat t\u00e4m\u00e4n kaksikon aivoituksista per\u00e4isin. Mit\u00e4h\u00e4n he siell\u00e4 supattelevat?<\/p>\n<figure id=\"attachment_8066\" aria-describedby=\"caption-attachment-8066\" style=\"width: 507px\" class=\"wp-caption aligncenter\"><a style=\"color: #000000;\" href=\"http:\/\/kinanen.fi\/wordpress\/wp-content\/uploads\/2014\/12\/IMG_2634.jpg\"><img loading=\"lazy\" decoding=\"async\" class=\" wp-image-8066\" src=\"http:\/\/kinanen.fi\/wordpress\/wp-content\/uploads\/2014\/12\/IMG_2634.jpg\" alt=\"Parivaljakko\" width=\"507\" height=\"572\" \/><\/a><figcaption id=\"caption-attachment-8066\" class=\"wp-caption-text\"><\/span> <span style=\"color: #000000;\">Parivaljakko<\/span><\/figcaption><\/figure>\n<p><span style=\"color: #000000;\">\u00a0<\/span>Miehet n\u00e4ytt\u00e4v\u00e4t oikein innostuneilta. Viittoilevat puhuessaan sinne t\u00e4nne, niin ett\u00e4 Eevertin toinen leip\u00e4 meinaa humahtaa hankeen kokonaan. Viimein asiat tulevat selviksi ja Eevert ojentaa k\u00e4dess\u00e4\u00e4n olevan leiv\u00e4n is\u00e4nn\u00e4lle. Antaa sitten hevoselle my\u00f6hemmin. Johan tuo yhden taisi mutustella keskustelun lomassa.<\/p>\n<p><span style=\"color: #000000;\">Onnellinen hymy huulillaan Eevert palaa naapurista ja suuntaa suoraan verstaalle. Sielt\u00e4 alkaa kuulumaan naulausta ja naputusta joka kest\u00e4\u00e4 kokop\u00e4iv\u00e4n.<\/span><\/p>\n<p><span style=\"color: #000000;\">Mit\u00e4 kummaa siell\u00e4 tapahtuu?<\/span><\/p>\n","protected":false},"excerpt":{"rendered":"<p>Aamukahvia joudessaan Eevert on avannut taustalle radion. Jouluradio soittaa tuttuja ja tuntemattomia joululauluja. Moniin niist\u00e4 Eevert yhtyy ja keitt\u00f6ss\u00e4 aamutoimien lomassa on varsinainen kuorolaulu. Lauluun osallistuu my\u00f6s Tenho-koira joka ei ihan vakuuttunut ole Eevertin laulunlahjoista. Vaan sill\u00e4h\u00e4n ei ole mit\u00e4\u00e4n tekemist\u00e4 sen kanssa, ett\u00e4 laulamisesta saa nauttia jokainen omalla \u00e4\u00e4nell\u00e4\u00e4n. Monet joululaulut ovat tuttuja jo [&hellip;]<\/p>\n","protected":false},"author":1,"featured_media":0,"comment_status":"open","ping_status":"open","sticky":false,"template":"","format":"standard","meta":{"footnotes":""},"categories":[],"tags":[],"class_list":["post-8058","post","type-post","status-publish","format-standard","hentry"],"_links":{"self":[{"href":"https:\/\/www.kinanen.fi\/nukkekoti\/wp-json\/wp\/v2\/posts\/8058","targetHints":{"allow":["GET"]}}],"collection":[{"href":"https:\/\/www.kinanen.fi\/nukkekoti\/wp-json\/wp\/v2\/posts"}],"about":[{"href":"https:\/\/www.kinanen.fi\/nukkekoti\/wp-json\/wp\/v2\/types\/post"}],"author":[{"embeddable":true,"href":"https:\/\/www.kinanen.fi\/nukkekoti\/wp-json\/wp\/v2\/users\/1"}],"replies":[{"embeddable":true,"href":"https:\/\/www.kinanen.fi\/nukkekoti\/wp-json\/wp\/v2\/comments?post=8058"}],"version-history":[{"count":8,"href":"https:\/\/www.kinanen.fi\/nukkekoti\/wp-json\/wp\/v2\/posts\/8058\/revisions"}],"predecessor-version":[{"id":8472,"href":"https:\/\/www.kinanen.fi\/nukkekoti\/wp-json\/wp\/v2\/posts\/8058\/revisions\/8472"}],"wp:attachment":[{"href":"https:\/\/www.kinanen.fi\/nukkekoti\/wp-json\/wp\/v2\/media?parent=8058"}],"wp:term":[{"taxonomy":"category","embeddable":true,"href":"https:\/\/www.kinanen.fi\/nukkekoti\/wp-json\/wp\/v2\/categories?post=8058"},{"taxonomy":"post_tag","embeddable":true,"href":"https:\/\/www.kinanen.fi\/nukkekoti\/wp-json\/wp\/v2\/tags?post=8058"}],"curies":[{"name":"wp","href":"https:\/\/api.w.org\/{rel}","templated":true}]}}