{"id":807,"date":"2010-04-17T10:41:02","date_gmt":"2010-04-17T07:41:02","guid":{"rendered":"http:\/\/kinanen.fi\/wordpress\/?p=807"},"modified":"2010-04-17T15:07:38","modified_gmt":"2010-04-17T12:07:38","slug":"valo-keittioon","status":"publish","type":"post","link":"https:\/\/www.kinanen.fi\/nukkekoti\/valo-keittioon\/","title":{"rendered":"Valo keitti\u00f6\u00f6n"},"content":{"rendered":"<p>Talo on ollut vaiheessa valaistuksen suhteen. Jokaisessa tilassa ei ole viel\u00e4 ensimm\u00e4ist\u00e4k\u00e4\u00e4n valon l\u00e4hdett\u00e4. Asiaa korjattiin pikimiten sopivien tarvikkeiden ilmaantuessa n\u00e4k\u00f6piiriin.<\/p>\n<p style=\"text-align: left;\">Taannoisen t\u00e4tiklupin riehakkaasta illanvietosta j\u00e4i j\u00e4lkeen my\u00f6s jokunen paketillinen p\u00e4\u00e4si\u00e4ismunakennoja. Taltioin my\u00f6hemp\u00e4\u00e4 tarvetta varten niist\u00e4kin rasian. P\u00e4ivien kuluessa yh\u00e4 selvemmin n\u00e4in siin\u00e4 keitti\u00f6n lampunvarjostimen, joten ei kun t\u00f6ihin&#8230;<\/p>\n<figure id=\"attachment_808\" aria-describedby=\"caption-attachment-808\" style=\"width: 300px\" class=\"wp-caption aligncenter\"><a href=\"http:\/\/kinanen.fi\/wordpress\/wp-content\/uploads\/2010\/04\/Keitti\u00f6n-valo_tarvikkeet.jpg\"><img fetchpriority=\"high\" decoding=\"async\" class=\"size-medium wp-image-808 \" title=\"Keitti\u00f6n valo_tarvikkeet\" src=\"http:\/\/kinanen.fi\/wordpress\/wp-content\/uploads\/2010\/04\/Keitti\u00f6n-valo_tarvikkeet-300x225.jpg\" alt=\"Keitti\u00f6n valaisimen tarvikkeet\" width=\"300\" height=\"225\" \/><\/a><figcaption id=\"caption-attachment-808\" class=\"wp-caption-text\">Keitti\u00f6n valaisimen tarvikkeet<\/figcaption><\/figure>\n<p style=\"text-align: left;\">.<\/p>\n<p style=\"text-align: left;\">Lis\u00e4ksi tarvittiin p\u00e4tk\u00e4 nailonnarua, servetti lapsen lakkiaisista, decoupage-lakkaa ja himpan liimaa sek\u00e4 itse valo.<\/p>\n<p style=\"text-align: left;\">Valaisin syntyi kahdesta munakennosta yhdist\u00e4m\u00e4ll\u00e4 ja liimaamalla ne yhteen. P\u00e4\u00e4lle siivuina useampi kerros servetti\u00e4. Annoin kerrosten v\u00e4lill\u00e4 kuivua. Ohut servetti yhdistettyn\u00e4 sormiin ja lakkaan vaati runsaasti k\u00e4sienpesua ty\u00f6skentelyn v\u00e4liss\u00e4. Lakka tuntuu olevan hyvin tarttuvaa varsinkin silloin kun yritt\u00e4\u00e4 v\u00e4ltt\u00e4\u00e4 sit\u00e4. Varsinainen tahmatassuty\u00f6skentely!<\/p>\n<p style=\"text-align: center;\">\n<figure id=\"attachment_809\" aria-describedby=\"caption-attachment-809\" style=\"width: 300px\" class=\"wp-caption aligncenter\"><a href=\"http:\/\/kinanen.fi\/wordpress\/wp-content\/uploads\/2010\/04\/Keitti\u00f6n-valo.jpg\"><img decoding=\"async\" class=\"size-medium wp-image-809 \" title=\"Keitti\u00f6n valo\" src=\"http:\/\/kinanen.fi\/wordpress\/wp-content\/uploads\/2010\/04\/Keitti\u00f6n-valo-300x225.jpg\" alt=\"Valaisin\" width=\"300\" height=\"225\" \/><\/a><figcaption id=\"caption-attachment-809\" class=\"wp-caption-text\">Keitti\u00f6n valaisin asennettuna<\/figcaption><\/figure>\n<p style=\"text-align: left;\">.<\/p>\n<p style=\"text-align: left;\">Reunaan liimasin ohuen narun kehyst\u00e4m\u00e4\u00e4n alaosaa. Lamppu sis\u00e4lle ja asennus paikoilleen. Illantullen valo heijastaa kauniisti servetin hennot kuviot pintaan.<\/p>\n<p style=\"text-align: center;\">\n<figure id=\"attachment_810\" aria-describedby=\"caption-attachment-810\" style=\"width: 300px\" class=\"wp-caption aligncenter\"><a href=\"http:\/\/kinanen.fi\/wordpress\/wp-content\/uploads\/2010\/04\/Keitti\u00f6n-valo_p\u00f6yt\u00e4.jpg\"><img decoding=\"async\" class=\"size-medium wp-image-810\" title=\"Keitti\u00f6n valo_p\u00f6yt\u00e4\" src=\"http:\/\/kinanen.fi\/wordpress\/wp-content\/uploads\/2010\/04\/Keitti\u00f6n-valo_p\u00f6yt\u00e4-300x265.jpg\" alt=\"Keitti\u00f6n valaistus\" width=\"300\" height=\"265\" \/><\/a><figcaption id=\"caption-attachment-810\" class=\"wp-caption-text\">Keitti\u00f6n valaistus valmiina<\/figcaption><\/figure>\n<p style=\"text-align: left;\">.<\/p>\n<p style=\"text-align: left;\">Kyll\u00e4 siin\u00e4 kelpaa Eevertin nauttia ruokansa. N\u00e4ytt\u00e4\u00e4kin jo olevan p\u00f6yt\u00e4 katettuna t\u00e4lle p\u00e4iv\u00e4lle.<\/p>\n<p style=\"text-align: left;\">Ja ei kun kahville ja aurinkoisesta lauantai-p\u00e4iv\u00e4st\u00e4 nauttimaan!<\/p>\n","protected":false},"excerpt":{"rendered":"<p>Talo on ollut vaiheessa valaistuksen suhteen. Jokaisessa tilassa ei ole viel\u00e4 ensimm\u00e4ist\u00e4k\u00e4\u00e4n valon l\u00e4hdett\u00e4. Asiaa korjattiin pikimiten sopivien tarvikkeiden ilmaantuessa n\u00e4k\u00f6piiriin. Taannoisen t\u00e4tiklupin riehakkaasta illanvietosta j\u00e4i j\u00e4lkeen my\u00f6s jokunen paketillinen p\u00e4\u00e4si\u00e4ismunakennoja. Taltioin my\u00f6hemp\u00e4\u00e4 tarvetta varten niist\u00e4kin rasian. P\u00e4ivien kuluessa yh\u00e4 selvemmin n\u00e4in siin\u00e4 keitti\u00f6n lampunvarjostimen, joten ei kun t\u00f6ihin&#8230; . Lis\u00e4ksi tarvittiin p\u00e4tk\u00e4 nailonnarua, servetti [&hellip;]<\/p>\n","protected":false},"author":1,"featured_media":0,"comment_status":"open","ping_status":"open","sticky":false,"template":"","format":"standard","meta":{"footnotes":""},"categories":[],"tags":[],"class_list":["post-807","post","type-post","status-publish","format-standard","hentry"],"_links":{"self":[{"href":"https:\/\/www.kinanen.fi\/nukkekoti\/wp-json\/wp\/v2\/posts\/807","targetHints":{"allow":["GET"]}}],"collection":[{"href":"https:\/\/www.kinanen.fi\/nukkekoti\/wp-json\/wp\/v2\/posts"}],"about":[{"href":"https:\/\/www.kinanen.fi\/nukkekoti\/wp-json\/wp\/v2\/types\/post"}],"author":[{"embeddable":true,"href":"https:\/\/www.kinanen.fi\/nukkekoti\/wp-json\/wp\/v2\/users\/1"}],"replies":[{"embeddable":true,"href":"https:\/\/www.kinanen.fi\/nukkekoti\/wp-json\/wp\/v2\/comments?post=807"}],"version-history":[{"count":6,"href":"https:\/\/www.kinanen.fi\/nukkekoti\/wp-json\/wp\/v2\/posts\/807\/revisions"}],"predecessor-version":[{"id":814,"href":"https:\/\/www.kinanen.fi\/nukkekoti\/wp-json\/wp\/v2\/posts\/807\/revisions\/814"}],"wp:attachment":[{"href":"https:\/\/www.kinanen.fi\/nukkekoti\/wp-json\/wp\/v2\/media?parent=807"}],"wp:term":[{"taxonomy":"category","embeddable":true,"href":"https:\/\/www.kinanen.fi\/nukkekoti\/wp-json\/wp\/v2\/categories?post=807"},{"taxonomy":"post_tag","embeddable":true,"href":"https:\/\/www.kinanen.fi\/nukkekoti\/wp-json\/wp\/v2\/tags?post=807"}],"curies":[{"name":"wp","href":"https:\/\/api.w.org\/{rel}","templated":true}]}}