{"id":8083,"date":"2014-12-10T00:30:42","date_gmt":"2014-12-09T22:30:42","guid":{"rendered":"http:\/\/kinanen.fi\/wordpress\/?p=8083"},"modified":"2014-12-28T13:56:24","modified_gmt":"2014-12-28T11:56:24","slug":"10-12-3","status":"publish","type":"post","link":"https:\/\/www.kinanen.fi\/nukkekoti\/10-12-3\/","title":{"rendered":"10.12."},"content":{"rendered":"<p><span style=\"color: #000000;\">Onpa t\u00e4n\u00e4\u00e4n pime\u00e4\u00e4, tuumaili Eevert kurkistellessaan ikkunasta ulos aamulla. Ja kellokin on jo vaikka kuinka paljon. Taivas oli pilvess\u00e4 joten kuukaan ei tuonut valoa maisemaan. Eevert napsauttaa valot kamariin. Hetken aikaa ne palavat ja sen per\u00e4\u00e4n alkaa kummasti vilkkua. Eik\u00e4 kauaa aikaa kulu kun lamppu sammuu kokonaan. Ulkona on ollut y\u00f6n ajan melkoinen tuuli ja myllerrys. Talvituulilla nyt aina on s\u00e4hk\u00f6t poikki, tuumii Eevert ja kopeloi p\u00f6yd\u00e4lt\u00e4 tulitikkuja k\u00e4siins\u00e4.\u00a0Oikeastaan pieni pimeys ja hiljaisuus voi tehd\u00e4 hyv\u00e4\u00e4.\u00a0Eevertin talo toimii\u00a0ilman s\u00e4hk\u00f6\u00e4kin, sill\u00e4 iso osa l\u00e4mmityksest\u00e4 ja keitti\u00f6t\u00f6ist\u00e4 hoidetaan puilla. Kynttil\u00f6iden valaistessa taloa Eevert ryhtyy p\u00e4iv\u00e4n puuhiin. Ensiksi on saatava kunnon kahvit!<\/span><\/p>\n<figure id=\"attachment_8086\" aria-describedby=\"caption-attachment-8086\" style=\"width: 497px\" class=\"wp-caption aligncenter\"><a style=\"color: #000000;\" href=\"http:\/\/kinanen.fi\/wordpress\/wp-content\/uploads\/2014\/12\/IMG_2659.jpg\"><img fetchpriority=\"high\" decoding=\"async\" class=\" wp-image-8086\" src=\"http:\/\/kinanen.fi\/wordpress\/wp-content\/uploads\/2014\/12\/IMG_2659.jpg\" alt=\"Ikkuna\" width=\"497\" height=\"585\" \/><\/a><figcaption id=\"caption-attachment-8086\" class=\"wp-caption-text\"><\/span> <span style=\"color: #000000;\">Ikkuna<\/span><\/figcaption><\/figure>\n<p><span style=\"color: #000000;\">\u00a0<\/span>Aamiaiseksi Eevert keitteli puuroa. Maittavaa riisipuuroa. Sen keitt\u00e4mienen on tarkaa puuhaa, ettei keit\u00e4 vahingossa maitoja hellalle. Pit\u00e4\u00e4 muistaa tarkasti hoitaa vain yksi asia kerrallaan. Ei sovi ollenkaan sellaisena p\u00e4iv\u00e4n\u00e4 kun tuntuu ett\u00e4 olisi tarve tehd\u00e4 monta asiaa yht\u00e4 aikaa. T\u00e4n\u00e4\u00e4n on levollinen olo ja rauhaisa keittopuuhakin sujuu hyvin.<\/p>\n<figure id=\"attachment_8087\" aria-describedby=\"caption-attachment-8087\" style=\"width: 501px\" class=\"wp-caption aligncenter\"><a style=\"color: #000000;\" href=\"http:\/\/kinanen.fi\/wordpress\/wp-content\/uploads\/2014\/12\/IMG_2667.jpg\"><img decoding=\"async\" class=\" wp-image-8087\" src=\"http:\/\/kinanen.fi\/wordpress\/wp-content\/uploads\/2014\/12\/IMG_2667.jpg\" alt=\"Aamiainen\" width=\"501\" height=\"361\" \/><\/a><figcaption id=\"caption-attachment-8087\" class=\"wp-caption-text\"><\/span> <span style=\"color: #000000;\">Aamiainen<\/span><\/figcaption><\/figure>\n<p>Muutama marja lautaselle puuron p\u00e4\u00e4lle ja kelpaisi parempaankin ruokapaikkaan tarjolle, ihastelee mies aikaansaannostaa.<\/p>\n<p><span style=\"color: #000000;\">Pian on puuro kadonnut n\u00e4kyvist\u00e4 ja on aika tarttua p\u00e4iv\u00e4n askareisiin.<\/span><\/p>\n<p><span style=\"color: #000000;\">Pimeyden karkoittamiselle t\u00e4ytyykin tehd\u00e4 t\u00e4n\u00e4\u00e4n jotakin p\u00e4\u00e4tt\u00e4\u00e4 mies ja suuntaa askelensa verstalle. Sinne muistaakseni laitoin pihalyhdyn. Nyt viimeist\u00e4\u00e4n on sen esille ottamisen aika. Eevert tutkii aikansa hyllyj\u00e4 ja nurkkia, vaan ei l\u00f6ydy lyhty\u00e4. Mihin kummaan se on viime k\u00e4yt\u00f6n j\u00e4lkeen kadonnut? Lyhdyst\u00e4 ei n\u00e4y j\u00e4lke\u00e4k\u00e4\u00e4n. Kumma juttu. Miss\u00e4h\u00e4n sit\u00e4 on viimeksi k\u00e4ytetty?<\/span><\/p>\n<p><span style=\"color: #000000;\">Pitk\u00e4\u00e4n saa Eevert muistella ennekuin asia palautuu mieleen. Valonjuhlia vietetiin vuosi sitten kyl\u00e4n torilla. Komeasti siell\u00e4 esitettiin ukkojen kanssa Tiernapojat. Se oli hieno juhla, muistelee Eevert hyvill\u00e4\u00e4n.\u00a0<\/span><\/p>\n<figure id=\"attachment_8088\" aria-describedby=\"caption-attachment-8088\" style=\"width: 473px\" class=\"wp-caption aligncenter\"><a style=\"color: #000000;\" href=\"http:\/\/kinanen.fi\/wordpress\/wp-content\/uploads\/2014\/12\/N\u00e4ytt\u00f6kuva-2014-10-20-kello-12.37.02.png\"><img decoding=\"async\" class=\"size-full wp-image-8088\" src=\"http:\/\/kinanen.fi\/wordpress\/wp-content\/uploads\/2014\/12\/N\u00e4ytt\u00f6kuva-2014-10-20-kello-12.37.02.png\" alt=\"Valonjuhlaa\" width=\"473\" height=\"613\" \/><\/a><figcaption id=\"caption-attachment-8088\" class=\"wp-caption-text\"><\/span> <span style=\"color: #000000;\">Valonjuhlaa<\/span><\/figcaption><\/figure>\n<p><span style=\"color: #000000;\">\u00a0<\/span>Siell\u00e4h\u00e4n se oli ainakin mukana. Olisikohan k\u00e4ynyt niin, ett\u00e4 koko romisko olisi j\u00e4\u00e4nyt kaupalle ja varastoitunut sitten sinne? T\u00e4ytyy varmaan saapastella asiaa selvitt\u00e4m\u00e4\u00e4n.<\/p>\n<p><span style=\"color: #000000;\">Reippaasti Eevert astelee tiet\u00e4 pitkin. Kauppias on itse paikalla ja pian on t\u00e4ydet muistelut k\u00e4ynniss\u00e4. Muistelujen aikana palautuu my\u00f6s ajatus siit\u00e4 ett\u00e4 yhdess\u00e4 tuumin siirrettiin lyhty kaupan limpparivarastoon sivurakennuksessa. Siell\u00e4 se varmaan on. Menn\u00e4\u00e4np\u00e4 hakemaan sanoo kauppias. Eevert vain ei liikahdakkaan. Kauppias huomaa selv\u00e4sti, ett\u00e4 jotakin k\u00e4v\u00e4isi nyt yst\u00e4v\u00e4ns\u00e4 mieless\u00e4. Kauppias toistaa kehoituksensa, mutta vanha merikarhu ei hievahdakkaan katselee vain p\u00f6ll\u00e4mystyneen\u00e4 eteens\u00e4.<\/span><\/p>\n<figure id=\"attachment_8093\" aria-describedby=\"caption-attachment-8093\" style=\"width: 496px\" class=\"wp-caption aligncenter\"><a style=\"color: #000000;\" href=\"http:\/\/kinanen.fi\/wordpress\/wp-content\/uploads\/2014\/12\/kahvit.png\"><img loading=\"lazy\" decoding=\"async\" class=\"size-full wp-image-8093\" src=\"http:\/\/kinanen.fi\/wordpress\/wp-content\/uploads\/2014\/12\/kahvit.png\" alt=\"Kauppiaan kahvit\" width=\"496\" height=\"369\" \/><\/a><figcaption id=\"caption-attachment-8093\" class=\"wp-caption-text\"><\/span> <span style=\"color: #000000;\">Kauppiaan kahvit<\/span><\/figcaption><\/figure>\n<p><span style=\"color: #000000;\">\u00a0<\/span><\/p>\n<p><span style=\"color: #000000;\">Juodaanpa kahvit ensin, toteaa kauppias. Kahvikupin \u00e4\u00e4ress\u00e4 sitten jorinoidaan sit\u00e4 ja t\u00e4t\u00e4. Lopulta Eevert saa kerrottua kokemuksen, joka liittyy tuohon limuvarastoon. Joskus pojankollina, kauan sitten, tehtiin v\u00e4lill\u00e4 pahojamme ja usein kohteena oli vanha kauppias. Nykyisen kauppiaan is\u00e4.<\/span><\/p>\n<p><span style=\"color: #000000;\">Er\u00e4\u00e4n\u00e4 pime\u00e4n\u00e4 syksyisen\u00e4 y\u00f6n\u00e4 satoi hurjasti vett\u00e4. Siit\u00e4 syntyi peltikattoisten rakennusten sis\u00e4lle kova meteli. Sit\u00e4 k\u00e4ytettiin hyv\u00e4ksi ja p\u00e4\u00e4tettiin murtautua kaupan limuvarastoon. Kukaan ei kuulisi. Ajatuksena oli laittaa kaikki sekaisin, niin ett\u00e4 olisi vanhalla kauppiaalla ihmettelemist\u00e4 kun sinne seuraavan kerran menisi. Suunnitelma oli j\u00e4nnitt\u00e4v\u00e4 ja syd\u00e4n hakkasi koko ajan kun siirreltiin koreja paikasta toiseen ja p\u00e4\u00e4llekk\u00e4in pime\u00e4ss\u00e4 varastossa. Kaikki sujui hyvin. Siihen saakka kunnes oli aika poistua. Ovella n\u00e4kyi vain kaksi uhkaavaa kiiluvaa silm\u00e4\u00e4 l\u00e4hes samalla korkeudella kuin poikien omat silm\u00e4t olivat. Vaimeaa mutta voimakasta murinaa kuului ovelta. Per\u00e4\u00e4nnyimme takasein\u00e4lle. Emme uskaltaneet hiiskahtaakaan emmek\u00e4 liikkua. Heti kun liikahdimme tai kuiskasimme jotakin, murina voimistui. Kiiluvat silm\u00e4t eiv\u00e4t kadonneet mihink\u00e4\u00e4n, emmek\u00e4 n\u00e4hneet mik\u00e4 se edes oli. Vapisimme pelosta ja mielikuvituksessa syntyi vaikka mik\u00e4 peto ovelle vartioimaan.<\/span><\/p>\n<figure id=\"attachment_8089\" aria-describedby=\"caption-attachment-8089\" style=\"width: 503px\" class=\"wp-caption aligncenter\"><a style=\"color: #000000;\" href=\"http:\/\/kinanen.fi\/wordpress\/wp-content\/uploads\/2014\/12\/silm\u00e4t.png\"><img loading=\"lazy\" decoding=\"async\" class=\" wp-image-8089\" src=\"http:\/\/kinanen.fi\/wordpress\/wp-content\/uploads\/2014\/12\/silm\u00e4t.png\" alt=\"Kiiluvat silm\u00e4t\" width=\"503\" height=\"398\" \/><\/a><figcaption id=\"caption-attachment-8089\" class=\"wp-caption-text\"><\/span> <span style=\"color: #000000;\">Kiiluvat silm\u00e4t<\/span><\/figcaption><\/figure>\n<p><span style=\"color: #000000;\">\u00a0<\/span>Lopulta varaston ovi avautui naristen. Kauppias ilmaantui oviaukkoon. Kiiluvat silm\u00e4t saivat v\u00e4hitellen hahmoa ja huomasimme, ett\u00e4 se oli iso koira. Kauppias oli hankkinut vahtikoiran saadakseen kyl\u00e4n pojat aisoihin. Koira oli laskenut pojat sis\u00e4lle ja antanut puuhastella rauhassa. Ulos ei ollut mit\u00e4\u00e4n asiaa ennen kuin kauppias itse tuli paikalle. Ankaran puhuttelun j\u00e4lkeen pojat p\u00e4\u00e4siv\u00e4t koteihinsa.<\/p>\n<p><span style=\"color: #000000;\"><strong>Sin\u00e4 y\u00f6n\u00e4 ei uni tullut vaan pelottavat kiiluvat silm\u00e4t pimeydess\u00e4 tuntuivat\u00a0\u00a0 vaanivan kaikkialla.<\/strong> Pelko ja arkuus pimeit\u00e4 tiloja kohtaan j\u00e4i aina t\u00e4h\u00e4n p\u00e4iv\u00e4\u00e4n saakka, huokaisi Eevert.<\/span><\/p>\n<p><span style=\"color: #000000;\">Niin sit\u00e4 ei tule ajatelleeksi kuinka pitki\u00e4 seurauksia voi ajattelemattomalla toiminnalla ollakkaan.<\/span><\/p>\n<p><span style=\"color: #000000;\">Melkoisen opetuksen olet saanut, sanoi kauppian hyv\u00e4ntahtoisesti. Jospa min\u00e4 haen sen lyhdyn ja tuon sen t\u00e4nne kaupan puolelle. Niin kauppias otti naulasta varaston avaimen ja haki kaivatun esineen.<\/span><\/p>\n<figure id=\"attachment_8090\" aria-describedby=\"caption-attachment-8090\" style=\"width: 427px\" class=\"wp-caption aligncenter\"><a style=\"color: #000000;\" href=\"http:\/\/kinanen.fi\/wordpress\/wp-content\/uploads\/2014\/12\/IMG_2671.jpg\"><img loading=\"lazy\" decoding=\"async\" class=\"size-full wp-image-8090\" src=\"http:\/\/kinanen.fi\/wordpress\/wp-content\/uploads\/2014\/12\/IMG_2671.jpg\" alt=\"Kotimatkalla\" width=\"427\" height=\"640\" \/><\/a><figcaption id=\"caption-attachment-8090\" class=\"wp-caption-text\"><\/span> <span style=\"color: #000000;\">Kotimatkalla<\/span><\/figcaption><\/figure>\n<p><span style=\"color: #000000;\">\u00a0<\/span>Kovin mietteiss\u00e4\u00e4n Eevert palasi kotiin. Kotona h\u00e4n asensi valoja pihapiiriin ja lopulta rohkaistui my\u00f6s itse nauramaan omalle muistolleen ja ehk\u00e4 el\u00e4m\u00e4ns\u00e4 kovimmalle pelolle pieness\u00e4 pojan maailmassa.<\/p>\n<figure id=\"attachment_8091\" aria-describedby=\"caption-attachment-8091\" style=\"width: 502px\" class=\"wp-caption aligncenter\"><a style=\"color: #000000;\" href=\"http:\/\/kinanen.fi\/wordpress\/wp-content\/uploads\/2014\/12\/IMG_2674.jpg\"><img loading=\"lazy\" decoding=\"async\" class=\" wp-image-8091\" src=\"http:\/\/kinanen.fi\/wordpress\/wp-content\/uploads\/2014\/12\/IMG_2674.jpg\" alt=\"Lyhty\" width=\"502\" height=\"335\" \/><\/a><figcaption id=\"caption-attachment-8091\" class=\"wp-caption-text\"><\/span> <span style=\"color: #000000;\">Lyhty<\/span><\/figcaption><\/figure>\n<p><span style=\"color: #000000;\">\u00a0<\/span>Pihapiiri n\u00e4ytti nyt oikein hyv\u00e4lt\u00e4 ja valoisalta. Joku p\u00e4iv\u00e4 viel\u00e4 laitetaan t\u00e4nne oikein komea lumiukko. Ja jos lunta riitt\u00e4\u00e4 niin vaikka lumilinna. \u00a0Samaa mielt\u00e4 oli pieni Tenho-koira joka haukahti\u00a0hyv\u00e4ksyv\u00e4sti\u00a0ja heilutti innokkaasti h\u00e4nt\u00e4\u00e4ns\u00e4.<\/p>\n","protected":false},"excerpt":{"rendered":"<p>Onpa t\u00e4n\u00e4\u00e4n pime\u00e4\u00e4, tuumaili Eevert kurkistellessaan ikkunasta ulos aamulla. Ja kellokin on jo vaikka kuinka paljon. Taivas oli pilvess\u00e4 joten kuukaan ei tuonut valoa maisemaan. Eevert napsauttaa valot kamariin. Hetken aikaa ne palavat ja sen per\u00e4\u00e4n alkaa kummasti vilkkua. Eik\u00e4 kauaa aikaa kulu kun lamppu sammuu kokonaan. Ulkona on ollut y\u00f6n ajan melkoinen tuuli ja [&hellip;]<\/p>\n","protected":false},"author":1,"featured_media":0,"comment_status":"open","ping_status":"open","sticky":false,"template":"","format":"standard","meta":{"footnotes":""},"categories":[],"tags":[],"class_list":["post-8083","post","type-post","status-publish","format-standard","hentry"],"_links":{"self":[{"href":"https:\/\/www.kinanen.fi\/nukkekoti\/wp-json\/wp\/v2\/posts\/8083","targetHints":{"allow":["GET"]}}],"collection":[{"href":"https:\/\/www.kinanen.fi\/nukkekoti\/wp-json\/wp\/v2\/posts"}],"about":[{"href":"https:\/\/www.kinanen.fi\/nukkekoti\/wp-json\/wp\/v2\/types\/post"}],"author":[{"embeddable":true,"href":"https:\/\/www.kinanen.fi\/nukkekoti\/wp-json\/wp\/v2\/users\/1"}],"replies":[{"embeddable":true,"href":"https:\/\/www.kinanen.fi\/nukkekoti\/wp-json\/wp\/v2\/comments?post=8083"}],"version-history":[{"count":7,"href":"https:\/\/www.kinanen.fi\/nukkekoti\/wp-json\/wp\/v2\/posts\/8083\/revisions"}],"predecessor-version":[{"id":8471,"href":"https:\/\/www.kinanen.fi\/nukkekoti\/wp-json\/wp\/v2\/posts\/8083\/revisions\/8471"}],"wp:attachment":[{"href":"https:\/\/www.kinanen.fi\/nukkekoti\/wp-json\/wp\/v2\/media?parent=8083"}],"wp:term":[{"taxonomy":"category","embeddable":true,"href":"https:\/\/www.kinanen.fi\/nukkekoti\/wp-json\/wp\/v2\/categories?post=8083"},{"taxonomy":"post_tag","embeddable":true,"href":"https:\/\/www.kinanen.fi\/nukkekoti\/wp-json\/wp\/v2\/tags?post=8083"}],"curies":[{"name":"wp","href":"https:\/\/api.w.org\/{rel}","templated":true}]}}