{"id":8109,"date":"2014-12-14T00:30:57","date_gmt":"2014-12-13T22:30:57","guid":{"rendered":"http:\/\/kinanen.fi\/wordpress\/?p=8109"},"modified":"2014-12-28T13:38:37","modified_gmt":"2014-12-28T11:38:37","slug":"kolmas-adventti","status":"publish","type":"post","link":"https:\/\/www.kinanen.fi\/nukkekoti\/kolmas-adventti\/","title":{"rendered":"Kolmas Adventti"},"content":{"rendered":"<p><span style=\"color: #000000;\">T\u00e4n\u00e4\u00e4n on kolmas adventtisunnuntai ja joulu l\u00e4hestyy hyv\u00e4\u00e4 vauhtia. Aamuh\u00e4m\u00e4riss\u00e4 Eevert astelee keitti\u00f6\u00f6n ja ensimm\u00e4iseksi hamuilee k\u00e4teens\u00e4 tulitikut. Kynttil\u00f6iden sytytt\u00e4misess\u00e4 on t\u00e4n\u00e4\u00e4n aistittavissa erityist\u00e4 hartautta. Rauhallisesti mies sytytt\u00e4\u00e4 ensin yhden kynttil\u00e4n, antaa sen sytty\u00e4 rauhassa ennenkuin siirtyy seuraavan kohdalle. Valo laajenee asteittain ja kolmen kynttil\u00e4n valossa keitti\u00f6ss\u00e4 jo n\u00e4kee puuhastella.<\/span><\/p>\n<figure id=\"attachment_8114\" aria-describedby=\"caption-attachment-8114\" style=\"width: 501px\" class=\"wp-caption aligncenter\"><a style=\"color: #000000;\" href=\"http:\/\/kinanen.fi\/wordpress\/wp-content\/uploads\/2014\/12\/IMG_2714.jpg\"><img fetchpriority=\"high\" decoding=\"async\" class=\" wp-image-8114\" src=\"http:\/\/kinanen.fi\/wordpress\/wp-content\/uploads\/2014\/12\/IMG_2714.jpg\" alt=\"Aamuhetki \" width=\"501\" height=\"329\" \/><\/a><figcaption id=\"caption-attachment-8114\" class=\"wp-caption-text\"><span style=\"color: #000000;\">Aamuhetki<\/span><\/figcaption><\/figure>\n<p><span style=\"color: #000000;\">Kolmas kynttil\u00e4 on rakkauden kynttil\u00e4. Rakkautta ja rakastavaa mielenlaatua meid\u00e4n sopiikin osoittaa omaa pient\u00e4 elinpiiri\u00e4 laajemmalle. Kolmannen kynttil\u00e4n sanoma ei kerro ainoastaan niiden ihmisten rakastamisesta joiden l\u00e4hell\u00e4 el\u00e4mme, vaan enemm\u00e4n se muistuttaa meit\u00e4 rakastavasta el\u00e4m\u00e4nasenteesta. Se kertoo hyv\u00e4ksymisest\u00e4 ja ihmisarvosta ja siit\u00e4 ett\u00e4 jokaisella ihmisell\u00e4 ja olennolla ja koko maailmalla on olemisen oikeus.<\/span><\/p>\n<p><span style=\"color: #000000;\">Katsellessaan kynttil\u00e4\u00e4ns\u00e4 Eevert muistaa vanhan perheraamatun sanat: Rakasta l\u00e4himm\u00e4ist\u00e4si niinkuin itse\u00e4si. Eevert huokaisee, niin, siin\u00e4 on haastetta vuoden jokaiselle p\u00e4iv\u00e4lle. Kristillinen joulun sanoma kertoo kaikenkattavasta rakkaudesta, sellaisesta rakkaudesta jossa ei ole ehtoja.<\/span><\/p>\n<figure id=\"attachment_8115\" aria-describedby=\"caption-attachment-8115\" style=\"width: 427px\" class=\"wp-caption aligncenter\"><a style=\"color: #000000;\" href=\"http:\/\/kinanen.fi\/wordpress\/wp-content\/uploads\/2014\/12\/IMG_2719.jpg\"><img decoding=\"async\" class=\"size-full wp-image-8115\" src=\"http:\/\/kinanen.fi\/wordpress\/wp-content\/uploads\/2014\/12\/IMG_2719.jpg\" alt=\"Kirkkotiell\u00e4\" width=\"427\" height=\"640\" \/><\/a><figcaption id=\"caption-attachment-8115\" class=\"wp-caption-text\"><span style=\"color: #000000;\">Kirkkotiell\u00e4<\/span><\/figcaption><\/figure>\n<p><span style=\"color: #000000;\">\u00a0<\/span>Aamiaisen j\u00e4lkeen Eevert suuntaa askeleensa Kappelille. Siell\u00e4 on pian alkamassa kolmannen adventin juhlahetki. On se vain hienoa, ett\u00e4 tuttu ja rakas Kappeli on niin l\u00e4hell\u00e4. Ennenvanhaan kirkkotie oli kovinkin pitk\u00e4 ja jo aamuh\u00e4m\u00e4riss\u00e4 joutui hevosilla l\u00e4htem\u00e4\u00e4n monien selkosien taakse. Eevert on hyviss\u00e4 ajoin paikalla. Suntio viel\u00e4 viimeistelee kaikkea valmiiksi. L\u00e4mmin valo heijastuu ikkunoista ja viitoittaa tiet\u00e4 jo pitk\u00e4lt\u00e4.<\/p>\n<figure id=\"attachment_8116\" aria-describedby=\"caption-attachment-8116\" style=\"width: 427px\" class=\"wp-caption aligncenter\"><a style=\"color: #000000;\" href=\"http:\/\/kinanen.fi\/wordpress\/wp-content\/uploads\/2014\/12\/IMG_2724.jpg\"><img decoding=\"async\" class=\"size-full wp-image-8116\" src=\"http:\/\/kinanen.fi\/wordpress\/wp-content\/uploads\/2014\/12\/IMG_2724.jpg\" alt=\"Kuusi\" width=\"427\" height=\"640\" \/><\/a><figcaption id=\"caption-attachment-8116\" class=\"wp-caption-text\"><span style=\"color: #000000;\">Kuusi<\/span><\/figcaption><\/figure>\n<p><span style=\"color: #000000;\">\u00a0<\/span>Suntion huomattua Eevertin\u00a0h\u00e4n rient\u00e4\u00e4 ovelle vastaanottamaan h\u00e4net. Miehet toivottavat toisille hyv\u00e4t huomenet ihan k\u00e4dest\u00e4 pit\u00e4en. Eevert istuu tutulle paikalleen ja antaa kappelin herk\u00e4n\u00a0tunnelman vallata tilaa. Kuusi komeilee jo melkein t\u00e4ydess\u00e4 juhla-asussaan.<\/p>\n<p><span style=\"color: #000000;\">Pian viri\u00e4\u00e4 kappelissa kyl\u00e4n mieskuoron viritt\u00e4m\u00e4 joululaulu.<\/span><\/p>\n<p><iframe title=\"Loimaan Lehden Laulava joulukalenteri, LUUKKU 12, Mieskuoro Loimaan Laulajat\" width=\"640\" height=\"360\" src=\"https:\/\/www.youtube.com\/embed\/NTvli4E0alY?feature=oembed\" frameborder=\"0\" allow=\"accelerometer; autoplay; clipboard-write; encrypted-media; gyroscope; picture-in-picture; web-share\" referrerpolicy=\"strict-origin-when-cross-origin\" allowfullscreen><\/iframe><\/p>\n<p><span style=\"color: #000000;\">T\u00e4n\u00e4\u00e4n puhutaan\u00a0joulukuusesta. Se on saanut kynttil\u00e4t oksilleen ja valaisee kauniisti Kappelia<\/span><\/p>\n<p><span style=\"color: #000000;\">&#8221;Sen luolan l\u00e4heisyydess\u00e4, jossa Jeesus-lapsi syntyi, kasvoi kolme puuta: kuusi, \u00f6ljypuu ja palmu. Syntym\u00e4n merkiksi syttyi taivaalle t\u00e4hti, ja koko luomakunta puhkesi kukkaan julistaen iloa Vapahtajasta. H\u00e4n toisi lohdun koko maailmalle.<\/span><\/p>\n<p><span style=\"color: #000000;\">Kaikki ojensivat antimiaan Jeesus-lapselle: \u00f6ljypuun n\u00e4htiin lahjoittavan kultaisia hedelmi\u00e4\u00e4n, palmun tarjoavan vihre\u00e4n katoksensa suojaksi kylm\u00e4lt\u00e4 ja huonolta s\u00e4\u00e4lt\u00e4. Ainoastaan kuusi seisoi yksikseen hiljaisessa alakuloisuudessaan, pelokkaana ja vaatimattomana. Mit\u00e4 se voisi lahjoittaa Jeesus-lapselle?<\/span><\/p>\n<p><span style=\"color: #000000;\">Kuusen oksat painuivat murheellisina, ja salaisesta surusta valuivat kyyneleet l\u00e4pin\u00e4kyvin\u00e4 pihkapisaroina oksille.<\/span><\/p>\n<p><span style=\"color: #000000;\">Er\u00e4s taivaan t\u00e4hti n\u00e4ki n\u00e4m\u00e4 kyyneleet. Se kuiskasi huomiostaan l\u00e4himm\u00e4lle toverilleen ja t\u00e4m\u00e4 edelleen. Ja tapahtui ihme: taivaalta alkoi putoilla t\u00e4hti\u00e4 tulisena sateena, ja t\u00e4hdet peittiv\u00e4t kuusen oksat ylh\u00e4\u00e4lt\u00e4 alas saakka. Riemuissaan kuusi nosti oksansa yl\u00f6s ja n\u00e4in se ilmestyi ensi kertaa koristeltuna maailman eteen. T\u00e4m\u00e4n muistoksi koristavat ihmiset kuusen kirkkaasti palavilla kynttil\u00f6ill\u00e4.<\/span><\/p>\n<p><span style=\"color: #000000;\">Yh\u00e4 viel\u00e4kin kuusi julistaa valollaan suuren joulujuhlan alkamista.&#8221;\u00a0Trad. (Kirjassa Kerron sinulle tarinan II, Heli Pruuki toim., LK-kirjat 2005.)<\/span><\/p>\n<figure id=\"attachment_8117\" aria-describedby=\"caption-attachment-8117\" style=\"width: 501px\" class=\"wp-caption aligncenter\"><a style=\"color: #000000;\" href=\"http:\/\/kinanen.fi\/wordpress\/wp-content\/uploads\/2014\/12\/IMG_2728.jpg\"><img loading=\"lazy\" decoding=\"async\" class=\" wp-image-8117\" src=\"http:\/\/kinanen.fi\/wordpress\/wp-content\/uploads\/2014\/12\/IMG_2728.jpg\" alt=\"Kirkkokahvit\" width=\"501\" height=\"406\" \/><\/a><figcaption id=\"caption-attachment-8117\" class=\"wp-caption-text\"><span style=\"color: #000000;\">Kirkkokahvit<\/span><\/figcaption><\/figure>\n<p><span style=\"color: #000000;\">\u00a0<\/span>Kuorossa on monia Eevertin lapsuusaikojen yst\u00e4vi\u00e4 mukana. Miehiss\u00e4 p\u00e4\u00e4tet\u00e4\u00e4n l\u00e4hte\u00e4 kirkkokahveille Eeverttil\u00e4\u00e4n. Pian on salissa t\u00e4ysi puheensorina p\u00e4\u00e4ll\u00e4. On hyv\u00e4 olla yhdess\u00e4 toisten kanssa.<\/p>\n<p><span style=\"color: #000000;\">Hyv\u00e4\u00e4 kolmatta Adventtia!<\/span><\/p>\n","protected":false},"excerpt":{"rendered":"<p>T\u00e4n\u00e4\u00e4n on kolmas adventtisunnuntai ja joulu l\u00e4hestyy hyv\u00e4\u00e4 vauhtia. Aamuh\u00e4m\u00e4riss\u00e4 Eevert astelee keitti\u00f6\u00f6n ja ensimm\u00e4iseksi hamuilee k\u00e4teens\u00e4 tulitikut. Kynttil\u00f6iden sytytt\u00e4misess\u00e4 on t\u00e4n\u00e4\u00e4n aistittavissa erityist\u00e4 hartautta. Rauhallisesti mies sytytt\u00e4\u00e4 ensin yhden kynttil\u00e4n, antaa sen sytty\u00e4 rauhassa ennenkuin siirtyy seuraavan kohdalle. Valo laajenee asteittain ja kolmen kynttil\u00e4n valossa keitti\u00f6ss\u00e4 jo n\u00e4kee puuhastella. Kolmas kynttil\u00e4 on rakkauden kynttil\u00e4. [&hellip;]<\/p>\n","protected":false},"author":1,"featured_media":0,"comment_status":"open","ping_status":"open","sticky":false,"template":"","format":"standard","meta":{"footnotes":""},"categories":[],"tags":[],"class_list":["post-8109","post","type-post","status-publish","format-standard","hentry"],"_links":{"self":[{"href":"https:\/\/www.kinanen.fi\/nukkekoti\/wp-json\/wp\/v2\/posts\/8109","targetHints":{"allow":["GET"]}}],"collection":[{"href":"https:\/\/www.kinanen.fi\/nukkekoti\/wp-json\/wp\/v2\/posts"}],"about":[{"href":"https:\/\/www.kinanen.fi\/nukkekoti\/wp-json\/wp\/v2\/types\/post"}],"author":[{"embeddable":true,"href":"https:\/\/www.kinanen.fi\/nukkekoti\/wp-json\/wp\/v2\/users\/1"}],"replies":[{"embeddable":true,"href":"https:\/\/www.kinanen.fi\/nukkekoti\/wp-json\/wp\/v2\/comments?post=8109"}],"version-history":[{"count":9,"href":"https:\/\/www.kinanen.fi\/nukkekoti\/wp-json\/wp\/v2\/posts\/8109\/revisions"}],"predecessor-version":[{"id":8456,"href":"https:\/\/www.kinanen.fi\/nukkekoti\/wp-json\/wp\/v2\/posts\/8109\/revisions\/8456"}],"wp:attachment":[{"href":"https:\/\/www.kinanen.fi\/nukkekoti\/wp-json\/wp\/v2\/media?parent=8109"}],"wp:term":[{"taxonomy":"category","embeddable":true,"href":"https:\/\/www.kinanen.fi\/nukkekoti\/wp-json\/wp\/v2\/categories?post=8109"},{"taxonomy":"post_tag","embeddable":true,"href":"https:\/\/www.kinanen.fi\/nukkekoti\/wp-json\/wp\/v2\/tags?post=8109"}],"curies":[{"name":"wp","href":"https:\/\/api.w.org\/{rel}","templated":true}]}}