{"id":8121,"date":"2014-12-16T00:30:10","date_gmt":"2014-12-15T22:30:10","guid":{"rendered":"http:\/\/kinanen.fi\/wordpress\/?p=8121"},"modified":"2014-12-28T13:50:52","modified_gmt":"2014-12-28T11:50:52","slug":"16-12-2","status":"publish","type":"post","link":"https:\/\/www.kinanen.fi\/nukkekoti\/16-12-2\/","title":{"rendered":"16.12."},"content":{"rendered":"<p><span style=\"color: #000000;\">Eevert on her\u00e4nnyt varhain. T\u00e4n\u00e4\u00e4n on t\u00e4rke\u00e4 p\u00e4iv\u00e4 ja vastuullisia teht\u00e4vi\u00e4 on osunut my\u00f6s Eevertille. Kyl\u00e4n torille on ajettu jo edellisen\u00e4 p\u00e4iv\u00e4n\u00e4 kunnon soppatykki. Siin\u00e4 sitten keitell\u00e4\u00e4n valtaisa m\u00e4\u00e4r\u00e4 joulupuuroa ja jota jaetaan kaikille ohikulkijoille pitkin p\u00e4iv\u00e4\u00e4. Eevertill\u00e4 on oma jakovuoronsa t\u00e4n\u00e4\u00e4n iltap\u00e4iv\u00e4ll\u00e4.<\/span><\/p>\n<p><span style=\"color: #000000;\">\u00a0Hyviss\u00e4ajoin Eevert suuntaa tapahtumapaikalle. Tunnelma on k\u00e4sinkosketeltava ja tuntuu olevan kaikki kohdallaan. Keli on kaunis ja sopivasti pakkastakin. Muutamia myyntikojuja on pystytetty puuronjakopaikan tuntumaan. V\u00e4h\u00e4n niin kuin entisajan markkinat. Joulupukkikin on luvannut vierailla paikalla ja h\u00e4nt\u00e4 varten on pystytetty oma kota. Siell\u00e4 voi sitten k\u00e4yd\u00e4 tervehtim\u00e4ss\u00e4 ja j\u00e4tt\u00e4m\u00e4ss\u00e4 vaikka kirjeen pukille. N\u00e4ihin aikoihin kaikki jouluposti onkin jo l\u00e4hetett\u00e4v\u00e4.<\/span><\/p>\n<figure id=\"attachment_8124\" aria-describedby=\"caption-attachment-8124\" style=\"width: 425px\" class=\"wp-caption aligncenter\"><a style=\"color: #000000;\" href=\"http:\/\/kinanen.fi\/wordpress\/wp-content\/uploads\/2014\/12\/IMG_2731.jpg\"><img fetchpriority=\"high\" decoding=\"async\" class=\" wp-image-8124\" src=\"http:\/\/kinanen.fi\/wordpress\/wp-content\/uploads\/2014\/12\/IMG_2731.jpg\" alt=\"Joulupukki\" width=\"425\" height=\"637\" \/><\/a><figcaption id=\"caption-attachment-8124\" class=\"wp-caption-text\"><\/span> <span style=\"color: #000000;\">Joulupukki<\/span><\/figcaption><\/figure>\n<p><span style=\"color: #000000;\">\u00a0<\/span>Monelaista kulkijaa k\u00e4y padalla ja siin\u00e4 samassa jutustellaan asiat. Tuttujen kanssa omansa ja vieraampien kanssa muita asioita. Eevert pit\u00e4\u00e4 juttelusta ja jorinoinnista, niin kuin h\u00e4n kuvaa t\u00e4mm\u00f6isten vanhempien miesten muisteluihin perustuvaa p\u00e4hk\u00e4ily\u00e4.<\/p>\n<figure id=\"attachment_8125\" aria-describedby=\"caption-attachment-8125\" style=\"width: 427px\" class=\"wp-caption aligncenter\"><a style=\"color: #000000;\" href=\"http:\/\/kinanen.fi\/wordpress\/wp-content\/uploads\/2014\/12\/IMG_2733.jpg\"><img decoding=\"async\" class=\"size-full wp-image-8125\" src=\"http:\/\/kinanen.fi\/wordpress\/wp-content\/uploads\/2014\/12\/IMG_2733.jpg\" alt=\"Pata\" width=\"427\" height=\"640\" \/><\/a><figcaption id=\"caption-attachment-8125\" class=\"wp-caption-text\"><\/span> <span style=\"color: #000000;\">Pata<\/span><\/figcaption><\/figure>\n<p><span style=\"color: #000000;\">\u00a0<\/span>Pukki her\u00e4tt\u00e4\u00e4 my\u00f6s vanhemmassa v\u00e4ess\u00e4 juttua, vaikka eiv\u00e4t ihan kodalle arvaakaan menn\u00e4. Moni muistelee kuinka kirjoitti tarkasti pukille kirjett\u00e4 ja j\u00e4tti sen vanhempien toimitettavaksi perille. H\u00e4mment\u00e4v\u00e4\u00e4 oli monet kerrat kun jouluna pukki muisteli asioita mit\u00e4 kirjeeseen oli laitettu. Mit\u00e4 vanhemmaksi tuli sen kummallisempaa se oli. Pukki tosiaan lukee kirjeet, vaikka niit\u00e4 tulee niin paljon!<\/p>\n<p><span style=\"color: #000000;\">Er\u00e4s mies tuli padalle kesken kirjekeskustelun. H\u00e4n s\u00f6i puuronsa kaikessa rauhassa ja sy\u00f6ty\u00e4\u00e4n osallistui keskusteluun kertomalla ett\u00e4 <strong>kirjoitin pikkupoikana joulupukille kirjeen jossa luki, ett\u00e4 toivoisin \u00c4idin olevan kotona Jouluna.\u00a0<\/strong>Pukin salkkuun se piti toimittaa. Kerrottiin ett\u00e4 tontut k\u00e4yv\u00e4t joulun aikaan postikonttorista hakemassa pukille osoitetut kirjeet.\u00a0<\/span><\/p>\n<figure id=\"attachment_8128\" aria-describedby=\"caption-attachment-8128\" style=\"width: 500px\" class=\"wp-caption aligncenter\"><a style=\"color: #000000;\" href=\"http:\/\/kinanen.fi\/wordpress\/wp-content\/uploads\/2014\/12\/IMG_2754.jpg\"><img decoding=\"async\" class=\"wp-image-8128\" src=\"http:\/\/kinanen.fi\/wordpress\/wp-content\/uploads\/2014\/12\/IMG_2754.jpg\" alt=\"Salkku\" width=\"500\" height=\"334\" \/><\/a><figcaption id=\"caption-attachment-8128\" class=\"wp-caption-text\"><\/span> <span style=\"color: #000000;\">Salkku<\/span><\/figcaption><\/figure>\n<p><span style=\"color: #000000;\">\u00a0<\/span>\u00c4iti oli ty\u00f6ss\u00e4 kaupungin sairaalassa ja usein jouluna poissa kotoa. Is\u00e4n kuoleman j\u00e4lkeen olimme veljien kanssa kesken\u00e4mme ja kaipasimme usein \u00e4iti\u00e4 yhteiseen juhlaan, vaikka olimme jo oikeasti niin isoja, ett\u00e4 ymm\u00e4rsimme kuinka t\u00e4rkeit\u00e4 monella tapaa \u00e4idin jouluty\u00f6t olivat. Taisin olla viidentoista kun tuon kirjeen kirjoitin.<\/p>\n<p><span style=\"color: #000000;\">Kuulijoissa miehen kertomus her\u00e4tti monia ajatuksia. Jouluun liittyy niin paljon tunteita ja kaipauksia, ett\u00e4 kaiken helin\u00e4n ja helskeen keskell\u00e4 sit\u00e4 ei tule ajatelleeksi. Pitk\u00e4\u00e4n puuropadalla keskusteltiin kaikesta siit\u00e4 tarpeesta ja puutteesta, mit\u00e4 ihmisill\u00e4 on t\u00e4n\u00e4kin p\u00e4iv\u00e4n\u00e4. Moni ei malttanut l\u00e4hte\u00e4 eteenp\u00e4in t\u00e4rke\u00e4n jutustelun ollessa kesken.<\/span><\/p>\n<p><span style=\"color: #000000;\">Moni suuntasi siit\u00e4 askelensa torilla olevan Pelastusarmeijan joulupadan luo. Pelastusarmeijalla on ollut joulupatoja Suomessa jo yli sadan vuoden ajan. Joulupadoilla ker\u00e4tyill\u00e4 varoilla autetaan joka vuosi tuhansia suomalaisia. Avunsaajat ovat perheit\u00e4 tai yksin\u00e4isi\u00e4 ihmisi\u00e4, jotka el\u00e4m\u00e4ntilanteestaan johtuen tarvitsevat ulkopuolista apua. Moni apua saanut on my\u00f6hemmin ollut itse auttamassa toisia. <a style=\"color: #000000;\" href=\"http:\/\/pelastusarmeija.fi\/joulupata\/\" target=\"_blank\">Klikkaa joulupataan!<\/a><\/span><\/p>\n<figure id=\"attachment_8129\" aria-describedby=\"caption-attachment-8129\" style=\"width: 501px\" class=\"wp-caption aligncenter\"><a style=\"color: #000000;\" href=\"http:\/\/kinanen.fi\/wordpress\/wp-content\/uploads\/2014\/12\/IMG_2760.jpg\"><img loading=\"lazy\" decoding=\"async\" class=\" wp-image-8129\" src=\"http:\/\/kinanen.fi\/wordpress\/wp-content\/uploads\/2014\/12\/IMG_2760.jpg\" alt=\"Puita pes\u00e4\u00e4n!\" width=\"501\" height=\"544\" \/><\/a><figcaption id=\"caption-attachment-8129\" class=\"wp-caption-text\"><\/span> <span style=\"color: #000000;\">Puita pes\u00e4\u00e4n!<\/span><\/figcaption><\/figure>\n<p><span style=\"color: #000000;\">\u00a0<\/span>Eevert palasi kotiin mietteli\u00e4\u00e4n\u00e4 ja monin uusin ajatuksin. Pit\u00e4isi tuollaisia puuropatoja olla t\u00e4ll\u00e4kin kyl\u00e4ll\u00e4 paljon enemm\u00e4n. T\u00e4ytyykin ottaa puheeksi seuraavassa kyl\u00e4yhdistyksen kokouksessa. Mieless\u00e4 l\u00e4ikkyi viel\u00e4 tori ja siell\u00e4 kohdatut ihmiset pitk\u00e4\u00e4n. Aikansa muisteltuaan p\u00e4iv\u00e4\u00e4 Eevert mietti mit\u00e4 voisi tehd\u00e4 toisten hyv\u00e4ksi <a style=\"color: #000000;\" href=\"http:\/\/www.suurellasydamella.fi\" target=\"_blank\">Suurella syd\u00e4mell\u00e4<\/a>.<\/p>\n<figure id=\"attachment_8127\" aria-describedby=\"caption-attachment-8127\" style=\"width: 500px\" class=\"wp-caption aligncenter\"><a style=\"color: #000000;\" href=\"http:\/\/kinanen.fi\/wordpress\/wp-content\/uploads\/2014\/12\/IMG_2745.jpg\"><img loading=\"lazy\" decoding=\"async\" class=\" wp-image-8127\" src=\"http:\/\/kinanen.fi\/wordpress\/wp-content\/uploads\/2014\/12\/IMG_2745.jpg\" alt=\"Torilla\" width=\"500\" height=\"469\" \/><\/a><figcaption id=\"caption-attachment-8127\" class=\"wp-caption-text\"><\/span> <span style=\"color: #000000;\">Torilla<\/span><\/figcaption><\/figure>\n<p><span style=\"color: #000000;\">\u00a0<\/span>Merkitt\u00e4v\u00e4 p\u00e4iv\u00e4 oli p\u00e4\u00e4t\u00f6ksess\u00e4. Auttamisesta tuli itsellekin autettu olo. Toisaalta syntyi my\u00f6s vahva halu olla toistekin tukemassa t\u00e4rke\u00e4\u00e4 asiaa.<\/p>\n","protected":false},"excerpt":{"rendered":"<p>Eevert on her\u00e4nnyt varhain. T\u00e4n\u00e4\u00e4n on t\u00e4rke\u00e4 p\u00e4iv\u00e4 ja vastuullisia teht\u00e4vi\u00e4 on osunut my\u00f6s Eevertille. Kyl\u00e4n torille on ajettu jo edellisen\u00e4 p\u00e4iv\u00e4n\u00e4 kunnon soppatykki. Siin\u00e4 sitten keitell\u00e4\u00e4n valtaisa m\u00e4\u00e4r\u00e4 joulupuuroa ja jota jaetaan kaikille ohikulkijoille pitkin p\u00e4iv\u00e4\u00e4. Eevertill\u00e4 on oma jakovuoronsa t\u00e4n\u00e4\u00e4n iltap\u00e4iv\u00e4ll\u00e4. \u00a0Hyviss\u00e4ajoin Eevert suuntaa tapahtumapaikalle. Tunnelma on k\u00e4sinkosketeltava ja tuntuu olevan kaikki kohdallaan. [&hellip;]<\/p>\n","protected":false},"author":1,"featured_media":0,"comment_status":"open","ping_status":"open","sticky":false,"template":"","format":"standard","meta":{"footnotes":""},"categories":[],"tags":[],"class_list":["post-8121","post","type-post","status-publish","format-standard","hentry"],"_links":{"self":[{"href":"https:\/\/www.kinanen.fi\/nukkekoti\/wp-json\/wp\/v2\/posts\/8121","targetHints":{"allow":["GET"]}}],"collection":[{"href":"https:\/\/www.kinanen.fi\/nukkekoti\/wp-json\/wp\/v2\/posts"}],"about":[{"href":"https:\/\/www.kinanen.fi\/nukkekoti\/wp-json\/wp\/v2\/types\/post"}],"author":[{"embeddable":true,"href":"https:\/\/www.kinanen.fi\/nukkekoti\/wp-json\/wp\/v2\/users\/1"}],"replies":[{"embeddable":true,"href":"https:\/\/www.kinanen.fi\/nukkekoti\/wp-json\/wp\/v2\/comments?post=8121"}],"version-history":[{"count":4,"href":"https:\/\/www.kinanen.fi\/nukkekoti\/wp-json\/wp\/v2\/posts\/8121\/revisions"}],"predecessor-version":[{"id":8466,"href":"https:\/\/www.kinanen.fi\/nukkekoti\/wp-json\/wp\/v2\/posts\/8121\/revisions\/8466"}],"wp:attachment":[{"href":"https:\/\/www.kinanen.fi\/nukkekoti\/wp-json\/wp\/v2\/media?parent=8121"}],"wp:term":[{"taxonomy":"category","embeddable":true,"href":"https:\/\/www.kinanen.fi\/nukkekoti\/wp-json\/wp\/v2\/categories?post=8121"},{"taxonomy":"post_tag","embeddable":true,"href":"https:\/\/www.kinanen.fi\/nukkekoti\/wp-json\/wp\/v2\/tags?post=8121"}],"curies":[{"name":"wp","href":"https:\/\/api.w.org\/{rel}","templated":true}]}}