{"id":8166,"date":"2014-12-17T00:30:19","date_gmt":"2014-12-16T22:30:19","guid":{"rendered":"http:\/\/kinanen.fi\/wordpress\/?p=8166"},"modified":"2014-12-28T13:49:55","modified_gmt":"2014-12-28T11:49:55","slug":"17-12-3","status":"publish","type":"post","link":"https:\/\/www.kinanen.fi\/nukkekoti\/17-12-3\/","title":{"rendered":"17.12."},"content":{"rendered":"<p><span style=\"color: #000000;\">Viikko viel\u00e4 Jouluun tuumaa Eevert aamulla tutkiessaan sein\u00e4kalenteria. Nopeasti p\u00e4iv\u00e4t kuluvat. Mik\u00e4s merkint\u00e4 t\u00e4\u00e4ll\u00e4 on \u2013 juuri t\u00e4lle p\u00e4iv\u00e4lle kirjoitettuna: Porkkanat.<\/span><\/p>\n<figure id=\"attachment_8186\" aria-describedby=\"caption-attachment-8186\" style=\"width: 504px\" class=\"wp-caption aligncenter\"><a style=\"color: #000000;\" href=\"http:\/\/kinanen.fi\/wordpress\/wp-content\/uploads\/2014\/12\/IMG_2826.jpg\"><img fetchpriority=\"high\" decoding=\"async\" class=\" wp-image-8186\" src=\"http:\/\/kinanen.fi\/wordpress\/wp-content\/uploads\/2014\/12\/IMG_2826.jpg\" alt=\"Kalenteri\" width=\"504\" height=\"457\" \/><\/a><figcaption id=\"caption-attachment-8186\" class=\"wp-caption-text\"><\/span> <span style=\"color: #000000;\">Kalenteri<\/span><\/figcaption><\/figure>\n<p><span style=\"color: #000000;\">\u00a0<\/span>Eevert raapii korvallistaan. Mit\u00e4h\u00e4n porkkanoita t\u00e4m\u00e4 oikein tarkoittaa. Viel\u00e4 on hieman aikaista tehd\u00e4 joululaatikoita. Mill\u00e4\u00e4n en nyt muista, harmittelee Eeevert ja ryhtyy kahvin keittoon. Jospa hyv\u00e4 ja vahva kahvi virkist\u00e4isi muistia.<\/p>\n<p><span style=\"color: #000000;\">Ja virkistyyh\u00e4n se. Suurinpiirtein samoihin aikoihin kun naapurin is\u00e4nt\u00e4 saapastelee keitti\u00f6\u00f6n. El\u00e4inten talvituokintapaikat laitetaan t\u00e4n\u00e4\u00e4n kuntoon. Takametsiss\u00e4 on viel\u00e4 sen verran sulaa ja lumetonta maastoa ett\u00e4 sinne saa hyvin viety\u00e4 ruokalastit k\u00e4rryill\u00e4.\u00a0<\/span><\/p>\n<p><span style=\"color: #000000;\">Miehet h\u00f6rpp\u00e4\u00e4v\u00e4t viel\u00e4 personkupit ja l\u00e4htev\u00e4t sitten p\u00e4iv\u00e4 urakkaan. Ruokailupaikkojen t\u00e4ydent\u00e4minen talveksi on pitk\u00e4 perinne ja jokainen talo siit\u00e4 vuorollaan pit\u00e4\u00e4 huolta.<\/span><\/p>\n<figure id=\"attachment_8172\" aria-describedby=\"caption-attachment-8172\" style=\"width: 474px\" class=\"wp-caption aligncenter\"><a style=\"color: #000000;\" href=\"http:\/\/kinanen.fi\/wordpress\/wp-content\/uploads\/2014\/12\/Mets\u00e4njoulu4.jpg\"><img decoding=\"async\" class=\" wp-image-8172\" src=\"http:\/\/kinanen.fi\/wordpress\/wp-content\/uploads\/2014\/12\/Mets\u00e4njoulu4.jpg\" alt=\"T\u00e4hystyskoppi\" width=\"474\" height=\"632\" \/><\/a><figcaption id=\"caption-attachment-8172\" class=\"wp-caption-text\"><\/span> <span style=\"color: #000000;\">T\u00e4hystyskoppi<\/span><\/figcaption><\/figure>\n<p><span style=\"color: #000000;\">\u00a0<\/span>Ruokintapaikalla on pieni vaja korkeiden jalkojen p\u00e4\u00e4ll\u00e4. T\u00e4hystysmaja. Joskus siell\u00e4 on Eevertkin istuskellut ja kameran kanssa koittanut saada mets\u00e4n el\u00e4imi\u00e4 taltioiduksi. Joskus on onnistunutkin. Viime kes\u00e4n\u00e4 kameraan tarttui karhu. Komea karhu se olikin! Olipa niit\u00e4 joskus liikkeell\u00e4 kaksikin kappaletta, mutta eiv\u00e4t osuneet samaan kuvaan. Kyll\u00e4 se vain j\u00e4nnitti kun mets\u00e4n kuningas ihan vieress\u00e4 tallustelee.<\/p>\n<figure id=\"attachment_8183\" aria-describedby=\"caption-attachment-8183\" style=\"width: 314px\" class=\"wp-caption aligncenter\"><a style=\"color: #000000;\" href=\"http:\/\/kinanen.fi\/wordpress\/wp-content\/uploads\/2014\/12\/karhu3.png\"><img decoding=\"async\" class=\"size-full wp-image-8183\" src=\"http:\/\/kinanen.fi\/wordpress\/wp-content\/uploads\/2014\/12\/karhu3.png\" alt=\"Karhu\" width=\"314\" height=\"342\" \/><\/a><figcaption id=\"caption-attachment-8183\" class=\"wp-caption-text\"><\/span> <span style=\"color: #000000;\">Karhu<\/span><\/figcaption><\/figure>\n<p><span style=\"color: #000000;\">\u00a0<\/span>Miehet suuntaavat ensin naapurin maakellariin. Naapurilla on oikein iso kellari t\u00e4ynn\u00e4ns\u00e4 perunoita ja juureksia. K\u00e4rryyn lastataan melkoinen kuorma porkkanoita. Siin\u00e4 on j\u00e4niksill\u00e4 sy\u00f6mist\u00e4, naurahtaa Eevert katselless\u00e4\u00e4n tuhansien porkkanoiden kasaa.<\/p>\n<p><span style=\"color: #000000;\">Porkkanoilla herkuttelevat my\u00f6s muut mets\u00e4n asukit. Erityisesti peurat pit\u00e4v\u00e4t niist\u00e4, kertoo is\u00e4nt\u00e4 asentaessaa tolpan p\u00e4\u00e4h\u00e4n suolakive\u00e4 isompien vieraiden tarpeita ajatellen.<\/span><\/p>\n<figure id=\"attachment_8179\" aria-describedby=\"caption-attachment-8179\" style=\"width: 480px\" class=\"wp-caption aligncenter\"><a style=\"color: #000000;\" href=\"http:\/\/kinanen.fi\/wordpress\/wp-content\/uploads\/2014\/12\/P1130028.jpg\"><img loading=\"lazy\" decoding=\"async\" class=\"wp-image-8179 size-full\" src=\"http:\/\/kinanen.fi\/wordpress\/wp-content\/uploads\/2014\/12\/P1130028.jpg\" alt=\"P1130028\" width=\"480\" height=\"640\" \/><\/a><figcaption id=\"caption-attachment-8179\" class=\"wp-caption-text\"><\/span> <span style=\"color: #000000;\">Talviruokintaa<\/span><\/figcaption><\/figure>\n<p><span style=\"color: #000000;\">\u00a0<\/span><\/p>\n<p><span style=\"color: #000000;\">Mets\u00e4st\u00e4 palatessa tervehdit\u00e4\u00e4n viel\u00e4 naapurin yl\u00e4maankarjaa. Kyll\u00e4 ovatkin m\u00e4rki\u00e4. Eilisen kuivan lumisateen j\u00e4lkeen on tullut t\u00e4ysi vesikeli. M\u00e4rkyys ei tuntunut el\u00e4imi\u00e4 haittaavan vaan yht\u00e4 yst\u00e4v\u00e4llisesti sen tervehtiv\u00e4t kulkijoita kuin ennenkin.<\/span><\/p>\n<figure id=\"attachment_8181\" aria-describedby=\"caption-attachment-8181\" style=\"width: 503px\" class=\"wp-caption aligncenter\"><a style=\"color: #000000;\" href=\"http:\/\/kinanen.fi\/wordpress\/wp-content\/uploads\/2014\/12\/P1130044.jpg\"><img loading=\"lazy\" decoding=\"async\" class=\" wp-image-8181\" src=\"http:\/\/kinanen.fi\/wordpress\/wp-content\/uploads\/2014\/12\/P1130044.jpg\" alt=\"Karjaa\" width=\"503\" height=\"377\" \/><\/a><figcaption id=\"caption-attachment-8181\" class=\"wp-caption-text\"><\/span> <span style=\"color: #000000;\">Karjaa<\/span><\/figcaption><\/figure>\n<p><span style=\"color: #000000;\">\u00a0<\/span>Reissu saatiin tehty\u00e4 hyviss\u00e4 ajoin. Kotona Eevert viel\u00e4 ripusteli linnuille talviev\u00e4st\u00e4 pihapuuhun sek\u00e4 t\u00e4ytti lintulaudan makoisilla jyv\u00e4sill\u00e4.<\/p>\n<figure id=\"attachment_8182\" aria-describedby=\"caption-attachment-8182\" style=\"width: 499px\" class=\"wp-caption aligncenter\"><a style=\"color: #000000;\" href=\"http:\/\/kinanen.fi\/wordpress\/wp-content\/uploads\/2014\/12\/P1130089.jpg\"><img loading=\"lazy\" decoding=\"async\" class=\" wp-image-8182\" src=\"http:\/\/kinanen.fi\/wordpress\/wp-content\/uploads\/2014\/12\/P1130089.jpg\" alt=\"Talipallo\" width=\"499\" height=\"399\" \/><\/a><figcaption id=\"caption-attachment-8182\" class=\"wp-caption-text\"><\/span> <span style=\"color: #000000;\">Talipallo<\/span><\/figcaption><\/figure>\n<p><span style=\"color: #000000;\">\u00a0<\/span>Vanha ilahduttaja T\u00f6ntt\u00f6tiainen leh\u00e4hti oitis paikalle ja naksutteli nokkaansa kiitokseksi herkuista.<\/p>\n<figure id=\"attachment_8187\" aria-describedby=\"caption-attachment-8187\" style=\"width: 501px\" class=\"wp-caption aligncenter\"><a style=\"color: #000000;\" href=\"http:\/\/kinanen.fi\/wordpress\/wp-content\/uploads\/2014\/12\/IMG_2829.jpg\"><img loading=\"lazy\" decoding=\"async\" class=\" wp-image-8187\" src=\"http:\/\/kinanen.fi\/wordpress\/wp-content\/uploads\/2014\/12\/IMG_2829.jpg\" alt=\"T\u00f6ntt\u00f6tiainen\" width=\"501\" height=\"481\" \/><\/a><figcaption id=\"caption-attachment-8187\" class=\"wp-caption-text\"><\/span> <span style=\"color: #000000;\">T\u00f6ntt\u00f6tiainen<\/span><\/figcaption><\/figure>\n<p><span style=\"color: #000000;\">\u00a0<\/span>Ilta tuli ja Eeverti\u00e4 ramasi kovin. H\u00e4n sytytti takkaan tulen, istahti tuoliin sen eteen, otti lehden k\u00e4teens\u00e4 ja hetkess\u00e4 vaipui uneen pehme\u00e4ss\u00e4 l\u00e4mm\u00f6ss\u00e4.<\/p>\n<figure id=\"attachment_8176\" aria-describedby=\"caption-attachment-8176\" style=\"width: 501px\" class=\"wp-caption aligncenter\"><a style=\"color: #000000;\" href=\"http:\/\/kinanen.fi\/wordpress\/wp-content\/uploads\/2014\/12\/P1120343.jpg\"><img loading=\"lazy\" decoding=\"async\" class=\" wp-image-8176\" src=\"http:\/\/kinanen.fi\/wordpress\/wp-content\/uploads\/2014\/12\/P1120343.jpg\" alt=\"Ilta\" width=\"501\" height=\"420\" \/><\/a><figcaption id=\"caption-attachment-8176\" class=\"wp-caption-text\"><\/span> <span style=\"color: #000000;\">Ilta<\/span><\/figcaption><\/figure>\n<p><span style=\"color: #000000;\">\u00a0<\/span>Em\u00e4nt\u00e4kissa ja pikkukoira Tenho asettuvat miehen jalkojen juureen. Pian ovat unessa nekin. Talossa on hiljaista ja rauhallista.<\/p>\n","protected":false},"excerpt":{"rendered":"<p>Viikko viel\u00e4 Jouluun tuumaa Eevert aamulla tutkiessaan sein\u00e4kalenteria. Nopeasti p\u00e4iv\u00e4t kuluvat. Mik\u00e4s merkint\u00e4 t\u00e4\u00e4ll\u00e4 on \u2013 juuri t\u00e4lle p\u00e4iv\u00e4lle kirjoitettuna: Porkkanat. \u00a0Eevert raapii korvallistaan. Mit\u00e4h\u00e4n porkkanoita t\u00e4m\u00e4 oikein tarkoittaa. Viel\u00e4 on hieman aikaista tehd\u00e4 joululaatikoita. Mill\u00e4\u00e4n en nyt muista, harmittelee Eeevert ja ryhtyy kahvin keittoon. Jospa hyv\u00e4 ja vahva kahvi virkist\u00e4isi muistia. Ja virkistyyh\u00e4n se. [&hellip;]<\/p>\n","protected":false},"author":1,"featured_media":0,"comment_status":"open","ping_status":"open","sticky":false,"template":"","format":"standard","meta":{"footnotes":""},"categories":[],"tags":[],"class_list":["post-8166","post","type-post","status-publish","format-standard","hentry"],"_links":{"self":[{"href":"https:\/\/www.kinanen.fi\/nukkekoti\/wp-json\/wp\/v2\/posts\/8166","targetHints":{"allow":["GET"]}}],"collection":[{"href":"https:\/\/www.kinanen.fi\/nukkekoti\/wp-json\/wp\/v2\/posts"}],"about":[{"href":"https:\/\/www.kinanen.fi\/nukkekoti\/wp-json\/wp\/v2\/types\/post"}],"author":[{"embeddable":true,"href":"https:\/\/www.kinanen.fi\/nukkekoti\/wp-json\/wp\/v2\/users\/1"}],"replies":[{"embeddable":true,"href":"https:\/\/www.kinanen.fi\/nukkekoti\/wp-json\/wp\/v2\/comments?post=8166"}],"version-history":[{"count":6,"href":"https:\/\/www.kinanen.fi\/nukkekoti\/wp-json\/wp\/v2\/posts\/8166\/revisions"}],"predecessor-version":[{"id":8465,"href":"https:\/\/www.kinanen.fi\/nukkekoti\/wp-json\/wp\/v2\/posts\/8166\/revisions\/8465"}],"wp:attachment":[{"href":"https:\/\/www.kinanen.fi\/nukkekoti\/wp-json\/wp\/v2\/media?parent=8166"}],"wp:term":[{"taxonomy":"category","embeddable":true,"href":"https:\/\/www.kinanen.fi\/nukkekoti\/wp-json\/wp\/v2\/categories?post=8166"},{"taxonomy":"post_tag","embeddable":true,"href":"https:\/\/www.kinanen.fi\/nukkekoti\/wp-json\/wp\/v2\/tags?post=8166"}],"curies":[{"name":"wp","href":"https:\/\/api.w.org\/{rel}","templated":true}]}}