{"id":8190,"date":"2014-12-18T00:30:11","date_gmt":"2014-12-17T22:30:11","guid":{"rendered":"http:\/\/kinanen.fi\/wordpress\/?p=8190"},"modified":"2014-12-28T13:48:47","modified_gmt":"2014-12-28T11:48:47","slug":"18-12-3","status":"publish","type":"post","link":"https:\/\/www.kinanen.fi\/nukkekoti\/18-12-3\/","title":{"rendered":"18.12."},"content":{"rendered":"<p><span style=\"color: #000000;\">Eevert on nukkunut nojatuolissaan koko y\u00f6n! Ai kauhistus sent\u00e4\u00e4n, kun paikkoja kolottaa. Kuinkas sit\u00e4 nyt n\u00e4in p\u00e4\u00e4si nukahtamaan sikiuneen, ett\u00e4 ei ole omaan s\u00e4nkyyns\u00e4 muistanut k\u00f6mpi\u00e4. Eevert hieroo niskojaan ja kylki\u00e4\u00e4n siirtyess\u00e4\u00e4n keitti\u00f6\u00f6n aamukahvin keittoon. Tuli virisi pes\u00e4\u00e4n ja pian iloinen ritin\u00e4 t\u00e4ytti huoneen.<\/span><\/p>\n<figure id=\"attachment_8193\" aria-describedby=\"caption-attachment-8193\" style=\"width: 498px\" class=\"wp-caption aligncenter\"><a style=\"color: #000000;\" href=\"http:\/\/kinanen.fi\/wordpress\/wp-content\/uploads\/2014\/12\/IMG_2832.jpg\"><img fetchpriority=\"high\" decoding=\"async\" class=\" wp-image-8193\" src=\"http:\/\/kinanen.fi\/wordpress\/wp-content\/uploads\/2014\/12\/IMG_2832.jpg\" alt=\"Kahvinkeittoa\" width=\"498\" height=\"616\" \/><\/a><figcaption id=\"caption-attachment-8193\" class=\"wp-caption-text\"><\/span> <span style=\"color: #000000;\">Kahvinkeittoa<\/span><\/figcaption><\/figure>\n<p><span style=\"color: #000000;\">\u00a0<\/span>Eevert katselee ikkunasta ulos. Sataa lunta. Kovin on vaihtelevaista t\u00e4m\u00e4 s\u00e4\u00e4, hym\u00e4ht\u00e4\u00e4 mies muistaessaan eilisen vesisateen. Nyt maa on taas valkoinen ja puhtoinen. \u00c4kki\u00e4 tienvierustat likaantuvat jos m\u00e4rk\u00e4\u00e4 tulee. Postikorttimainen keli, mik\u00e4 sen mukavampaa.<\/p>\n<p><span style=\"color: #000000;\">Kaunis p\u00e4iv\u00e4 houkuttaa ulkoilemaan. Eevert k\u00e4velee kyl\u00e4tiet\u00e4. Kummallinen s\u00e4ks\u00e4tys tuntuu seuraavan miest\u00e4. Mist\u00e4s se kuuluu? Eevert koittaa paikallistaa \u00e4\u00e4nen, mutta tihenev\u00e4ss\u00e4 lumisateessa se on hankalaa.<\/span><\/p>\n<p><span style=\"color: #000000;\">Vai siell\u00e4! Huudahtaa Eevert.<\/span><\/p>\n<figure id=\"attachment_8194\" aria-describedby=\"caption-attachment-8194\" style=\"width: 427px\" class=\"wp-caption aligncenter\"><a style=\"color: #000000;\" href=\"http:\/\/kinanen.fi\/wordpress\/wp-content\/uploads\/2014\/12\/IMG_2836.jpg\"><img decoding=\"async\" class=\"size-full wp-image-8194\" src=\"http:\/\/kinanen.fi\/wordpress\/wp-content\/uploads\/2014\/12\/IMG_2836.jpg\" alt=\"Puu\" width=\"427\" height=\"640\" \/><\/a><figcaption id=\"caption-attachment-8194\" class=\"wp-caption-text\"><\/span> <span style=\"color: #000000;\">Puu<\/span><\/figcaption><\/figure>\n<p><span style=\"color: #000000;\">\u00a0<\/span>L\u00e4heisiss\u00e4 puissa oravat rullaavat vinhasti puunrunkoja ymp\u00e4ri ja s\u00e4ks\u00e4tt\u00e4v\u00e4t toisilleen. Mahtaa niill\u00e4 olla kisa menossa. Vuoroin kurkkivat eri puolilta puuta. <strong>Pumpulimaisen lumen sataessa oli mukava kulkea ja katsoa el\u00e4inten iloa.<\/strong><\/p>\n<p><span style=\"color: #000000;\">Eevertill\u00e4 on aina taskunpohjalla jotakin tarjottavaa pikkuyst\u00e4ville. Muutamia Oravan Herkkupussin antimia\u00a0l\u00f6ytyi nytkin. Eevert osallistui hetken oravien keskusteluun s\u00e4k\u00e4tt\u00e4en samalla tavalla. Rohkeampi niist\u00e4 tuli jo l\u00e4hemm\u00e4s kuusenoksille keikkumaan. Eevert asetti herkkupallot\u00a0kannon p\u00e4\u00e4lle. Pian oravakaverukset k\u00e4viv\u00e4t ne poimimassa parempaan talteen. Aika paljon muuten mahtuuu noihin poskiin p\u00e4hkin\u00f6it\u00e4, naurahti Eevert ja jatkoi matkaansa.<\/span><\/p>\n<figure id=\"attachment_8196\" aria-describedby=\"caption-attachment-8196\" style=\"width: 501px\" class=\"wp-caption aligncenter\"><a style=\"color: #000000;\" href=\"http:\/\/kinanen.fi\/wordpress\/wp-content\/uploads\/2014\/12\/IMG_2840.jpg\"><img decoding=\"async\" class=\" wp-image-8196\" src=\"http:\/\/kinanen.fi\/wordpress\/wp-content\/uploads\/2014\/12\/IMG_2840.jpg\" alt=\"Herkut\" width=\"501\" height=\"334\" \/><\/a><figcaption id=\"caption-attachment-8196\" class=\"wp-caption-text\"><\/span> <span style=\"color: #000000;\">Herkut<\/span><\/figcaption><\/figure>\n<p><span style=\"color: #000000;\">\u00a0<\/span>Kotimatkalla Eevert poikkesi Marja-mummon m\u00f6kille. Eevertill\u00e4 oli tapana k\u00e4yd\u00e4 v\u00e4lill\u00e4 auttelemassa mummoa. Nytkin tarttui jo ennen sis\u00e4lle menemist\u00e4 kirveeseen ja pilkkoi muutaman sylillisen puita. Ensimm\u00e4isen kantoi mukanaan tupaan ja tervehti mummoa. Aina iloisena ja hyv\u00e4ntuulisena mummo otti vieraan vastaan. Kuulumiset vaihdettiin marjamehua samalla juoden. Mummo teki mit\u00e4 parhainta marjamehua joka vuosi. Ilokseen sit\u00e4 maisteli varmasti jokainen vieras. Viimeiseksi Eevert viel\u00e4 kantoi sis\u00e4\u00e4n loput pilkotut puut ja lupasi tulla taas joku p\u00e4iv\u00e4 uudelleen.<\/p>\n<figure id=\"attachment_8175\" aria-describedby=\"caption-attachment-8175\" style=\"width: 500px\" class=\"wp-caption aligncenter\"><a style=\"color: #000000;\" href=\"http:\/\/kinanen.fi\/wordpress\/wp-content\/uploads\/2014\/12\/P1120335.jpg\"><img loading=\"lazy\" decoding=\"async\" class=\" wp-image-8175\" src=\"http:\/\/kinanen.fi\/wordpress\/wp-content\/uploads\/2014\/12\/P1120335.jpg\" alt=\"Puiden pilkkomista\" width=\"500\" height=\"470\" \/><\/a><figcaption id=\"caption-attachment-8175\" class=\"wp-caption-text\"><\/span> <span style=\"color: #000000;\">Puiden pilkkomista<\/span><\/figcaption><\/figure>\n<p><span style=\"color: #000000;\">\u00a0<\/span>Kotona Eevert kertasi p\u00e4iv\u00e4\u00e4ns\u00e4 ja ajatteli, ett\u00e4 t\u00e4n\u00e4\u00e4n oli hyv\u00e4 p\u00e4iv\u00e4, vaikka y\u00f6n kummallinen nukkuma-asento kolotti viel\u00e4kin kehossa.<\/p>\n","protected":false},"excerpt":{"rendered":"<p>Eevert on nukkunut nojatuolissaan koko y\u00f6n! Ai kauhistus sent\u00e4\u00e4n, kun paikkoja kolottaa. Kuinkas sit\u00e4 nyt n\u00e4in p\u00e4\u00e4si nukahtamaan sikiuneen, ett\u00e4 ei ole omaan s\u00e4nkyyns\u00e4 muistanut k\u00f6mpi\u00e4. Eevert hieroo niskojaan ja kylki\u00e4\u00e4n siirtyess\u00e4\u00e4n keitti\u00f6\u00f6n aamukahvin keittoon. Tuli virisi pes\u00e4\u00e4n ja pian iloinen ritin\u00e4 t\u00e4ytti huoneen. \u00a0Eevert katselee ikkunasta ulos. Sataa lunta. Kovin on vaihtelevaista t\u00e4m\u00e4 s\u00e4\u00e4, [&hellip;]<\/p>\n","protected":false},"author":1,"featured_media":0,"comment_status":"open","ping_status":"open","sticky":false,"template":"","format":"standard","meta":{"footnotes":""},"categories":[],"tags":[],"class_list":["post-8190","post","type-post","status-publish","format-standard","hentry"],"_links":{"self":[{"href":"https:\/\/www.kinanen.fi\/nukkekoti\/wp-json\/wp\/v2\/posts\/8190","targetHints":{"allow":["GET"]}}],"collection":[{"href":"https:\/\/www.kinanen.fi\/nukkekoti\/wp-json\/wp\/v2\/posts"}],"about":[{"href":"https:\/\/www.kinanen.fi\/nukkekoti\/wp-json\/wp\/v2\/types\/post"}],"author":[{"embeddable":true,"href":"https:\/\/www.kinanen.fi\/nukkekoti\/wp-json\/wp\/v2\/users\/1"}],"replies":[{"embeddable":true,"href":"https:\/\/www.kinanen.fi\/nukkekoti\/wp-json\/wp\/v2\/comments?post=8190"}],"version-history":[{"count":5,"href":"https:\/\/www.kinanen.fi\/nukkekoti\/wp-json\/wp\/v2\/posts\/8190\/revisions"}],"predecessor-version":[{"id":8464,"href":"https:\/\/www.kinanen.fi\/nukkekoti\/wp-json\/wp\/v2\/posts\/8190\/revisions\/8464"}],"wp:attachment":[{"href":"https:\/\/www.kinanen.fi\/nukkekoti\/wp-json\/wp\/v2\/media?parent=8190"}],"wp:term":[{"taxonomy":"category","embeddable":true,"href":"https:\/\/www.kinanen.fi\/nukkekoti\/wp-json\/wp\/v2\/categories?post=8190"},{"taxonomy":"post_tag","embeddable":true,"href":"https:\/\/www.kinanen.fi\/nukkekoti\/wp-json\/wp\/v2\/tags?post=8190"}],"curies":[{"name":"wp","href":"https:\/\/api.w.org\/{rel}","templated":true}]}}