{"id":8199,"date":"2014-12-19T00:30:19","date_gmt":"2014-12-18T22:30:19","guid":{"rendered":"http:\/\/kinanen.fi\/wordpress\/?p=8199"},"modified":"2014-12-28T13:47:49","modified_gmt":"2014-12-28T11:47:49","slug":"19-12-3","status":"publish","type":"post","link":"https:\/\/www.kinanen.fi\/nukkekoti\/19-12-3\/","title":{"rendered":"19.12."},"content":{"rendered":"<p><span style=\"color: #000000;\">Aamu sarastaa. Eevert loikoilee viel\u00e4 makuukamarissaan. Kiire ei ole minnekk\u00e4\u00e4n. On hyv\u00e4 asia. Niin monella on n\u00e4ihin aikoihin jo kova kiire. Miksih\u00e4n se joulun l\u00e4hestyminen tekee ihmisille kiireen? Sit\u00e4 on hyv\u00e4 mietti\u00e4 ihan tarkkaan. Minne meill\u00e4 on niin kiire. No, jokaisella on ne omat menonsa ja arvojensa mukaiset asiat hoidettavana. Kunnioitetaan niit\u00e4. Eeverttil\u00e4ss\u00e4 kiireest\u00e4 ei ainakaan t\u00e4n\u00e4\u00e4n ole tietoa.<\/span><\/p>\n<figure id=\"attachment_8174\" aria-describedby=\"caption-attachment-8174\" style=\"width: 501px\" class=\"wp-caption aligncenter\"><a style=\"color: #000000;\" href=\"http:\/\/kinanen.fi\/wordpress\/wp-content\/uploads\/2014\/12\/P1120177.jpg\"><img fetchpriority=\"high\" decoding=\"async\" class=\" wp-image-8174\" src=\"http:\/\/kinanen.fi\/wordpress\/wp-content\/uploads\/2014\/12\/P1120177.jpg\" alt=\"Makuukamari\" width=\"501\" height=\"376\" \/><\/a><figcaption id=\"caption-attachment-8174\" class=\"wp-caption-text\"><\/span> <span style=\"color: #000000;\">Makuukamari<\/span><\/figcaption><\/figure>\n<p><span style=\"color: #000000;\">\u00a0<\/span>V\u00e4hitellen mies siirtyy keitti\u00f6\u00f6n. Sytyttelee kynttil\u00f6it\u00e4, avaa <a style=\"color: #000000;\" href=\"www.jouluradio.fi\">Jouluradion<\/a> ja nautii aamun sinert\u00e4v\u00e4st\u00e4 hetketkest\u00e4 katsellen ikkunasta ulos.<\/p>\n<p><span style=\"color: #000000;\">T\u00e4n\u00e4\u00e4n laitetaan muutama joulutervehdys. Joitakin l\u00e4himpi\u00e4 yst\u00e4vi\u00e4\u00e4n Eevertilla on ollut tapana muistaa joulunaikaan. Jo varhain syksyll\u00e4 ovat lahjat l\u00f6ytyneet ja laitettu visusti piiloon. Joskus niin hyv\u00e4\u00e4n piiloon, ett\u00e4 niit\u00e4 ei edes l\u00f6ydy ajoissa.\u00a0<\/span><\/p>\n<figure id=\"attachment_8203\" aria-describedby=\"caption-attachment-8203\" style=\"width: 500px\" class=\"wp-caption aligncenter\"><a style=\"color: #000000;\" href=\"http:\/\/kinanen.fi\/wordpress\/wp-content\/uploads\/2014\/12\/IMG_2844.jpg\"><img decoding=\"async\" class=\" wp-image-8203\" src=\"http:\/\/kinanen.fi\/wordpress\/wp-content\/uploads\/2014\/12\/IMG_2844.jpg\" alt=\"Pakettipaperia\" width=\"500\" height=\"452\" \/><\/a><figcaption id=\"caption-attachment-8203\" class=\"wp-caption-text\"><\/span> <span style=\"color: #000000;\">Pakettipaperia<\/span><\/figcaption><\/figure>\n<p><span style=\"color: #000000;\">\u00a0<\/span>Joskus Eevert on jopa paketoinut ne valmiiksi ja silloin k\u00e4y niin, ett\u00e4 Eevert ei en\u00e4\u00e4 itsek\u00e4\u00e4n ole kovin varma siit\u00e4 mit\u00e4 kauniiden paperien alle on k\u00e4tketty. Siit\u00e4 mies varsinaisesti viis veisaa, sill\u00e4 n\u00e4inh\u00e4n jouluyll\u00e4tykset ovat my\u00f6s h\u00e4nelle yll\u00e4tyksi\u00e4. Mit\u00e4 lie joulupukki niihin piilottanut?<\/p>\n<p><span style=\"color: #000000;\">Nyt paketteja ei ole valmiiksi paketoitu, joten alkuun on otettava esiin\u00a0kaunista paperia, sakset ja\u00a0teippi\u00e4.<\/span><\/p>\n<figure id=\"attachment_8204\" aria-describedby=\"caption-attachment-8204\" style=\"width: 500px\" class=\"wp-caption aligncenter\"><a style=\"color: #000000;\" href=\"http:\/\/kinanen.fi\/wordpress\/wp-content\/uploads\/2014\/12\/IMG_2846.jpg\"><img decoding=\"async\" class=\" wp-image-8204\" src=\"http:\/\/kinanen.fi\/wordpress\/wp-content\/uploads\/2014\/12\/IMG_2846.jpg\" alt=\"Paketteja\" width=\"500\" height=\"408\" \/><\/a><figcaption id=\"caption-attachment-8204\" class=\"wp-caption-text\"><\/span> <span style=\"color: #000000;\">Paketteja<\/span><\/figcaption><\/figure>\n<p><span style=\"color: #000000;\">\u00a0<\/span>Paketin p\u00e4\u00e4lle Eevert tekee\u00a0ihan omin k\u00e4sin kortin. No, ne ovat usein aika persoonallisia. Ison miehen sormet eiv\u00e4t aina taivu ihan kaikkeen siihen mit\u00e4 sielun silmin n\u00e4kee tapahtuvan kun tuosta v\u00e4h\u00e4n k\u00e4\u00e4nt\u00e4\u00e4 tai n\u00e4in v\u00e4h\u00e4n leikkaa. Hienoja ne aina ovat kuitenkin.<\/p>\n<p><span style=\"color: #000000;\">Kortin sis\u00e4puolelle kirjoitetaan v\u00e4rssy. Jos on itse keksitty, niin aina parempi. Monta kertaa menee kyn\u00e4 suuhun kun yritt\u00e4\u00e4 keksi\u00e4 sopivia riimej\u00e4.<\/span><\/p>\n<p><span style=\"color: #000000;\">\u00a0<\/span><strong>Taivas on t\u00e4ynn\u00e4 t\u00e4hti\u00e4<\/strong><\/p>\n<p><span style=\"color: #000000;\"><strong>ja kuusetkin kuiskii metsiss\u00e4 l\u00e4mp\u00f6\u00e4,<\/strong><\/span><\/p>\n<p><span style=\"color: #000000;\"><strong>joulurauhaa ne meille toivottaa.<\/strong><\/span><\/p>\n<p><span style=\"color: #000000;\"><strong>Joulun rauha, lahja parhain!<\/strong><\/span><\/p>\n<p><span style=\"color: #000000;\">N\u00e4in lukee punaisessa kortissa. Kenelleh\u00e4n se mahtaa olla osoitettu? Osaatko arvata? Kortin Eevert kiinnitt\u00e4\u00e4 isoimpaan pakettiin.<\/span><\/p>\n<p><span style=\"color: #000000;\">Paketteja ei ole montaa, mutta hyvin aika kuluu niiden kanssa. On t\u00e4m\u00e4 yksi mukavimmista p\u00e4ivist\u00e4 n\u00e4ihin aikoihin, huokaisee Eevert saatuaan kaikki kohdalleen.<\/span><\/p>\n<p><span style=\"color: #000000;\">Seuraavaksi sitten ne toimitetaan omistajilleen.<\/span><\/p>\n<figure id=\"attachment_3865\" aria-describedby=\"caption-attachment-3865\" style=\"width: 469px\" class=\"wp-caption aligncenter\"><a style=\"color: #000000;\" href=\"http:\/\/kinanen.fi\/wordpress\/wp-content\/uploads\/2011\/11\/tonttu5.jpg\"><img loading=\"lazy\" decoding=\"async\" class=\"size-full wp-image-3865\" src=\"http:\/\/kinanen.fi\/wordpress\/wp-content\/uploads\/2011\/11\/tonttu5.jpg\" alt=\"Tonttu\" width=\"469\" height=\"640\" \/><\/a><figcaption id=\"caption-attachment-3865\" class=\"wp-caption-text\"><\/span> <span style=\"color: #000000;\">Tonttu<\/span><\/figcaption><\/figure>\n<p><span style=\"color: #000000;\">\u00a0<\/span>Kuinkahan joulupukki sen hoitaisi t\u00e4n\u00e4vuonna, mietiskelee mies hymy huulillaan.<\/p>\n","protected":false},"excerpt":{"rendered":"<p>Aamu sarastaa. Eevert loikoilee viel\u00e4 makuukamarissaan. Kiire ei ole minnekk\u00e4\u00e4n. On hyv\u00e4 asia. Niin monella on n\u00e4ihin aikoihin jo kova kiire. Miksih\u00e4n se joulun l\u00e4hestyminen tekee ihmisille kiireen? Sit\u00e4 on hyv\u00e4 mietti\u00e4 ihan tarkkaan. Minne meill\u00e4 on niin kiire. No, jokaisella on ne omat menonsa ja arvojensa mukaiset asiat hoidettavana. Kunnioitetaan niit\u00e4. Eeverttil\u00e4ss\u00e4 kiireest\u00e4 ei [&hellip;]<\/p>\n","protected":false},"author":1,"featured_media":0,"comment_status":"open","ping_status":"open","sticky":false,"template":"","format":"standard","meta":{"footnotes":""},"categories":[],"tags":[],"class_list":["post-8199","post","type-post","status-publish","format-standard","hentry"],"_links":{"self":[{"href":"https:\/\/www.kinanen.fi\/nukkekoti\/wp-json\/wp\/v2\/posts\/8199","targetHints":{"allow":["GET"]}}],"collection":[{"href":"https:\/\/www.kinanen.fi\/nukkekoti\/wp-json\/wp\/v2\/posts"}],"about":[{"href":"https:\/\/www.kinanen.fi\/nukkekoti\/wp-json\/wp\/v2\/types\/post"}],"author":[{"embeddable":true,"href":"https:\/\/www.kinanen.fi\/nukkekoti\/wp-json\/wp\/v2\/users\/1"}],"replies":[{"embeddable":true,"href":"https:\/\/www.kinanen.fi\/nukkekoti\/wp-json\/wp\/v2\/comments?post=8199"}],"version-history":[{"count":8,"href":"https:\/\/www.kinanen.fi\/nukkekoti\/wp-json\/wp\/v2\/posts\/8199\/revisions"}],"predecessor-version":[{"id":8463,"href":"https:\/\/www.kinanen.fi\/nukkekoti\/wp-json\/wp\/v2\/posts\/8199\/revisions\/8463"}],"wp:attachment":[{"href":"https:\/\/www.kinanen.fi\/nukkekoti\/wp-json\/wp\/v2\/media?parent=8199"}],"wp:term":[{"taxonomy":"category","embeddable":true,"href":"https:\/\/www.kinanen.fi\/nukkekoti\/wp-json\/wp\/v2\/categories?post=8199"},{"taxonomy":"post_tag","embeddable":true,"href":"https:\/\/www.kinanen.fi\/nukkekoti\/wp-json\/wp\/v2\/tags?post=8199"}],"curies":[{"name":"wp","href":"https:\/\/api.w.org\/{rel}","templated":true}]}}