{"id":8239,"date":"2014-12-22T00:30:03","date_gmt":"2014-12-21T22:30:03","guid":{"rendered":"http:\/\/kinanen.fi\/wordpress\/?p=8239"},"modified":"2014-12-28T13:43:56","modified_gmt":"2014-12-28T11:43:56","slug":"22-12-2","status":"publish","type":"post","link":"https:\/\/www.kinanen.fi\/nukkekoti\/22-12-2\/","title":{"rendered":"22.12."},"content":{"rendered":"<p><span style=\"color: #000000;\">Hohhoijaa! kyll\u00e4p\u00e4 nukutti makeasti, totesi Eevert venytelless\u00e4\u00e4n aamulla. Ulkona on viel\u00e4 pime\u00e4\u00e4. Vain lyhdyt valaisevat maisemaa. Elet\u00e4\u00e4n vuoden pimeint\u00e4 aikaa.<\/span><\/p>\n<p><span style=\"color: #000000;\">Eevert tutkii kalenteria ja huomaa ett\u00e4 t\u00e4m\u00e4 pimeys on nyt saavuttanyt m\u00e4\u00e4r\u00e4np\u00e4\u00e4ns\u00e4. T\u00e4n\u00e4\u00e4n on talvip\u00e4iv\u00e4nseisaus. Se tarkoittaa sit\u00e4 ett\u00e4 juuri nyt on y\u00f6 pisimmill\u00e4\u00e4n ja p\u00e4iv\u00e4 lyhyimmill\u00e4\u00e4n. T\u00e4st\u00e4 eteenp\u00e4in valo lis\u00e4\u00e4ntyy kev\u00e4tt\u00e4 kohden. T\u00e4rke\u00e4 taitos. Tosin taitaa se p\u00e4iv\u00e4n venyminen alkuun olla vain 5 min viikkotasolla tapahtuvaa muutosta, naurahtaa Eevert. Kes\u00e4n kynnyksell\u00e4 se on v\u00e4hint\u00e4\u00e4nkin saman verran vuorokaudessa. Vuodenaikojen vaihtelut tuovat rytmi\u00e4 ja sykett\u00e4 el\u00e4m\u00e4\u00e4n. Pime\u00e4ss\u00e4 ajassa on oma vieh\u00e4tyksens\u00e4 ja merkityksens\u00e4. Usein sit\u00e4 ihminenkin hidastuu ja saa samalla tilaa mietti\u00e4 el\u00e4m\u00e4n merkitt\u00e4vi\u00e4 asioita kaikessa rauhassa, ajattelee Eevert.<\/span><\/p>\n<figure id=\"attachment_8244\" aria-describedby=\"caption-attachment-8244\" style=\"width: 478px\" class=\"wp-caption aligncenter\"><a style=\"color: #000000;\" href=\"http:\/\/kinanen.fi\/wordpress\/wp-content\/uploads\/2014\/12\/IMG_6506.jpg\"><img fetchpriority=\"high\" decoding=\"async\" class=\" wp-image-8244\" src=\"http:\/\/kinanen.fi\/wordpress\/wp-content\/uploads\/2014\/12\/IMG_6506.jpg\" alt=\"Pime\u00e4\u00e4 on\" width=\"478\" height=\"637\" \/><\/a><figcaption id=\"caption-attachment-8244\" class=\"wp-caption-text\"><span style=\"color: #000000;\">Pime\u00e4\u00e4 on<\/span><\/figcaption><\/figure>\n<p><span style=\"color: #000000;\">\u00a0<\/span>T\u00e4lle p\u00e4iv\u00e4lle Eevert on suunnitellut poikkeavansa Suntion luona ja viev\u00e4ns\u00e4 joulutervehdyksen samalla perille. Paketti on iso ja on parasta kuljettaa se kelkalla, sen verran painavakin se on. Eevert ottaa mukaansa viel\u00e4 hieman kahvinisua ja varustaa itsens\u00e4 matkaan. Perinteisesti on joulun alla istahdettu Suntion kanssa kertaamaan mennen kauden asioita Kappelilla. Se on t\u00e4rke\u00e4 kahvittelu n\u00e4ille miehille.<\/p>\n<figure id=\"attachment_8245\" aria-describedby=\"caption-attachment-8245\" style=\"width: 427px\" class=\"wp-caption aligncenter\"><a style=\"color: #000000;\" href=\"http:\/\/kinanen.fi\/wordpress\/wp-content\/uploads\/2014\/12\/IMG_2897.jpg\"><img decoding=\"async\" class=\"size-full wp-image-8245\" src=\"http:\/\/kinanen.fi\/wordpress\/wp-content\/uploads\/2014\/12\/IMG_2897.jpg\" alt=\"Kelkka \" width=\"427\" height=\"640\" \/><\/a><figcaption id=\"caption-attachment-8245\" class=\"wp-caption-text\"><span style=\"color: #000000;\">Kelkka<\/span><\/figcaption><\/figure>\n<p><span style=\"color: #000000;\">\u00a0<\/span>Kappeli ja Suntio ovat t\u00e4rkeit\u00e4 my\u00f6s koko kyl\u00e4n v\u00e4elle ja niinp\u00e4 he ovat hyviss\u00e4 ajoin p\u00e4\u00e4tt\u00e4neet laittaa kaupalle pienen ker\u00e4yslistan Suntion ilahduttamiseksi ja kiitokseksi kaikesta siit\u00e4 hyv\u00e4st\u00e4 jota h\u00e4nen kauttaan on kyl\u00e4ll\u00e4 saatu nauttia. Varat on sijoitettu lahjaan, jonka Eevert on luvannut toimittaa perille. T\u00e4n\u00e4\u00e4n on se p\u00e4iv\u00e4. Kiitos sopii hyvin juutri t\u00e4h\u00e4n kohtaan vuodesta, sill\u00e4 \u00a0<strong>Joulu on antamisen juhlaa, <\/strong>paitsi lahjojen<strong>\u00a0<\/strong>my\u00f6s kiitoksen ajakamisen aikaa.<\/p>\n<p><span style=\"color: #000000;\">Ihmisen mieli aivan kuin itsest\u00e4\u00e4n pehmenee tai herkistyy joulun aikaan. Ihan riippumatta uskontokunnasta tai aatemaailmasta. Olisko se t\u00e4m\u00e4 h\u00e4m\u00e4ryys ja pimeys jolloin huomaa kuinka t\u00e4rkeit\u00e4 toiset ihmiset ovat t\u00e4ss\u00e4 el\u00e4m\u00e4ss\u00e4. Vai olisiko se l\u00e4ht\u00f6isin siit\u00e4, ett\u00e4 ymp\u00e4rill\u00e4 on v\u00e4hitellen niin paljon kaunista. Luonto hohtaa omalla maagisella tavallaan ja l\u00e4mpimin v\u00e4rein somistautuvat yht\u00e4lailla monet julkiset paikat kuin koditkin. Kun huomaa ja n\u00e4kee kaunista ymp\u00e4rill\u00e4\u00e4n se vaikuttaa my\u00f6s sisimp\u00e4\u00e4n ja kiitollisuus el\u00e4m\u00e4\u00e4, l\u00e4heisi\u00e4 ja ymp\u00e4rist\u00f6\u00e4 kohtaa korostuvat.<\/span><\/p>\n<figure id=\"attachment_8249\" aria-describedby=\"caption-attachment-8249\" style=\"width: 502px\" class=\"wp-caption aligncenter\"><a style=\"color: #000000;\" href=\"http:\/\/kinanen.fi\/wordpress\/wp-content\/uploads\/2014\/12\/Pallo.jpg\"><img decoding=\"async\" class=\"size-full wp-image-8249\" src=\"http:\/\/kinanen.fi\/wordpress\/wp-content\/uploads\/2014\/12\/Pallo.jpg\" alt=\"Joulupallo\" width=\"502\" height=\"640\" \/><\/a><figcaption id=\"caption-attachment-8249\" class=\"wp-caption-text\"><span style=\"color: #000000;\">Joulupallo<\/span><\/figcaption><\/figure>\n<p><span style=\"color: #000000;\">\u00a0<\/span>Mietteis\u00e4\u00e4n Eevert on kulkenut jo hyv\u00e4n matkaa. Kappeli jo h\u00e4\u00e4m\u00f6tt\u00e4\u00e4 m\u00e4en p\u00e4\u00e4ll\u00e4. Valot siell\u00e4 jo on joten taitaa Suntio olla jo paikanp\u00e4\u00e4ll\u00e4. Viimeiset lykk\u00e4ykset vain ja pian painava kelkka on tuupattu yl\u00f6s saakka.<\/p>\n<p><span style=\"color: #000000;\">Eevertin saavuttua Kappelille oli Suntio jo vastassa ovella.<\/span><\/p>\n<figure id=\"attachment_8251\" aria-describedby=\"caption-attachment-8251\" style=\"width: 480px\" class=\"wp-caption aligncenter\"><a style=\"color: #000000;\" href=\"http:\/\/kinanen.fi\/wordpress\/wp-content\/uploads\/2014\/12\/Katos.jpg\"><img loading=\"lazy\" decoding=\"async\" class=\"size-full wp-image-8251\" src=\"http:\/\/kinanen.fi\/wordpress\/wp-content\/uploads\/2014\/12\/Katos.jpg\" alt=\"Suntio\" width=\"480\" height=\"640\" \/><\/a><figcaption id=\"caption-attachment-8251\" class=\"wp-caption-text\"><span style=\"color: #000000;\">Suntio<\/span><\/figcaption><\/figure>\n<p><span style=\"color: #000000;\">\u00a0<\/span>H\u00e4n kutsuu yst\u00e4v\u00e4nsa sakastin puolelle kahvittelemaan. Turinoinnissa kuluu aika mukavasti. Viimein Eevert ottaa esille lahjapaketin ja arvokkaasti sanansa asettaen ojentaa sen Suntiolle koko kyl\u00e4n yhteisen\u00e4 kiitoksena.<\/p>\n<figure id=\"attachment_8252\" aria-describedby=\"caption-attachment-8252\" style=\"width: 502px\" class=\"wp-caption aligncenter\"><a style=\"color: #000000;\" href=\"http:\/\/kinanen.fi\/wordpress\/wp-content\/uploads\/2014\/12\/IMG_2905.jpg\"><img loading=\"lazy\" decoding=\"async\" class=\" wp-image-8252\" src=\"http:\/\/kinanen.fi\/wordpress\/wp-content\/uploads\/2014\/12\/IMG_2905.jpg\" alt=\"Lahja\" width=\"502\" height=\"471\" \/><\/a><figcaption id=\"caption-attachment-8252\" class=\"wp-caption-text\"><span style=\"color: #000000;\">Lahja<\/span><\/figcaption><\/figure>\n<p><span style=\"color: #000000;\">\u00a0<\/span><\/p>\n<p><span style=\"color: #000000;\">Suntio liikuttuu kohtaamastaan hyv\u00e4st\u00e4.<\/span><\/p>\n<figure id=\"attachment_8250\" aria-describedby=\"caption-attachment-8250\" style=\"width: 480px\" class=\"wp-caption aligncenter\"><a style=\"color: #000000;\" href=\"http:\/\/kinanen.fi\/wordpress\/wp-content\/uploads\/2014\/12\/enkeli.jpg\"><img loading=\"lazy\" decoding=\"async\" class=\"size-full wp-image-8250\" src=\"http:\/\/kinanen.fi\/wordpress\/wp-content\/uploads\/2014\/12\/enkeli.jpg\" alt=\"Enkeli\" width=\"480\" height=\"640\" \/><\/a><figcaption id=\"caption-attachment-8250\" class=\"wp-caption-text\"><span style=\"color: #000000;\">Enkeli<\/span><\/figcaption><\/figure>\n<p><span style=\"color: #000000;\">\u00a0<\/span>Kappelin kynttil\u00e4enkelikin hymyilee ja toivottaa kaikille rauhaisaa joulunalusta.<\/p>\n","protected":false},"excerpt":{"rendered":"<p>Hohhoijaa! kyll\u00e4p\u00e4 nukutti makeasti, totesi Eevert venytelless\u00e4\u00e4n aamulla. Ulkona on viel\u00e4 pime\u00e4\u00e4. Vain lyhdyt valaisevat maisemaa. Elet\u00e4\u00e4n vuoden pimeint\u00e4 aikaa. Eevert tutkii kalenteria ja huomaa ett\u00e4 t\u00e4m\u00e4 pimeys on nyt saavuttanyt m\u00e4\u00e4r\u00e4np\u00e4\u00e4ns\u00e4. T\u00e4n\u00e4\u00e4n on talvip\u00e4iv\u00e4nseisaus. Se tarkoittaa sit\u00e4 ett\u00e4 juuri nyt on y\u00f6 pisimmill\u00e4\u00e4n ja p\u00e4iv\u00e4 lyhyimmill\u00e4\u00e4n. T\u00e4st\u00e4 eteenp\u00e4in valo lis\u00e4\u00e4ntyy kev\u00e4tt\u00e4 kohden. T\u00e4rke\u00e4 taitos. [&hellip;]<\/p>\n","protected":false},"author":1,"featured_media":0,"comment_status":"open","ping_status":"open","sticky":false,"template":"","format":"standard","meta":{"footnotes":""},"categories":[],"tags":[],"class_list":["post-8239","post","type-post","status-publish","format-standard","hentry"],"_links":{"self":[{"href":"https:\/\/www.kinanen.fi\/nukkekoti\/wp-json\/wp\/v2\/posts\/8239","targetHints":{"allow":["GET"]}}],"collection":[{"href":"https:\/\/www.kinanen.fi\/nukkekoti\/wp-json\/wp\/v2\/posts"}],"about":[{"href":"https:\/\/www.kinanen.fi\/nukkekoti\/wp-json\/wp\/v2\/types\/post"}],"author":[{"embeddable":true,"href":"https:\/\/www.kinanen.fi\/nukkekoti\/wp-json\/wp\/v2\/users\/1"}],"replies":[{"embeddable":true,"href":"https:\/\/www.kinanen.fi\/nukkekoti\/wp-json\/wp\/v2\/comments?post=8239"}],"version-history":[{"count":9,"href":"https:\/\/www.kinanen.fi\/nukkekoti\/wp-json\/wp\/v2\/posts\/8239\/revisions"}],"predecessor-version":[{"id":8460,"href":"https:\/\/www.kinanen.fi\/nukkekoti\/wp-json\/wp\/v2\/posts\/8239\/revisions\/8460"}],"wp:attachment":[{"href":"https:\/\/www.kinanen.fi\/nukkekoti\/wp-json\/wp\/v2\/media?parent=8239"}],"wp:term":[{"taxonomy":"category","embeddable":true,"href":"https:\/\/www.kinanen.fi\/nukkekoti\/wp-json\/wp\/v2\/categories?post=8239"},{"taxonomy":"post_tag","embeddable":true,"href":"https:\/\/www.kinanen.fi\/nukkekoti\/wp-json\/wp\/v2\/tags?post=8239"}],"curies":[{"name":"wp","href":"https:\/\/api.w.org\/{rel}","templated":true}]}}