{"id":8265,"date":"2014-12-24T00:30:51","date_gmt":"2014-12-23T22:30:51","guid":{"rendered":"http:\/\/kinanen.fi\/wordpress\/?p=8265"},"modified":"2014-12-28T13:40:59","modified_gmt":"2014-12-28T11:40:59","slug":"jouluaatto","status":"publish","type":"post","link":"https:\/\/www.kinanen.fi\/nukkekoti\/jouluaatto\/","title":{"rendered":"Jouluaatto"},"content":{"rendered":"<p><span style=\"color: #000000;\">Jouluaattoaamu on valkenemassa.<\/span><\/p>\n<p><span style=\"color: #000000;\">Eevert nauttii aamukahvinsa erityisell\u00e4 hartaudella ja kuuntelee samalla <a style=\"color: #000000;\" href=\"http:\/\/www.jouluradio.fi\" target=\"_blank\">Jouluradiota<\/a>. Mit\u00e4 sielt\u00e4 nyt kuuluukaan?<\/span><\/p>\n<p><span style=\"color: #000000;\">Kahvin j\u00e4lkeen Eevert siirtyy saliin. Kuusi on eilen tuotu sis\u00e4lle ja t\u00e4hti asetettu latvaan. Se on kaunis ihan sellaisenaan. Pitk\u00e4n aikaa Eevert pohtii laittaako h\u00e4n enempi\u00e4 koristeita ollenkaan. Kuusen tuoksu on t\u00e4ytt\u00e4nyt koko salin. Eevert nuuhkii ja nauttii kaikilla aisteillaan. Ehk\u00e4 kuitenkin laitetaan kynttil\u00e4t&#8230; toteaa mies ja l\u00e4htee hakemaan kuusenkynttil\u00f6it\u00e4 esille. Pian ne on astettu kuuseen ja Eevert kokeilee toimivatko ne moitteettomasti.<\/span><\/p>\n<p><span style=\"color: #000000;\">Jos sittenkin muutaman pallon laittaisi&#8230; arvelee mies\u00a0ja palaa eteisen kaapille etsim\u00e4\u00e4n kuusenpalloja. Pian ovat pallot oksilla ja tyytyv\u00e4inen mies kiertelee kuusta ihastellen. Jospa jonkin nauhan viel\u00e4 laittaisi&#8230; ja tuttua tiet\u00e4 taas eteiseen&#8230; ja takaisin. Kuusi n\u00e4ytt\u00e4\u00e4 aina vain enemm\u00e4n joululta.<\/span><\/p>\n<figure id=\"attachment_8270\" aria-describedby=\"caption-attachment-8270\" style=\"width: 477px\" class=\"wp-caption aligncenter\"><a style=\"color: #000000;\" href=\"http:\/\/kinanen.fi\/wordpress\/wp-content\/uploads\/2014\/12\/IMG_0017-e1414146315362.jpg\"><img fetchpriority=\"high\" decoding=\"async\" class=\" wp-image-8270\" src=\"http:\/\/kinanen.fi\/wordpress\/wp-content\/uploads\/2014\/12\/IMG_0017-e1414146315362.jpg\" alt=\"Joulukuusi\" width=\"477\" height=\"636\" \/><\/a><figcaption id=\"caption-attachment-8270\" class=\"wp-caption-text\"><span style=\"color: #000000;\">Joulukuusi<\/span><\/figcaption><\/figure>\n<p><span style=\"color: #000000;\">\u00a0<\/span>Puolenp\u00e4iv\u00e4n aikaan on kyl\u00e4n oma joulurauhan julistus torilla. Sinne on ehditt\u00e4v\u00e4 t\u00e4n\u00e4\u00e4n hyviss\u00e4 ajoin. Koristeltu kuusi j\u00e4\u00e4 hohtamaan saliin itsekseen kun mies pukeutuu l\u00e4mpim\u00e4sti ja suuntaa kulkunsa torille.<\/p>\n<figure id=\"attachment_8274\" aria-describedby=\"caption-attachment-8274\" style=\"width: 500px\" class=\"wp-caption aligncenter\"><a style=\"color: #000000;\" href=\"http:\/\/kinanen.fi\/wordpress\/wp-content\/uploads\/2014\/12\/IMG_2998.jpg\"><img decoding=\"async\" class=\" wp-image-8274\" src=\"http:\/\/kinanen.fi\/wordpress\/wp-content\/uploads\/2014\/12\/IMG_2998.jpg\" alt=\"Torilla\" width=\"500\" height=\"524\" \/><\/a><figcaption id=\"caption-attachment-8274\" class=\"wp-caption-text\"><span style=\"color: #000000;\">Torilla<\/span><\/figcaption><\/figure>\n<p><span style=\"color: #000000;\">\u00a0<\/span>V\u00e4ke\u00e4 on ker\u00e4\u00e4ntynyt jo paljon. Joululaulu viri\u00e4\u00e4 kuin yhteisest\u00e4 sopimuksesta. Kauppias julistaa\u00a0kyl\u00e4rauhan alkaneeksi. V\u00e4ki toivottelee toisilleen hyv\u00e4\u00e4 Joulua.<\/p>\n<figure id=\"attachment_8276\" aria-describedby=\"caption-attachment-8276\" style=\"width: 503px\" class=\"wp-caption aligncenter\"><a style=\"color: #000000;\" href=\"http:\/\/kinanen.fi\/wordpress\/wp-content\/uploads\/2014\/12\/IMG_3009.jpg\"><img decoding=\"async\" class=\" wp-image-8276\" src=\"http:\/\/kinanen.fi\/wordpress\/wp-content\/uploads\/2014\/12\/IMG_3009.jpg\" alt=\"Joululaulun laulajat\" width=\"503\" height=\"490\" \/><\/a><figcaption id=\"caption-attachment-8276\" class=\"wp-caption-text\"><span style=\"color: #000000;\">Joululaulun laulajat<\/span><\/figcaption><\/figure>\n<p><span style=\"color: #000000;\">\u00a0<\/span>Tuuli suhisee puissa ja ravistelee oksiltaan liikoja lumia ik\u00e4\u00e4nkuin taputtaakseen juhlan alkajaisiksi<strong>\u00a0..ja jostain alkoi kuulua kulkusten hiljainen, rytmik\u00e4s helin\u00e4.\u00a0<\/strong>V\u00e4ki torilla h\u00f6ristelee korviaan. Mist\u00e4 se oikein kuuluu?<\/p>\n<figure id=\"attachment_8273\" aria-describedby=\"caption-attachment-8273\" style=\"width: 501px\" class=\"wp-caption aligncenter\"><a style=\"color: #000000;\" href=\"http:\/\/kinanen.fi\/wordpress\/wp-content\/uploads\/2014\/12\/IMG_2996.jpg\"><img loading=\"lazy\" decoding=\"async\" class=\" wp-image-8273\" src=\"http:\/\/kinanen.fi\/wordpress\/wp-content\/uploads\/2014\/12\/IMG_2996.jpg\" alt=\"Hevonen\" width=\"501\" height=\"573\" \/><\/a><figcaption id=\"caption-attachment-8273\" class=\"wp-caption-text\"><span style=\"color: #000000;\">Hevonen<\/span><\/figcaption><\/figure>\n<p><span style=\"color: #000000;\">\u00a0<\/span>Helin\u00e4 l\u00e4henee ja lopulta huomataan ett\u00e4 reki ja hevonen l\u00e4hestyy toria. Reess\u00e4 on kyydiss\u00e4 Joulupukki. Monen pienemm\u00e4n kyl\u00e4l\u00e4isen toiveiden t\u00e4yttymys. Pukki jakaa pienet joulupussit kaikille p\u00e4iv\u00e4n iloksi. Hymy nousee jokaisen huulille tavatessaan pukin. Pussien jakamisen j\u00e4lkeen pukki istahtaa hetkeksi ja lev\u00e4ht\u00e4\u00e4 nauttien samalla kuumaa mehua.\u00a0T\u00e4n\u00e4\u00e4n on niin monta paikkaa viel\u00e4 listalla, ett\u00e4 on hyv\u00e4 hieman nauttia t\u00e4st\u00e4 kyl\u00e4n rauhasta ennen vilkkainta iltaa.<\/p>\n<figure id=\"attachment_8275\" aria-describedby=\"caption-attachment-8275\" style=\"width: 406px\" class=\"wp-caption aligncenter\"><a style=\"color: #000000;\" href=\"http:\/\/kinanen.fi\/wordpress\/wp-content\/uploads\/2014\/12\/IMG_3006.jpg\"><img loading=\"lazy\" decoding=\"async\" class=\"size-full wp-image-8275\" src=\"http:\/\/kinanen.fi\/wordpress\/wp-content\/uploads\/2014\/12\/IMG_3006.jpg\" alt=\"Lep\u00e4\u00e4v\u00e4 pukki\" width=\"406\" height=\"640\" \/><\/a><figcaption id=\"caption-attachment-8275\" class=\"wp-caption-text\"><span style=\"color: #000000;\">Lep\u00e4\u00e4v\u00e4 pukki<\/span><\/figcaption><\/figure>\n<p><span style=\"color: #000000;\">\u00a0<\/span>Kyl\u00e4n v\u00e4ki siirtyy koteihinsa ja Eevertkin omaan taloonsa. Alkaa illan valmistelut. Tai valmistelut ovat jo aikaa sitten tehdyt, mutta paikoilleenasettelut ja viimeistelyt.<\/p>\n<figure id=\"attachment_8269\" aria-describedby=\"caption-attachment-8269\" style=\"width: 501px\" class=\"wp-caption aligncenter\"><a style=\"color: #000000;\" href=\"http:\/\/kinanen.fi\/wordpress\/wp-content\/uploads\/2014\/12\/IMG_0014.jpg\"><img loading=\"lazy\" decoding=\"async\" class=\" wp-image-8269\" src=\"http:\/\/kinanen.fi\/wordpress\/wp-content\/uploads\/2014\/12\/IMG_0014.jpg\" alt=\"Joulup\u00f6yt\u00e4\" width=\"501\" height=\"376\" \/><\/a><figcaption id=\"caption-attachment-8269\" class=\"wp-caption-text\"><span style=\"color: #000000;\">Joulup\u00f6yt\u00e4<\/span><\/figcaption><\/figure>\n<p><span style=\"color: #000000;\">\u00a0<\/span>Perinteiseen tapaan kyl\u00e4n yksin\u00e4iset miehet ovat kokoontuneet Eevertin luo viett\u00e4m\u00e4\u00e4n aattoiltaa. Yhdess\u00e4 se on paljon mukavampaa. Jokainen tuo my\u00f6s tullessaa jotakin jouluherkkua. Niin siin\u00e4 taas k\u00e4y, ett\u00e4 kun kaikki osallistuvat niin saadaan melkoisesti aikaan. Eevertin joulup\u00f6yt\u00e4 on runsas ja siit\u00e4 l\u00f6ytyy jokaiselle jotakin sy\u00f6t\u00e4v\u00e4\u00e4.<\/p>\n<figure id=\"attachment_8271\" aria-describedby=\"caption-attachment-8271\" style=\"width: 500px\" class=\"wp-caption aligncenter\"><a style=\"color: #000000;\" href=\"http:\/\/kinanen.fi\/wordpress\/wp-content\/uploads\/2014\/12\/IMG_2980.jpg\"><img loading=\"lazy\" decoding=\"async\" class=\" wp-image-8271\" src=\"http:\/\/kinanen.fi\/wordpress\/wp-content\/uploads\/2014\/12\/IMG_2980.jpg\" alt=\"Aattoillan rauhaa\" width=\"500\" height=\"482\" \/><\/a><figcaption id=\"caption-attachment-8271\" class=\"wp-caption-text\"><span style=\"color: #000000;\">Aattoillan rauhaa<\/span><\/figcaption><\/figure>\n<h1 style=\"text-align: center;\"><span style=\"color: #000000;\">Hyv\u00e4\u00e4 Joulua!<\/span><\/h1>\n<p><span style=\"color: #000000;\">\u00a0<\/span><\/p>\n","protected":false},"excerpt":{"rendered":"<p>Jouluaattoaamu on valkenemassa. Eevert nauttii aamukahvinsa erityisell\u00e4 hartaudella ja kuuntelee samalla Jouluradiota. Mit\u00e4 sielt\u00e4 nyt kuuluukaan? Kahvin j\u00e4lkeen Eevert siirtyy saliin. Kuusi on eilen tuotu sis\u00e4lle ja t\u00e4hti asetettu latvaan. Se on kaunis ihan sellaisenaan. Pitk\u00e4n aikaa Eevert pohtii laittaako h\u00e4n enempi\u00e4 koristeita ollenkaan. Kuusen tuoksu on t\u00e4ytt\u00e4nyt koko salin. Eevert nuuhkii ja nauttii kaikilla [&hellip;]<\/p>\n","protected":false},"author":1,"featured_media":0,"comment_status":"open","ping_status":"open","sticky":false,"template":"","format":"standard","meta":{"footnotes":""},"categories":[],"tags":[],"class_list":["post-8265","post","type-post","status-publish","format-standard","hentry"],"_links":{"self":[{"href":"https:\/\/www.kinanen.fi\/nukkekoti\/wp-json\/wp\/v2\/posts\/8265","targetHints":{"allow":["GET"]}}],"collection":[{"href":"https:\/\/www.kinanen.fi\/nukkekoti\/wp-json\/wp\/v2\/posts"}],"about":[{"href":"https:\/\/www.kinanen.fi\/nukkekoti\/wp-json\/wp\/v2\/types\/post"}],"author":[{"embeddable":true,"href":"https:\/\/www.kinanen.fi\/nukkekoti\/wp-json\/wp\/v2\/users\/1"}],"replies":[{"embeddable":true,"href":"https:\/\/www.kinanen.fi\/nukkekoti\/wp-json\/wp\/v2\/comments?post=8265"}],"version-history":[{"count":9,"href":"https:\/\/www.kinanen.fi\/nukkekoti\/wp-json\/wp\/v2\/posts\/8265\/revisions"}],"predecessor-version":[{"id":8458,"href":"https:\/\/www.kinanen.fi\/nukkekoti\/wp-json\/wp\/v2\/posts\/8265\/revisions\/8458"}],"wp:attachment":[{"href":"https:\/\/www.kinanen.fi\/nukkekoti\/wp-json\/wp\/v2\/media?parent=8265"}],"wp:term":[{"taxonomy":"category","embeddable":true,"href":"https:\/\/www.kinanen.fi\/nukkekoti\/wp-json\/wp\/v2\/categories?post=8265"},{"taxonomy":"post_tag","embeddable":true,"href":"https:\/\/www.kinanen.fi\/nukkekoti\/wp-json\/wp\/v2\/tags?post=8265"}],"curies":[{"name":"wp","href":"https:\/\/api.w.org\/{rel}","templated":true}]}}