{"id":8295,"date":"2014-11-01T09:14:14","date_gmt":"2014-11-01T07:14:14","guid":{"rendered":"http:\/\/kinanen.fi\/wordpress\/?p=8295"},"modified":"2014-12-28T14:13:54","modified_gmt":"2014-12-28T12:13:54","slug":"pyhainpaivana","status":"publish","type":"post","link":"https:\/\/www.kinanen.fi\/nukkekoti\/pyhainpaivana\/","title":{"rendered":"Pyh\u00e4inp\u00e4iv\u00e4n\u00e4"},"content":{"rendered":"<p><span style=\"color: #000000;\">T\u00e4n\u00e4\u00e4n vietet\u00e4\u00e4n Pyh\u00e4inp\u00e4iv\u00e4\u00e4. Silloin sytytell\u00e4\u00e4n kynttil\u00f6it\u00e4 ja muistellaan kuolleita rakkaita.<\/span><\/p>\n<p><span style=\"color: #000000;\">Eevert on ajatuksissaan palannut\u00a0omien\u00a0kuolleiden l\u00e4heistens\u00e4 luo.\u00a0H\u00e4nell\u00e4 on ollut tapana ottaa esille vanhoja valokuvakansioita, katsella niit\u00e4 ja kerrata muistoja. Ik\u00e4v\u00e4 on monesti seuralaisena, mutta siit\u00e4 huolimatta mies tuntee saavansa lohdutusta ja tuntee syv\u00e4\u00e4 kiitollisuutta edesmenneiden l\u00e4heisten kautta.<\/span><\/p>\n<figure id=\"attachment_2516\" aria-describedby=\"caption-attachment-2516\" style=\"width: 500px\" class=\"wp-caption aligncenter\"><a style=\"color: #000000;\" href=\"http:\/\/kinanen.fi\/wordpress\/wp-content\/uploads\/2011\/02\/valokuva-albumi.jpg\"><img fetchpriority=\"high\" decoding=\"async\" class=\" wp-image-2516\" src=\"http:\/\/kinanen.fi\/wordpress\/wp-content\/uploads\/2011\/02\/valokuva-albumi.jpg\" alt=\"Albumi\" width=\"500\" height=\"532\" \/><\/a><figcaption id=\"caption-attachment-2516\" class=\"wp-caption-text\"><\/span> <span style=\"color: #000000;\">Valokuva-albumi vuosien takaa<\/span><\/figcaption><\/figure>\n<p><span style=\"color: #000000;\">\u00a0<\/span>Suru j\u00e4tt\u00e4\u00e4 meihin aina j\u00e4lkens\u00e4, Eevert tuumii. Ne j\u00e4ljet ovat erilaisia, mutta jokaisessa ne silti ovat silti olemassa. Koettu ja eletty el\u00e4m\u00e4 muokkaa sellaiseksi kuin nyt on. Kuoleman kohdatessa kohtaa aina my\u00f6s oman kuolevaisuutensa, miettii Eevert. Se kai siit\u00e4 tekee viel\u00e4 omalta osaltaa kipe\u00e4n koettavan. Sit\u00e4 voi tuntea itsens\u00e4 rikkirevityksi, v\u00e4h\u00e4n niinkuin t\u00e4m\u00e4 vanha kuva t\u00e4ss\u00e4 albumissa. Jotakin merkitt\u00e4v\u00e4\u00e4 on yht\u00e4kki\u00e4 pois el\u00e4m\u00e4st\u00e4. Kest\u00e4\u00e4 aikansa ennenkuin se taas on jotakin kokonaisempaa.<\/p>\n<figure id=\"attachment_2517\" aria-describedby=\"caption-attachment-2517\" style=\"width: 500px\" class=\"wp-caption aligncenter\"><a style=\"color: #000000;\" href=\"http:\/\/kinanen.fi\/wordpress\/wp-content\/uploads\/2011\/02\/Valokuva.jpg\"><img decoding=\"async\" class=\" wp-image-2517\" src=\"http:\/\/kinanen.fi\/wordpress\/wp-content\/uploads\/2011\/02\/Valokuva.jpg\" alt=\"Vanha valokuva\" width=\"500\" height=\"338\" \/><\/a><figcaption id=\"caption-attachment-2517\" class=\"wp-caption-text\"><\/span> <span style=\"color: #000000;\">Vanha valokuva<\/span><\/figcaption><\/figure>\n<p><span style=\"color: #000000;\">\u00a0<\/span>Kristityille usko antaa toivoa, ett\u00e4 tapaamme menett\u00e4m\u00e4mme rakkaat Jumalan luona. Kuoleman kohdatessa meille j\u00e4\u00e4 suru. Se voi ilmet\u00e4 monin tavoin. Joskus se on mielentila jonka voi tunnistaa. Usein se ilmaantuu muussa muodossa. Yleisen\u00e4 huonona olona, vatsa- tai p\u00e4\u00e4kipuna &#8211; ehk\u00e4 tuskaisuutena tai k\u00e4rttyisyyten\u00e4 tai vaikkapa jatkuvana touhuamisena. \u00a0Surulla on monta muotoa. Kaikki muodot ovat oikeita.<\/p>\n<p><span style=\"color: #000000;\">Eevert huomasi aikanaan kuinka surun kohtaaminen sai h\u00e4net vet\u00e4ytym\u00e4\u00e4n itseens\u00e4 ja miettim\u00e4\u00e4n aina uudelleen el\u00e4m\u00e4n arvoja ja t\u00e4rkeit\u00e4 asioita. Pitk\u00e4n el\u00e4m\u00e4n aikana surua on joutunut kohtaamaan monesti. Aina niist\u00e4 on kuitenkin selvitty. Jos ei yksin niin hyv\u00e4n kaverin kanssa yhdess\u00e4. Surussa on paljon jakamista. Silloin se on kevyemp\u00e4\u00e4 kaikilla tavoilla. Eevertin mieleen nousee ihmisi\u00e4 joiden kanssa on vaikeat ajat ylitetty. Kiitollisuuden tunne valtaa mielen.<\/span><\/p>\n<figure id=\"attachment_7148\" aria-describedby=\"caption-attachment-7148\" style=\"width: 480px\" class=\"wp-caption aligncenter\"><a style=\"color: #000000;\" href=\"http:\/\/kinanen.fi\/wordpress\/wp-content\/uploads\/2013\/11\/pyha2.jpg\"><img decoding=\"async\" class=\"size-full wp-image-7148\" src=\"http:\/\/kinanen.fi\/wordpress\/wp-content\/uploads\/2013\/11\/pyha2.jpg\" alt=\"Hetken hiljentyminen\" width=\"480\" height=\"640\" \/><\/a><figcaption id=\"caption-attachment-7148\" class=\"wp-caption-text\"><\/span> <span style=\"color: #000000;\">Hetken hiljentyminen<\/span><\/figcaption><\/figure>\n<p><span style=\"color: #000000;\">\u00a0<\/span>Surua tuottaa l\u00e4heisten kuoleman lis\u00e4ksi my\u00f6s se mit\u00e4 voimme uutisista lukea tai kavereilta kuulla. El\u00e4m\u00e4ss\u00e4 tapahtuu paljon asioita jotka tuovat k\u00e4rsimyst\u00e4 ja kuolemaa toisiin perheisiin. Sellaiset tapahtumat vaikuttavat jokaiseen. Viimeaikojen uutisoinnit ovat huolettaneet Eeverti\u00e4kin. Niin paljon ik\u00e4vi\u00e4 uutisia ja ihmiskohtaloita. Murheelliseksi vet\u00e4\u00e4, toteaa mies.<\/p>\n<figure id=\"attachment_8297\" aria-describedby=\"caption-attachment-8297\" style=\"width: 500px\" class=\"wp-caption aligncenter\"><a style=\"color: #000000;\" href=\"http:\/\/kinanen.fi\/wordpress\/wp-content\/uploads\/2014\/11\/IMG_6539.jpg\"><img loading=\"lazy\" decoding=\"async\" class=\" wp-image-8297\" src=\"http:\/\/kinanen.fi\/wordpress\/wp-content\/uploads\/2014\/11\/IMG_6539.jpg\" alt=\"Vanhempien hauta\" width=\"500\" height=\"583\" \/><\/a><figcaption id=\"caption-attachment-8297\" class=\"wp-caption-text\"><\/span> <span style=\"color: #000000;\">Vanhempien hauta<\/span><\/figcaption><\/figure>\n<p><span style=\"color: #000000;\">\u00a0<\/span>Menetys tuntuu suruna ihmisessa, vaikka emme tuntisi vainajaa tai v\u00e4kivaltaan menehtynytt\u00e4 ihmist\u00e4. Se kertoo empatiakyvyst\u00e4, jonka avulla osaamme asettua toisen asemaan.<\/p>\n<p><span style=\"color: #000000;\">Eevert suuntaa tapansa mukaan Pyh\u00e4inp\u00e4iv\u00e4n\u00e4 Kappelin kirkkotarhaan. H\u00e4n sytytt\u00e4\u00e4 omien l\u00e4heistens\u00e4 haudoille kynttil\u00e4n. Hautausmaalla on varattuna paikka my\u00f6s muualle haudattujen kynttil\u00f6ille tai sellaista muistamista varten jota muuten kantaa kuormana.<\/span><\/p>\n<figure id=\"attachment_8296\" aria-describedby=\"caption-attachment-8296\" style=\"width: 461px\" class=\"wp-caption aligncenter\"><a style=\"color: #000000;\" href=\"http:\/\/kinanen.fi\/wordpress\/wp-content\/uploads\/2014\/11\/IMG_6538.jpg\"><img loading=\"lazy\" decoding=\"async\" class=\"size-full wp-image-8296\" src=\"http:\/\/kinanen.fi\/wordpress\/wp-content\/uploads\/2014\/11\/IMG_6538.jpg\" alt=\"Muualle haudattujen muistolle\" width=\"461\" height=\"640\" \/><\/a><figcaption id=\"caption-attachment-8296\" class=\"wp-caption-text\"><\/span> <span style=\"color: #000000;\">Muualle haudattujen muistolle<\/span><\/figcaption><\/figure>\n<p><span style=\"color: #000000;\">\u00a0<\/span>Eevert p\u00e4\u00e4tt\u00e4\u00e4 ett\u00e4 t\u00e4n\u00e4 Pyh\u00e4inp\u00e4iv\u00e4n\u00e4 sytytt\u00e4\u00e4 muistokynttil\u00e4n rohkaisijaksi ja toivon antajaksi siin\u00e4 surussa jota Sin\u00e4 t\u00e4n\u00e4\u00e4n itsess\u00e4si kannat. Surulla on aikansa ja suru l\u00e4htee vain suremalla.<\/p>\n<p><span style=\"color: #000000;\">Kohtaa rohkeasti tunteesi ja anna itsesi vaikuttua siit\u00e4.<\/span><\/p>\n<p><span style=\"color: #000000;\">T\u00e4\u00e4ll\u00e4 voit sytytt\u00e4\u00e4 oman kynttil\u00e4si t\u00e4n\u00e4\u00e4n:\u00a0<a style=\"color: #000000;\" href=\"http:\/\/www.sytyt\u00e4kynttil\u00e4.fi\" target=\"_blank\">http:\/\/www.sytyt\u00e4kynttil\u00e4.fi<\/a><\/span><\/p>\n<p><span style=\"color: #000000;\">Rauhaisaa ja levollista Pyh\u00e4inp\u00e4iv\u00e4\u00e4!<\/span><\/p>\n","protected":false},"excerpt":{"rendered":"<p>T\u00e4n\u00e4\u00e4n vietet\u00e4\u00e4n Pyh\u00e4inp\u00e4iv\u00e4\u00e4. Silloin sytytell\u00e4\u00e4n kynttil\u00f6it\u00e4 ja muistellaan kuolleita rakkaita. Eevert on ajatuksissaan palannut\u00a0omien\u00a0kuolleiden l\u00e4heistens\u00e4 luo.\u00a0H\u00e4nell\u00e4 on ollut tapana ottaa esille vanhoja valokuvakansioita, katsella niit\u00e4 ja kerrata muistoja. Ik\u00e4v\u00e4 on monesti seuralaisena, mutta siit\u00e4 huolimatta mies tuntee saavansa lohdutusta ja tuntee syv\u00e4\u00e4 kiitollisuutta edesmenneiden l\u00e4heisten kautta. \u00a0Suru j\u00e4tt\u00e4\u00e4 meihin aina j\u00e4lkens\u00e4, Eevert tuumii. Ne j\u00e4ljet [&hellip;]<\/p>\n","protected":false},"author":1,"featured_media":0,"comment_status":"open","ping_status":"open","sticky":false,"template":"","format":"standard","meta":{"footnotes":""},"categories":[],"tags":[],"class_list":["post-8295","post","type-post","status-publish","format-standard","hentry"],"_links":{"self":[{"href":"https:\/\/www.kinanen.fi\/nukkekoti\/wp-json\/wp\/v2\/posts\/8295","targetHints":{"allow":["GET"]}}],"collection":[{"href":"https:\/\/www.kinanen.fi\/nukkekoti\/wp-json\/wp\/v2\/posts"}],"about":[{"href":"https:\/\/www.kinanen.fi\/nukkekoti\/wp-json\/wp\/v2\/types\/post"}],"author":[{"embeddable":true,"href":"https:\/\/www.kinanen.fi\/nukkekoti\/wp-json\/wp\/v2\/users\/1"}],"replies":[{"embeddable":true,"href":"https:\/\/www.kinanen.fi\/nukkekoti\/wp-json\/wp\/v2\/comments?post=8295"}],"version-history":[{"count":6,"href":"https:\/\/www.kinanen.fi\/nukkekoti\/wp-json\/wp\/v2\/posts\/8295\/revisions"}],"predecessor-version":[{"id":8485,"href":"https:\/\/www.kinanen.fi\/nukkekoti\/wp-json\/wp\/v2\/posts\/8295\/revisions\/8485"}],"wp:attachment":[{"href":"https:\/\/www.kinanen.fi\/nukkekoti\/wp-json\/wp\/v2\/media?parent=8295"}],"wp:term":[{"taxonomy":"category","embeddable":true,"href":"https:\/\/www.kinanen.fi\/nukkekoti\/wp-json\/wp\/v2\/categories?post=8295"},{"taxonomy":"post_tag","embeddable":true,"href":"https:\/\/www.kinanen.fi\/nukkekoti\/wp-json\/wp\/v2\/tags?post=8295"}],"curies":[{"name":"wp","href":"https:\/\/api.w.org\/{rel}","templated":true}]}}