{"id":8313,"date":"2014-11-15T18:08:38","date_gmt":"2014-11-15T16:08:38","guid":{"rendered":"http:\/\/kinanen.fi\/wordpress\/?p=8313"},"modified":"2014-12-28T14:12:08","modified_gmt":"2014-12-28T12:12:08","slug":"eevertin-adventtikalenteri","status":"publish","type":"post","link":"https:\/\/www.kinanen.fi\/nukkekoti\/eevertin-adventtikalenteri\/","title":{"rendered":"Eevertin Adventtikalenteri"},"content":{"rendered":"<p><span style=\"color: #000000;\">Eevertin Adventtikalenterin k\u00e4sikirjoitus ja valmistelut ovat p\u00e4\u00e4ttyneet. Kiitos kaikille, jotka l\u00e4hettiv\u00e4t lause-ehdotuksia t\u00e4m\u00e4n vuoden joulukertomukseen. Tulevassa kalenterissa ne on merkitty <strong>vahvennetulla tekstikorostuksena<\/strong>. Uusia lauseita ei voida en\u00e4\u00e4 sijoittaa tapahtumiin t\u00e4n\u00e4 vuonna. <\/span><\/p>\n<p><span style=\"color: #000000;\">Kalenterin rakentaminen on yksi vuoden kohokohdista \ud83d\ude42 ja siihen on varattu muutama mukava kotilomap\u00e4iv\u00e4 ihan omassa maailmassaan. Useampana vuonna se on sijoittunut niin, ett\u00e4 olen ollut yksin kotona ja keskittyminen on on mahdollistunut 24\/7.\u00a0<\/span><\/p>\n<figure id=\"attachment_6975\" aria-describedby=\"caption-attachment-6975\" style=\"width: 400px\" class=\"wp-caption aligncenter\"><a style=\"color: #000000;\" href=\"http:\/\/kinanen.fi\/wordpress\/wp-content\/uploads\/2013\/10\/WP_000588.jpg\"><img fetchpriority=\"high\" decoding=\"async\" class=\" wp-image-6975\" src=\"http:\/\/kinanen.fi\/wordpress\/wp-content\/uploads\/2013\/10\/WP_000588-768x1024.jpg\" alt=\"Tarvikkeet esill\u00e4\" width=\"400\" height=\"534\" \/><\/a><figcaption id=\"caption-attachment-6975\" class=\"wp-caption-text\"><\/span> <span style=\"color: #000000;\">Tarvikkeet esill\u00e4<\/span><\/figcaption><\/figure>\n<p><span style=\"color: #000000;\">\u00a0<\/span>Eevertin kalenteri alkaa kahden viikon kuluttua ensimm\u00e4isen\u00e4 Adventtina ja p\u00e4ivittyy joka p\u00e4iv\u00e4 ensimm\u00e4iseen Joulup\u00e4iv\u00e4\u00e4n saakka.<\/p>\n<p><span style=\"color: #000000;\">Kalenteriin kommentoineiden kesken arvotaan muutama Eevertin joulutervehdys. Jos haluat arvontaan mukaan, niin muista lis\u00e4t\u00e4 s\u00e4hk\u00f6postiosoitteesi kommenttikentt\u00e4\u00e4n. Se ei n\u00e4y sivustolla. Eevert\u00a0on luvannut vastata jokaiseen kommenttin kalenterin aikana.\u00a0<\/span><\/p>\n<p><span style=\"color: #000000;\">Kalenteri seuraa pyhien osalta kristillist\u00e4 traditiota ja muilta osiltaan suomalaista perinnett\u00e4,\u00a0viitteit\u00e4 l\u00f6ytyy my\u00f6s muista kulttuureista. Kalenteri sopii kaikille.<\/span><\/p>\n<p><span style=\"color: #000000;\">Kalenterin logoa ja osoitetta saa vapaasti jakaa eteenp\u00e4in.<\/span><\/p>\n<p><span style=\"color: #000000;\">Tervetuloa mukaan yhteiselle matkalle kohti joulua!<\/span><\/p>\n<figure id=\"attachment_8317\" aria-describedby=\"caption-attachment-8317\" style=\"width: 264px\" class=\"wp-caption aligncenter\"><a style=\"color: #000000;\" href=\"http:\/\/kinanen.fi\/wordpress\/wp-content\/uploads\/2014\/11\/Logo.jpg\"><img decoding=\"async\" class=\"size-medium wp-image-8317\" src=\"http:\/\/kinanen.fi\/wordpress\/wp-content\/uploads\/2014\/11\/Logo-264x300.jpg\" alt=\"Logo\" width=\"264\" height=\"300\" \/><\/a><figcaption id=\"caption-attachment-8317\" class=\"wp-caption-text\"><\/span> <span style=\"color: #000000;\">Logo<\/span><\/figcaption><\/figure>\n","protected":false},"excerpt":{"rendered":"<p>Eevertin Adventtikalenterin k\u00e4sikirjoitus ja valmistelut ovat p\u00e4\u00e4ttyneet. Kiitos kaikille, jotka l\u00e4hettiv\u00e4t lause-ehdotuksia t\u00e4m\u00e4n vuoden joulukertomukseen. Tulevassa kalenterissa ne on merkitty vahvennetulla tekstikorostuksena. Uusia lauseita ei voida en\u00e4\u00e4 sijoittaa tapahtumiin t\u00e4n\u00e4 vuonna. Kalenterin rakentaminen on yksi vuoden kohokohdista \ud83d\ude42 ja siihen on varattu muutama mukava kotilomap\u00e4iv\u00e4 ihan omassa maailmassaan. Useampana vuonna se on sijoittunut niin, ett\u00e4 [&hellip;]<\/p>\n","protected":false},"author":1,"featured_media":0,"comment_status":"open","ping_status":"open","sticky":false,"template":"","format":"standard","meta":{"footnotes":""},"categories":[],"tags":[],"class_list":["post-8313","post","type-post","status-publish","format-standard","hentry"],"_links":{"self":[{"href":"https:\/\/www.kinanen.fi\/nukkekoti\/wp-json\/wp\/v2\/posts\/8313","targetHints":{"allow":["GET"]}}],"collection":[{"href":"https:\/\/www.kinanen.fi\/nukkekoti\/wp-json\/wp\/v2\/posts"}],"about":[{"href":"https:\/\/www.kinanen.fi\/nukkekoti\/wp-json\/wp\/v2\/types\/post"}],"author":[{"embeddable":true,"href":"https:\/\/www.kinanen.fi\/nukkekoti\/wp-json\/wp\/v2\/users\/1"}],"replies":[{"embeddable":true,"href":"https:\/\/www.kinanen.fi\/nukkekoti\/wp-json\/wp\/v2\/comments?post=8313"}],"version-history":[{"count":7,"href":"https:\/\/www.kinanen.fi\/nukkekoti\/wp-json\/wp\/v2\/posts\/8313\/revisions"}],"predecessor-version":[{"id":8483,"href":"https:\/\/www.kinanen.fi\/nukkekoti\/wp-json\/wp\/v2\/posts\/8313\/revisions\/8483"}],"wp:attachment":[{"href":"https:\/\/www.kinanen.fi\/nukkekoti\/wp-json\/wp\/v2\/media?parent=8313"}],"wp:term":[{"taxonomy":"category","embeddable":true,"href":"https:\/\/www.kinanen.fi\/nukkekoti\/wp-json\/wp\/v2\/categories?post=8313"},{"taxonomy":"post_tag","embeddable":true,"href":"https:\/\/www.kinanen.fi\/nukkekoti\/wp-json\/wp\/v2\/tags?post=8313"}],"curies":[{"name":"wp","href":"https:\/\/api.w.org\/{rel}","templated":true}]}}