{"id":8326,"date":"2014-11-22T11:07:28","date_gmt":"2014-11-22T09:07:28","guid":{"rendered":"http:\/\/kinanen.fi\/wordpress\/?p=8326"},"modified":"2014-12-28T14:10:57","modified_gmt":"2014-12-28T12:10:57","slug":"talven-taitetta","status":"publish","type":"post","link":"https:\/\/www.kinanen.fi\/nukkekoti\/talven-taitetta\/","title":{"rendered":"Talven taitetta"},"content":{"rendered":"<p><span style=\"color: #000000;\">Viimeinkin on satanut lunta pihamaalle. Kaiken pime\u00e4n keskell\u00e4 hetkellinenkin lumi virkist\u00e4\u00e4 ja kirkastaa niin maisemaa kuin mielt\u00e4kin. Eevert on jo aamuvarhaisella ollut haistelemassa pakkasilmaa ulkosalla.\u00a0<\/span><\/p>\n<figure id=\"attachment_2111\" aria-describedby=\"caption-attachment-2111\" style=\"width: 497px\" class=\"wp-caption aligncenter\"><a style=\"color: #000000;\" href=\"http:\/\/kinanen.fi\/wordpress\/wp-content\/uploads\/2010\/12\/Lumi3.jpg\"><img fetchpriority=\"high\" decoding=\"async\" class=\"wp-image-2111 size-full\" src=\"http:\/\/kinanen.fi\/wordpress\/wp-content\/uploads\/2010\/12\/Lumi3.jpg\" alt=\"Luminen mies\" width=\"497\" height=\"640\" \/><\/a><figcaption id=\"caption-attachment-2111\" class=\"wp-caption-text\"><\/span> <span style=\"color: #000000;\">Luminen mies<\/span><\/figcaption><\/figure>\n<p><span style=\"color: #000000;\">\u00a0<\/span>Hiljalleen satelee lunta pitkin p\u00e4iv\u00e4\u00e4.<\/p>\n<p><span style=\"color: #000000;\">Kaupunkireissulla Eevert on saanut uuden sein\u00e4kalenterin. Siin\u00e4 on kaikki tulevan vuoden p\u00e4iv\u00e4t, joten viel\u00e4 on hetki aikaa elett\u00e4v\u00e4n\u00e4 ennekuin siit\u00e4 p\u00e4\u00e4see ruksailemaan eletty\u00e4\u00e4 el\u00e4m\u00e4\u00e4. Hieno kalenteri se on ja kertoo hyv\u00e4st\u00e4 palvelustakin koululaisten el\u00e4m\u00e4ss\u00e4.\u00a0<\/span><\/p>\n<figure id=\"attachment_8327\" aria-describedby=\"caption-attachment-8327\" style=\"width: 480px\" class=\"wp-caption aligncenter\"><a style=\"color: #000000;\" href=\"http:\/\/kinanen.fi\/wordpress\/wp-content\/uploads\/2014\/11\/IMG_6697.jpg\"><img decoding=\"async\" class=\"wp-image-8327 size-full\" src=\"http:\/\/kinanen.fi\/wordpress\/wp-content\/uploads\/2014\/11\/IMG_6697.jpg\" alt=\"Kalenteri\" width=\"480\" height=\"640\" \/><\/a><figcaption id=\"caption-attachment-8327\" class=\"wp-caption-text\"><\/span> <span style=\"color: #000000;\">Kalenteri<\/span><\/figcaption><\/figure>\n<p><span style=\"color: #000000;\">\u00a0<\/span>Taidanpa sijoittaa sen t\u00e4nne makuukamariin niin on heti aamusta n\u00e4ht\u00e4vill\u00e4, suunnittelee Eevert.<\/p>\n<p><span style=\"color: #000000;\">Viel\u00e4 viikko ensimm\u00e4iseen Adventtiin. Joulunaika l\u00e4hestyy jo kovaa kyyti\u00e4. Kaupunkireissulla Eevert oli havahtunut siihen ett\u00e4 suuressa kauppakeskuksessa soivat joululaulut jo t\u00e4ytt\u00e4p\u00e4\u00e4t\u00e4. Se ehk\u00e4 on jo v\u00e4h\u00e4n aikaista, vaikka joulu niin mukavaa aikaa onkin harmitteli mies kaupoilla. V\u00e4reist\u00e4, s\u00e4vyist\u00e4 ja tunnelmasta sensijaan on mukavaa nautiskella.\u00a0<\/span><\/p>\n<p><span style=\"color: #000000;\">Eevert p\u00e4\u00e4ttikin aloittaa sen heti. H\u00e4n viritti takkaan tulen ja otti esille pari hyv\u00e4\u00e4 kirjaa. N\u00e4iden parissa talvip\u00e4iv\u00e4 kuluu mukavasti.\u00a0<\/span><\/p>\n<figure id=\"attachment_8328\" aria-describedby=\"caption-attachment-8328\" style=\"width: 480px\" class=\"wp-caption aligncenter\"><a style=\"color: #000000;\" href=\"http:\/\/kinanen.fi\/wordpress\/wp-content\/uploads\/2014\/11\/IMG_6700.jpg\"><img decoding=\"async\" class=\"wp-image-8328 size-full\" src=\"http:\/\/kinanen.fi\/wordpress\/wp-content\/uploads\/2014\/11\/IMG_6700.jpg\" alt=\"Kirjat\" width=\"480\" height=\"640\" \/><\/a><figcaption id=\"caption-attachment-8328\" class=\"wp-caption-text\"><\/span> <span style=\"color: #000000;\">Kirjat<\/span><\/figcaption><\/figure>\n<p><span style=\"color: #000000;\">\u00a0<\/span>Aika kuluu nopeasti kirjojen parissa. Seikkailut viev\u00e4t mielikuvitusrikkaan miehen menness\u00e4\u00e4n. Illantullen Eevert p\u00e4\u00e4tt\u00e4\u00e4 viel\u00e4 nauttia kupillisen hyv\u00e4\u00e4 gl\u00f6gi\u00e4.<\/p>\n<figure id=\"attachment_8329\" aria-describedby=\"caption-attachment-8329\" style=\"width: 500px\" class=\"wp-caption aligncenter\"><a style=\"color: #000000;\" href=\"http:\/\/kinanen.fi\/wordpress\/wp-content\/uploads\/2014\/11\/IMG_6688.jpg\"><img loading=\"lazy\" decoding=\"async\" class=\" wp-image-8329\" src=\"http:\/\/kinanen.fi\/wordpress\/wp-content\/uploads\/2014\/11\/IMG_6688.jpg\" alt=\"Gl\u00f6gi\" width=\"500\" height=\"500\" \/><\/a><figcaption id=\"caption-attachment-8329\" class=\"wp-caption-text\"><\/span> <span style=\"color: #000000;\">Gl\u00f6gi<\/span><\/figcaption><\/figure>\n<p><span style=\"color: #000000;\">\u00a0<\/span>Mukavalta maistuu el\u00e4m\u00e4 rauhallisessa Taavitsaisen talossa.<\/p>\n","protected":false},"excerpt":{"rendered":"<p>Viimeinkin on satanut lunta pihamaalle. Kaiken pime\u00e4n keskell\u00e4 hetkellinenkin lumi virkist\u00e4\u00e4 ja kirkastaa niin maisemaa kuin mielt\u00e4kin. Eevert on jo aamuvarhaisella ollut haistelemassa pakkasilmaa ulkosalla.\u00a0 \u00a0Hiljalleen satelee lunta pitkin p\u00e4iv\u00e4\u00e4. Kaupunkireissulla Eevert on saanut uuden sein\u00e4kalenterin. Siin\u00e4 on kaikki tulevan vuoden p\u00e4iv\u00e4t, joten viel\u00e4 on hetki aikaa elett\u00e4v\u00e4n\u00e4 ennekuin siit\u00e4 p\u00e4\u00e4see ruksailemaan eletty\u00e4\u00e4 el\u00e4m\u00e4\u00e4. Hieno [&hellip;]<\/p>\n","protected":false},"author":1,"featured_media":0,"comment_status":"open","ping_status":"open","sticky":false,"template":"","format":"standard","meta":{"footnotes":""},"categories":[],"tags":[],"class_list":["post-8326","post","type-post","status-publish","format-standard","hentry"],"_links":{"self":[{"href":"https:\/\/www.kinanen.fi\/nukkekoti\/wp-json\/wp\/v2\/posts\/8326","targetHints":{"allow":["GET"]}}],"collection":[{"href":"https:\/\/www.kinanen.fi\/nukkekoti\/wp-json\/wp\/v2\/posts"}],"about":[{"href":"https:\/\/www.kinanen.fi\/nukkekoti\/wp-json\/wp\/v2\/types\/post"}],"author":[{"embeddable":true,"href":"https:\/\/www.kinanen.fi\/nukkekoti\/wp-json\/wp\/v2\/users\/1"}],"replies":[{"embeddable":true,"href":"https:\/\/www.kinanen.fi\/nukkekoti\/wp-json\/wp\/v2\/comments?post=8326"}],"version-history":[{"count":2,"href":"https:\/\/www.kinanen.fi\/nukkekoti\/wp-json\/wp\/v2\/posts\/8326\/revisions"}],"predecessor-version":[{"id":8482,"href":"https:\/\/www.kinanen.fi\/nukkekoti\/wp-json\/wp\/v2\/posts\/8326\/revisions\/8482"}],"wp:attachment":[{"href":"https:\/\/www.kinanen.fi\/nukkekoti\/wp-json\/wp\/v2\/media?parent=8326"}],"wp:term":[{"taxonomy":"category","embeddable":true,"href":"https:\/\/www.kinanen.fi\/nukkekoti\/wp-json\/wp\/v2\/categories?post=8326"},{"taxonomy":"post_tag","embeddable":true,"href":"https:\/\/www.kinanen.fi\/nukkekoti\/wp-json\/wp\/v2\/tags?post=8326"}],"curies":[{"name":"wp","href":"https:\/\/api.w.org\/{rel}","templated":true}]}}