{"id":8381,"date":"2014-12-26T00:30:13","date_gmt":"2014-12-25T22:30:13","guid":{"rendered":"http:\/\/kinanen.fi\/wordpress\/?p=8381"},"modified":"2014-12-27T18:57:50","modified_gmt":"2014-12-27T16:57:50","slug":"joulupukin-tapaaminen","status":"publish","type":"post","link":"https:\/\/www.kinanen.fi\/nukkekoti\/joulupukin-tapaaminen\/","title":{"rendered":"Joulupukin tapaaminen"},"content":{"rendered":"<p><span style=\"color: #000000;\">Jouluaattona oli j\u00e4nnitt\u00e4v\u00e4 hetki Eevertin el\u00e4m\u00e4ss\u00e4. Sitten poikavuosien ei ole tullut tavanneeksi Joulupukkia niin l\u00e4helt\u00e4.<\/span><\/p>\n<figure id=\"attachment_8387\" aria-describedby=\"caption-attachment-8387\" style=\"width: 606px\" class=\"wp-caption aligncenter\"><a href=\"http:\/\/kinanen.fi\/wordpress\/wp-content\/uploads\/2014\/12\/FullSizeRender.jpg-1.jpg\"><img fetchpriority=\"high\" decoding=\"async\" class=\"size-full wp-image-8387\" src=\"http:\/\/kinanen.fi\/wordpress\/wp-content\/uploads\/2014\/12\/FullSizeRender.jpg-1.jpg\" alt=\"Varovainen l\u00e4hestyminen\" width=\"606\" height=\"640\" \/><\/a><figcaption id=\"caption-attachment-8387\" class=\"wp-caption-text\">Varovainen l\u00e4hestyminen<\/figcaption><\/figure>\n<p>Oletko varma, ett\u00e4 t\u00e4m\u00e4 on oikea Joulupukki? Varmistaa Eevert Pohjolan sukulaistyt\u00f6lt\u00e4\u00e4n viel\u00e4 ennen Pukin pakeille astumista.<\/p>\n<p><a href=\"http:\/\/kinanen.fi\/wordpress\/wp-content\/uploads\/2014\/12\/FullSizeRender.jpg.jpg\"><img decoding=\"async\" class=\"aligncenter size-full wp-image-8388\" src=\"http:\/\/kinanen.fi\/wordpress\/wp-content\/uploads\/2014\/12\/FullSizeRender.jpg.jpg\" alt=\"FullSizeRender.jpg\" width=\"549\" height=\"640\" \/><\/a><\/p>\n<p><span style=\"color: #000000;\">\u00a0<\/span>On on, sanoo tonttytytt\u00f6 ja tuuppaa Eevertin l\u00e4hemm\u00e4ksi.<\/p>\n<p><span style=\"color: #000000;\">Pienen alkukursailun j\u00e4lkeen juttu sujuukin varsin hyvin <a style=\"color: #000000;\" href=\"http:\/\/www.santaclausvillage.info\/fi\/vieraile-pajakylassa\/joulupukin-kammari\/\" target=\"_blank\">Joulupukin kanssa<\/a>. Monta asiaa on kertomatta j\u00e4\u00e4nyt kaikkien n\u00e4iden vuosien aikana. Eevertin mieleen on j\u00e4\u00e4nyt aikaisemmista tapaamisista monta muistoa. Kaikki ne ovat hyvi\u00e4, paitsi se yksi.\u00a0<\/span><\/p>\n<p><span style=\"color: #000000;\">Pojankollina oli joulun odotus ollut erityisen j\u00e4nnitt\u00e4v\u00e4 ja oli tullut kiukuteltua \u00e4idille monta kertaa. Niinp\u00e4 sin\u00e4 jouluna pukki toi vain sylillisen risuja. Oli se vaan kova lahja pienelle pojalle. Siit\u00e4 pit\u00e4en on Eevert koittanut olla erityisen kiltti kaikkia kohtaan. <\/span><\/p>\n<p><span style=\"color: #000000;\">No, p\u00e4\u00e4ttyi se pukin vierailu lopulta hyvin, sill\u00e4 l\u00e4htiess\u00e4\u00e4n h\u00e4n muistikin ett\u00e4 pulkkaan oli j\u00e4\u00e4nyt yksi s\u00e4kki joka kuului Eevertin perheelle.\u00a0<\/span><\/p>\n<figure id=\"attachment_8386\" aria-describedby=\"caption-attachment-8386\" style=\"width: 577px\" class=\"wp-caption aligncenter\"><a href=\"http:\/\/kinanen.fi\/wordpress\/wp-content\/uploads\/2014\/12\/IMG_3419.JPG.jpg\"><img decoding=\"async\" class=\"size-full wp-image-8386\" src=\"http:\/\/kinanen.fi\/wordpress\/wp-content\/uploads\/2014\/12\/IMG_3419.JPG.jpg\" alt=\"Pukin polvella\" width=\"577\" height=\"640\" \/><\/a><figcaption id=\"caption-attachment-8386\" class=\"wp-caption-text\">Pukin polvella<\/figcaption><\/figure>\n<p><span style=\"color: #000000;\">\u00a0<\/span>Vaikka Eevert on jo aikamies, niin kyll\u00e4 sit\u00e4 pit\u00e4\u00e4 Joulupukin polvelle p\u00e4\u00e4st\u00e4 kun kerran sellainen mahdollisuus on. Aika tyytyv\u00e4isen\u00e4 mies poistui Pukin Kammarista mieless\u00e4\u00e4n pukin varmuus siit\u00e4 ett\u00e4 t\u00e4n\u00e4 jouluna ei Eevertk\u00e4\u00e4n lahoitta j\u00e4isi.<\/p>\n<p><span style=\"color: #000000;\">Pukin sukulaistytt\u00f6ll\u00e4 on erityinen suhde pukkiin ja toimiikin n\u00e4in joulunaikaan tiiviisti yhteisty\u00f6ss\u00e4 Joulupukin kanssa.\u00a0<\/span><\/p>\n<figure id=\"attachment_8385\" aria-describedby=\"caption-attachment-8385\" style=\"width: 500px\" class=\"wp-caption aligncenter\"><a href=\"http:\/\/kinanen.fi\/wordpress\/wp-content\/uploads\/2014\/12\/IMG_3428-e1419500940328.jpg\"><img loading=\"lazy\" decoding=\"async\" class=\"size-full wp-image-8385\" src=\"http:\/\/kinanen.fi\/wordpress\/wp-content\/uploads\/2014\/12\/IMG_3428-e1419500940328.jpg\" alt=\"Sukulaistytt\u00f6\" width=\"500\" height=\"667\" \/><\/a><figcaption id=\"caption-attachment-8385\" class=\"wp-caption-text\">Sukulaistytt\u00f6<\/figcaption><\/figure>\n<p>Lapin hangilta Eevert siirtyi sujuvasti ja nopeasti takaisin omaan kotikyl\u00e4\u00e4ns\u00e4.<\/p>\n<p><span style=\"color: #000000;\">Joulup\u00e4iv\u00e4n\u00e4 Eevert avasi vasta omat lahjansa ja kyll\u00e4 niiden kanssa tuli vietetty\u00e4 paljon h\u00e4mm\u00e4stytt\u00e4vi\u00e4 hetki\u00e4. Pukki lupasi Eevertille lahjan, mutta ett\u00e4 ihan lahjavuori!\u00a0<\/span><\/p>\n<p><span style=\"color: #000000;\">Liikutuksen kyynelin Eevert niit\u00e4 tutkiskeli ja hypisteli moneen kertaan.\u00a0<\/span><\/p>\n<figure id=\"attachment_8389\" aria-describedby=\"caption-attachment-8389\" style=\"width: 640px\" class=\"wp-caption aligncenter\"><a href=\"http:\/\/kinanen.fi\/wordpress\/wp-content\/uploads\/2014\/12\/IMG_3026.jpg\"><img loading=\"lazy\" decoding=\"async\" class=\"size-full wp-image-8389\" src=\"http:\/\/kinanen.fi\/wordpress\/wp-content\/uploads\/2014\/12\/IMG_3026.jpg\" alt=\"Ainon lahjat\" width=\"640\" height=\"588\" \/><\/a><figcaption id=\"caption-attachment-8389\" class=\"wp-caption-text\">Ainon lahjat<\/figcaption><\/figure>\n<p><span style=\"color: #000000;\">\u00a0<\/span><a style=\"color: #000000;\" href=\"http:\/\/nilikentanminit.vuodatus.net\" target=\"_blank\">Ainon<\/a> paketista l\u00f6ytyi muistokynttil\u00e4 haudalle viet\u00e4v\u00e4ksi sek\u00e4 kaunis joulukranssi, jonka Eevert sijoitti keitti\u00f6\u00f6n joulusomisteeksi. Kiitos Aino, sin\u00e4 tied\u00e4t kuinka merkitt\u00e4v\u00e4\u00e4 on, ett\u00e4 l\u00e4heisi\u00e4\u00e4n muistaa viel\u00e4 senkin j\u00e4lkeen kun he eiv\u00e4t ole t\u00e4\u00e4ll\u00e4 meid\u00e4n kanssamme. Kynttil\u00e4n Eevert vie Kappelin kirkkotarhaan l\u00e4heistens\u00e4 haudalle.<\/p>\n<figure id=\"attachment_8390\" aria-describedby=\"caption-attachment-8390\" style=\"width: 427px\" class=\"wp-caption aligncenter\"><a href=\"http:\/\/kinanen.fi\/wordpress\/wp-content\/uploads\/2014\/12\/IMG_3039.jpg\"><img loading=\"lazy\" decoding=\"async\" class=\"size-full wp-image-8390\" src=\"http:\/\/kinanen.fi\/wordpress\/wp-content\/uploads\/2014\/12\/IMG_3039.jpg\" alt=\"Lukutoukka?\" width=\"427\" height=\"640\" \/><\/a><figcaption id=\"caption-attachment-8390\" class=\"wp-caption-text\">Lukutoukka?<\/figcaption><\/figure>\n<p><span style=\"color: #000000;\">\u00a0<\/span><a style=\"color: #000000;\" href=\"http:\/\/eijulista.blogspot.fi\" target=\"_blank\">Eijan<\/a> paketista paljastui tuttuun tyyliin jotakin k\u00e4yt\u00e4nn\u00f6llist\u00e4 ja haastavaa. Villa Charlotten v\u00e4ki oli pakannut kenties mielenkiintoisen lukutoukan mukaan. Mihin se sijoittuukaan Eevertin taloudessa ja mit\u00e4 se silloin merkitsee, j\u00e4\u00e4 tulevien postausten aiheeksi.<\/p>\n<figure id=\"attachment_8391\" aria-describedby=\"caption-attachment-8391\" style=\"width: 640px\" class=\"wp-caption aligncenter\"><a href=\"http:\/\/kinanen.fi\/wordpress\/wp-content\/uploads\/2014\/12\/IMG_3030.jpg\"><img loading=\"lazy\" decoding=\"async\" class=\"size-full wp-image-8391\" src=\"http:\/\/kinanen.fi\/wordpress\/wp-content\/uploads\/2014\/12\/IMG_3030.jpg\" alt=\"Talven tarpeita\" width=\"640\" height=\"550\" \/><\/a><figcaption id=\"caption-attachment-8391\" class=\"wp-caption-text\">Talven tarpeita<\/figcaption><\/figure>\n<p><span style=\"color: #000000;\">\u00a0<\/span><a style=\"color: #000000;\" href=\"http:\/\/pienisammakko.blogspot.fi\" target=\"_blank\">Kikan<\/a> paketissa oli mainio lumilyhty el\u00e4v\u00e4isine liekkeineen. Kuivakakkua Eevertilla ei ole taloudessaan ollutkaan, joten nyt Tapaninkahvit ovat turvattu! Marimekon muistikirjaan ker\u00e4\u00e4ntyy varmasti paljon lis\u00e4\u00e4 muistoja kerrottavaksi. T\u00e4hti ja pikkuenkeli l\u00f6yt\u00e4v\u00e4t varmasti my\u00f6s paikkansa.<\/p>\n<figure id=\"attachment_8393\" aria-describedby=\"caption-attachment-8393\" style=\"width: 507px\" class=\"wp-caption aligncenter\"><a href=\"http:\/\/kinanen.fi\/wordpress\/wp-content\/uploads\/2014\/12\/IMG_3033.jpg\"><img loading=\"lazy\" decoding=\"async\" class=\"size-full wp-image-8393\" src=\"http:\/\/kinanen.fi\/wordpress\/wp-content\/uploads\/2014\/12\/IMG_3033.jpg\" alt=\"Tarvikkeita\" width=\"507\" height=\"640\" \/><\/a><figcaption id=\"caption-attachment-8393\" class=\"wp-caption-text\">Tarvikkeita<\/figcaption><\/figure>\n<p><span style=\"color: #000000;\">\u00a0<\/span><a style=\"color: #000000;\" href=\"http:\/\/nonnaelizabetta.blogspot.fi\" target=\"_blank\">Merjan<\/a> l\u00e4hett\u00e4m\u00e4st\u00e4 tervehdyksest\u00e4 l\u00f6ytyi sinist\u00e4 ja punaista maalia. Niit\u00e4 aina tarvitaan. Tiet\u00e4\u00e4h\u00e4n sen ett\u00e4 Eevert on kova puuhastelija ja kunnostelija. Maalaamishommien ohella on hyv\u00e4 h\u00f6rp\u00e4t\u00e4 kahvia hauskasta mukista.<\/p>\n<figure id=\"attachment_8392\" aria-describedby=\"caption-attachment-8392\" style=\"width: 640px\" class=\"wp-caption aligncenter\"><a href=\"http:\/\/kinanen.fi\/wordpress\/wp-content\/uploads\/2014\/12\/IMG_3023.jpg\"><img loading=\"lazy\" decoding=\"async\" class=\"size-full wp-image-8392\" src=\"http:\/\/kinanen.fi\/wordpress\/wp-content\/uploads\/2014\/12\/IMG_3023.jpg\" alt=\"Kuvakirja\" width=\"640\" height=\"518\" \/><\/a><figcaption id=\"caption-attachment-8392\" class=\"wp-caption-text\">Kuvakirja<\/figcaption><\/figure>\n<p><span style=\"color: #000000;\">\u00a0<\/span>Maalausten kuivuessa\u00a0voi tutkailla mit\u00e4 mainiointa lintu- ja kasvikirjaa. Kenties se tulee mukaan seuraavalle seikkailulle, miss\u00e4 voi tunnistaa alueen faunaa ja flooraa.<\/p>\n<figure id=\"attachment_8394\" aria-describedby=\"caption-attachment-8394\" style=\"width: 640px\" class=\"wp-caption aligncenter\"><a href=\"http:\/\/kinanen.fi\/wordpress\/wp-content\/uploads\/2014\/12\/IMG_3041.jpg\"><img loading=\"lazy\" decoding=\"async\" class=\"size-full wp-image-8394\" src=\"http:\/\/kinanen.fi\/wordpress\/wp-content\/uploads\/2014\/12\/IMG_3041.jpg\" alt=\"Keitti\u00f6tarvikkeita\" width=\"640\" height=\"427\" \/><\/a><figcaption id=\"caption-attachment-8394\" class=\"wp-caption-text\">Keitti\u00f6tarvikkeita<\/figcaption><\/figure>\n<p><span style=\"color: #000000;\">\u00a0<\/span>Savonmaan Pirjon joulutervehdyksen mukana tuli tuikit\u00e4rkeit\u00e4 keitti\u00f6tarvikkeita. Varsinkin mokkonuijasta Eevert on kovin tohkeissaan. Sellainen oli aikanaan kotona t\u00e4rke\u00e4 ty\u00f6v\u00e4line keitti\u00f6ss\u00e4, mutta Eevertill\u00e4 sellaista ei viel\u00e4 olekkaan ollut. Minne lie se \u00e4idin\/mummon vanhakin joutunut&#8230;<\/p>\n<figure id=\"attachment_8395\" aria-describedby=\"caption-attachment-8395\" style=\"width: 640px\" class=\"wp-caption aligncenter\"><a href=\"http:\/\/kinanen.fi\/wordpress\/wp-content\/uploads\/2014\/12\/IMG_3045.jpg\"><img loading=\"lazy\" decoding=\"async\" class=\"size-full wp-image-8395\" src=\"http:\/\/kinanen.fi\/wordpress\/wp-content\/uploads\/2014\/12\/IMG_3045.jpg\" alt=\"Joululukemista\" width=\"640\" height=\"607\" \/><\/a><figcaption id=\"caption-attachment-8395\" class=\"wp-caption-text\">Joululukemista<\/figcaption><\/figure>\n<p><span style=\"color: #000000;\">\u00a0<\/span>Joululukemista pit\u00e4\u00e4 aina olla. Sirpan tuomisina tuli paksu ja tiivistekstinen kirja Lasten oikeuksista. Samalla saa Eevert hieman harjoitusta ruostuneeseen ruotsinkielen taitoonsa.<\/p>\n<figure id=\"attachment_8398\" aria-describedby=\"caption-attachment-8398\" style=\"width: 640px\" class=\"wp-caption aligncenter\"><a href=\"http:\/\/kinanen.fi\/wordpress\/wp-content\/uploads\/2014\/12\/IMG_3051.jpg\"><img loading=\"lazy\" decoding=\"async\" class=\"size-full wp-image-8398\" src=\"http:\/\/kinanen.fi\/wordpress\/wp-content\/uploads\/2014\/12\/IMG_3051.jpg\" alt=\"Eksoottisia hedelmi\u00e4\" width=\"640\" height=\"488\" \/><\/a><figcaption id=\"caption-attachment-8398\" class=\"wp-caption-text\">Eksoottisia hedelmi\u00e4<\/figcaption><\/figure>\n<p><span style=\"color: #000000;\">\u00a0<\/span>Sukulaistyt\u00f6n sisar Neito oli laittanut pakettiin aimo annoksen eksoottisia hedelmi\u00e4, mit\u00e4 tuli maisteltua kes\u00e4n Thaimaan reissulla.<\/p>\n<figure id=\"attachment_8396\" aria-describedby=\"caption-attachment-8396\" style=\"width: 640px\" class=\"wp-caption aligncenter\"><a href=\"http:\/\/kinanen.fi\/wordpress\/wp-content\/uploads\/2014\/12\/IMG_3047.jpg\"><img loading=\"lazy\" decoding=\"async\" class=\"size-full wp-image-8396\" src=\"http:\/\/kinanen.fi\/wordpress\/wp-content\/uploads\/2014\/12\/IMG_3047.jpg\" alt=\"Durian ja Mangostin\" width=\"640\" height=\"491\" \/><\/a><figcaption id=\"caption-attachment-8396\" class=\"wp-caption-text\">Durian ja Mangostin<\/figcaption><\/figure>\n<p><span style=\"color: #000000;\">\u00a0<\/span>Durian ei sovi herkk\u00e4nen\u00e4isille. Monin paikoin sen vieminen esim. hissiin tai julkisiin rakennuksiin on kielletty. Magnostin sen sijaan on raikkaan makea pikkuhedelm\u00e4.<\/p>\n<figure id=\"attachment_8397\" aria-describedby=\"caption-attachment-8397\" style=\"width: 640px\" class=\"wp-caption aligncenter\"><a href=\"http:\/\/kinanen.fi\/wordpress\/wp-content\/uploads\/2014\/12\/IMG_3049.jpg\"><img loading=\"lazy\" decoding=\"async\" class=\"size-full wp-image-8397\" src=\"http:\/\/kinanen.fi\/wordpress\/wp-content\/uploads\/2014\/12\/IMG_3049.jpg\" alt=\"Herkkuja purkissa\" width=\"640\" height=\"492\" \/><\/a><figcaption id=\"caption-attachment-8397\" class=\"wp-caption-text\">Herkkuja purkissa<\/figcaption><\/figure>\n<p><span style=\"color: #000000;\">Monta purkillista herkkuja. Makeita mangoja, rinkeleit\u00e4 ja ehk\u00e4 mehuj\u00e4it\u00e4 tai jotain muuta makoisaa maistettavaa.\u00a0<\/span><\/p>\n<p><span style=\"color: #000000;\">\u00a0<\/span>Eevert kiitt\u00e4\u00e4 kaikkia ihania ihmisi\u00e4 saamistaan lahjoita ja kommenteista Adventtikalenteriin. Ne kaikki ovat mielt\u00e4 l\u00e4mmitt\u00e4vi\u00e4 ja rohkaisevia. N\u00e4ill\u00e4 ev\u00e4ill\u00e4 jaksaa taas uuteen joulunaluseen \ud83d\ude42<\/p>\n<p><span style=\"color: #000000;\">______________________________________________________<\/span><\/p>\n<p><span style=\"color: #000000;\">Joulupukin tapaamiseen liittyv\u00e4t kuvat ovat tytt\u00e4ren ottamia. T\u00e4m\u00e4 oli ensimm\u00e4inen kerta kun olemme Eevertin kanssa erossa tarinan alusta laskettuna. Olin Rovaniemell\u00e4 pariviikkoa sitten ja silloin emme ehtineet yhdess\u00e4 Pukin pakeille. Opashommissa oleva tyt\u00e4r otti asiakseen esitell\u00e4 n\u00e4m\u00e4 mahtavat herrat toisilleen. Kiitos!<\/span><\/p>\n","protected":false},"excerpt":{"rendered":"<p>Jouluaattona oli j\u00e4nnitt\u00e4v\u00e4 hetki Eevertin el\u00e4m\u00e4ss\u00e4. Sitten poikavuosien ei ole tullut tavanneeksi Joulupukkia niin l\u00e4helt\u00e4. Oletko varma, ett\u00e4 t\u00e4m\u00e4 on oikea Joulupukki? Varmistaa Eevert Pohjolan sukulaistyt\u00f6lt\u00e4\u00e4n viel\u00e4 ennen Pukin pakeille astumista. \u00a0On on, sanoo tonttytytt\u00f6 ja tuuppaa Eevertin l\u00e4hemm\u00e4ksi. Pienen alkukursailun j\u00e4lkeen juttu sujuukin varsin hyvin Joulupukin kanssa. Monta asiaa on kertomatta j\u00e4\u00e4nyt kaikkien n\u00e4iden [&hellip;]<\/p>\n","protected":false},"author":2,"featured_media":0,"comment_status":"open","ping_status":"open","sticky":false,"template":"","format":"standard","meta":{"footnotes":""},"categories":[],"tags":[],"class_list":["post-8381","post","type-post","status-publish","format-standard","hentry"],"_links":{"self":[{"href":"https:\/\/www.kinanen.fi\/nukkekoti\/wp-json\/wp\/v2\/posts\/8381","targetHints":{"allow":["GET"]}}],"collection":[{"href":"https:\/\/www.kinanen.fi\/nukkekoti\/wp-json\/wp\/v2\/posts"}],"about":[{"href":"https:\/\/www.kinanen.fi\/nukkekoti\/wp-json\/wp\/v2\/types\/post"}],"author":[{"embeddable":true,"href":"https:\/\/www.kinanen.fi\/nukkekoti\/wp-json\/wp\/v2\/users\/2"}],"replies":[{"embeddable":true,"href":"https:\/\/www.kinanen.fi\/nukkekoti\/wp-json\/wp\/v2\/comments?post=8381"}],"version-history":[{"count":10,"href":"https:\/\/www.kinanen.fi\/nukkekoti\/wp-json\/wp\/v2\/posts\/8381\/revisions"}],"predecessor-version":[{"id":8444,"href":"https:\/\/www.kinanen.fi\/nukkekoti\/wp-json\/wp\/v2\/posts\/8381\/revisions\/8444"}],"wp:attachment":[{"href":"https:\/\/www.kinanen.fi\/nukkekoti\/wp-json\/wp\/v2\/media?parent=8381"}],"wp:term":[{"taxonomy":"category","embeddable":true,"href":"https:\/\/www.kinanen.fi\/nukkekoti\/wp-json\/wp\/v2\/categories?post=8381"},{"taxonomy":"post_tag","embeddable":true,"href":"https:\/\/www.kinanen.fi\/nukkekoti\/wp-json\/wp\/v2\/tags?post=8381"}],"curies":[{"name":"wp","href":"https:\/\/api.w.org\/{rel}","templated":true}]}}