{"id":8585,"date":"2015-01-18T11:32:23","date_gmt":"2015-01-18T09:32:23","guid":{"rendered":"http:\/\/kinanen.fi\/wordpress\/?p=8585"},"modified":"2015-01-18T11:34:55","modified_gmt":"2015-01-18T09:34:55","slug":"kauppias","status":"publish","type":"post","link":"https:\/\/www.kinanen.fi\/nukkekoti\/kauppias\/","title":{"rendered":"Kauppias"},"content":{"rendered":"<p>Vanhalle kaupalle on pitk\u00e4\u00e4n ollut etsinn\u00e4ss\u00e4 kauppias.<\/p>\n<p>Muistoissa siintelee oman lapsuuden aikainen kauppaa hoitanut minulle tuntemattomaksi j\u00e4\u00e4neen kauppias Mattilan tyt\u00e4r.<\/p>\n<p>Joitakin vuosia sitten sain k\u00e4siini pari pient\u00e4 nukkea joista toinen asettui sujuvasti Suntion hommiin vaikka alunperin otin pikkunuken vain kuvausrekvisiitaksi. Koitin j\u00e4ljitt\u00e4\u00e4 nuken vamistajaa ja aikakautta heikoin tuloksin. L\u00f6ysin kuitenkin samaan sarjaan liittyv\u00e4n iso\u00e4idin kuvia ja tiesin heti, ett\u00e4 tuo on kuin muistojeni kauppias.<\/p>\n<p>Kauan etsin, kauan hain. Sen verran vanha sarja ett\u00e4 kaupoista ei l\u00f6ytynyt. Viimein pelastajakseni koitui Huuto.net jonka k\u00e4tk\u00f6ist\u00e4 nukke ilmaantui \ud83d\ude42<\/p>\n<figure id=\"attachment_8588\" aria-describedby=\"caption-attachment-8588\" style=\"width: 427px\" class=\"wp-caption aligncenter\"><img fetchpriority=\"high\" decoding=\"async\" class=\"size-full wp-image-8588\" src=\"http:\/\/kinanen.fi\/wordpress\/wp-content\/uploads\/2015\/01\/IMG_3154.jpg\" alt=\"Uusi kauppias tutustumassa paikkoihin\" width=\"427\" height=\"640\" \/><figcaption id=\"caption-attachment-8588\" class=\"wp-caption-text\">Uusi kauppias tutustumassa paikkoihin<\/figcaption><\/figure>\n<p>Taitaa olla pyh\u00e4puku p\u00e4\u00e4ll\u00e4. Muistojeni pyh\u00e4puku oli t\u00e4ysmusta, jonka n\u00e4in useinmiten silloin kun kyl\u00e4n kirkossa oli jumalanpalvelus tarjolla.<\/p>\n<figure id=\"attachment_8589\" aria-describedby=\"caption-attachment-8589\" style=\"width: 427px\" class=\"wp-caption aligncenter\"><img decoding=\"async\" class=\"size-full wp-image-8589\" src=\"http:\/\/kinanen.fi\/wordpress\/wp-content\/uploads\/2015\/01\/IMG_3156.jpg\" alt=\"Nuttura\" width=\"427\" height=\"640\" \/><figcaption id=\"caption-attachment-8589\" class=\"wp-caption-text\">Nuttura<\/figcaption><\/figure>\n<p>Harmaat, pitk\u00e4t hiukset olivat aina nutturalla. Tosin ei tainnut se nuttura olla ihan noin runsas kuin t\u00e4ll\u00e4 kauppiaalla.<\/p>\n<figure id=\"attachment_8590\" aria-describedby=\"caption-attachment-8590\" style=\"width: 484px\" class=\"wp-caption aligncenter\"><img decoding=\"async\" class=\"size-full wp-image-8590\" src=\"http:\/\/kinanen.fi\/wordpress\/wp-content\/uploads\/2015\/01\/IMG_3160.jpg\" alt=\"Mit\u00e4h\u00e4n t\u00e4\u00e4ll\u00e4 myyd\u00e4\u00e4n\" width=\"484\" height=\"640\" \/><figcaption id=\"caption-attachment-8590\" class=\"wp-caption-text\">Mit\u00e4h\u00e4n t\u00e4\u00e4ll\u00e4 myyd\u00e4\u00e4n<\/figcaption><\/figure>\n<p>Hyllyt pit\u00e4\u00e4 tarkastaa ja opetella mit\u00e4 kaikkea on myynniss\u00e4. Vanhalta kaupalta on aikanaan saanut kaikkea mahdollista mit\u00e4 vain maalaistaloissa on voitu tarvita. Omien muistojeni kauppa on ollut jo hiipuvainen ja valikoimakin rajoittunut.<\/p>\n<p>Kaupan vaiheista voit lukea lis\u00e4\u00e4 t\u00e4\u00e4lt\u00e4 <a href=\"http:\/\/kinanen.fi\/wordpress\/?p=7533\" target=\"_blank\">KLIK<\/a>\u00a0ja <a href=\"http:\/\/kinanen.fi\/wordpress\/?p=7550\" target=\"_blank\">KLIK<\/a><\/p>\n<figure id=\"attachment_8587\" aria-describedby=\"caption-attachment-8587\" style=\"width: 471px\" class=\"wp-caption aligncenter\"><img loading=\"lazy\" decoding=\"async\" class=\"size-full wp-image-8587\" src=\"http:\/\/kinanen.fi\/wordpress\/wp-content\/uploads\/2015\/01\/IMG_3150.jpg\" alt=\"Valmiina palvelukseen\" width=\"471\" height=\"640\" \/><figcaption id=\"caption-attachment-8587\" class=\"wp-caption-text\">Valmiina palvelukseen<\/figcaption><\/figure>\n<p>Vaatetukseen t\u00e4ytyy hieman kiinnitt\u00e4\u00e4 huomiota. Kaunista ja alkuper\u00e4ist\u00e4 pukua en raski irroitella, mutta jos esiliinan tai ty\u00f6takin saisi joskus aikaiseksi. Yksi ainoa kuva muistojeni kauppiaasta, Irma-t\u00e4dist\u00e4 on k\u00e4tk\u00f6iss\u00e4ni olemassa. Kuva on per\u00e4isin vuodelta 1984 ja kainalossani oleva lapsi on esikoiseni. Silloin on kauppa ollut viel\u00e4 olemassa, tosin melko vaatimattomalla varustuksella.<\/p>\n<figure id=\"attachment_8591\" aria-describedby=\"caption-attachment-8591\" style=\"width: 467px\" class=\"wp-caption aligncenter\"><img loading=\"lazy\" decoding=\"async\" class=\"size-full wp-image-8591\" src=\"http:\/\/kinanen.fi\/wordpress\/wp-content\/uploads\/2015\/01\/N\u00e4ytt\u00f6kuva-2015-1-18-kello-11.22.52.png\" alt=\"Muistojen kauppias\" width=\"467\" height=\"338\" \/><figcaption id=\"caption-attachment-8591\" class=\"wp-caption-text\">Muistojen kauppias vuodelta 1984<\/figcaption><\/figure>\n<p>Kauppaa ei en\u00e4\u00e4 kotikyl\u00e4ll\u00e4 ole ja rakennuskin yksityisk\u00e4yt\u00f6ss\u00e4. Siip\u00e4 elet\u00e4\u00e4n edelleen muistoissa.<\/p>\n","protected":false},"excerpt":{"rendered":"<p>Vanhalle kaupalle on pitk\u00e4\u00e4n ollut etsinn\u00e4ss\u00e4 kauppias. Muistoissa siintelee oman lapsuuden aikainen kauppaa hoitanut minulle tuntemattomaksi j\u00e4\u00e4neen kauppias Mattilan tyt\u00e4r. Joitakin vuosia sitten sain k\u00e4siini pari pient\u00e4 nukkea joista toinen asettui sujuvasti Suntion hommiin vaikka alunperin otin pikkunuken vain kuvausrekvisiitaksi. Koitin j\u00e4ljitt\u00e4\u00e4 nuken vamistajaa ja aikakautta heikoin tuloksin. L\u00f6ysin kuitenkin samaan sarjaan liittyv\u00e4n iso\u00e4idin kuvia [&hellip;]<\/p>\n","protected":false},"author":1,"featured_media":0,"comment_status":"open","ping_status":"open","sticky":false,"template":"","format":"standard","meta":{"footnotes":""},"categories":[],"tags":[],"class_list":["post-8585","post","type-post","status-publish","format-standard","hentry"],"_links":{"self":[{"href":"https:\/\/www.kinanen.fi\/nukkekoti\/wp-json\/wp\/v2\/posts\/8585","targetHints":{"allow":["GET"]}}],"collection":[{"href":"https:\/\/www.kinanen.fi\/nukkekoti\/wp-json\/wp\/v2\/posts"}],"about":[{"href":"https:\/\/www.kinanen.fi\/nukkekoti\/wp-json\/wp\/v2\/types\/post"}],"author":[{"embeddable":true,"href":"https:\/\/www.kinanen.fi\/nukkekoti\/wp-json\/wp\/v2\/users\/1"}],"replies":[{"embeddable":true,"href":"https:\/\/www.kinanen.fi\/nukkekoti\/wp-json\/wp\/v2\/comments?post=8585"}],"version-history":[{"count":3,"href":"https:\/\/www.kinanen.fi\/nukkekoti\/wp-json\/wp\/v2\/posts\/8585\/revisions"}],"predecessor-version":[{"id":8594,"href":"https:\/\/www.kinanen.fi\/nukkekoti\/wp-json\/wp\/v2\/posts\/8585\/revisions\/8594"}],"wp:attachment":[{"href":"https:\/\/www.kinanen.fi\/nukkekoti\/wp-json\/wp\/v2\/media?parent=8585"}],"wp:term":[{"taxonomy":"category","embeddable":true,"href":"https:\/\/www.kinanen.fi\/nukkekoti\/wp-json\/wp\/v2\/categories?post=8585"},{"taxonomy":"post_tag","embeddable":true,"href":"https:\/\/www.kinanen.fi\/nukkekoti\/wp-json\/wp\/v2\/tags?post=8585"}],"curies":[{"name":"wp","href":"https:\/\/api.w.org\/{rel}","templated":true}]}}