{"id":8596,"date":"2015-01-25T12:04:14","date_gmt":"2015-01-25T10:04:14","guid":{"rendered":"http:\/\/kinanen.fi\/wordpress\/?p=8596"},"modified":"2015-01-25T12:33:46","modified_gmt":"2015-01-25T10:33:46","slug":"reissumies-palaa-kotiin","status":"publish","type":"post","link":"https:\/\/www.kinanen.fi\/nukkekoti\/reissumies-palaa-kotiin\/","title":{"rendered":"Reissumies palaa kotiin"},"content":{"rendered":"<p>Joku taitaa muistaakin, ett\u00e4 Eevert on j\u00e4\u00e4nyt Pohjolaan lomailemaan ihan omin p\u00e4in.<\/p>\n<p>J\u00e4i kyll\u00e4 ihan siveellisen ja luotettavan em\u00e4nn\u00e4n hoiviin. Vaan mink\u00e4lainen lienee ollut loma ja kuinka on tuo em\u00e4nt\u00e4 pit\u00e4nyt huolta vanhasta miehest\u00e4? Pahaa ep\u00e4ilen ett\u00e4 Eevert on reissullaan villiintynyt tyystin ja sokaistunut Luoston hohtavista hangista. Liek\u00f6 my\u00f6s eksynyt paikallisesta oppaastaan ja ly\u00f6tt\u00e4ytynyt ties mihin porukkaan mukaan?<\/p>\n<p>Niin tai n\u00e4in niin lystin pidossa Luostolla katosi miehelt\u00e4 reuhka ja aikaisemmassa postauksessa jo ladulla viilett\u00e4\u00e4 paljain p\u00e4in.<\/p>\n<figure id=\"attachment_8003\" aria-describedby=\"caption-attachment-8003\" style=\"width: 640px\" class=\"wp-caption aligncenter\"><img fetchpriority=\"high\" decoding=\"async\" class=\"wp-image-8003 size-full\" src=\"http:\/\/kinanen.fi\/wordpress\/wp-content\/uploads\/2014\/12\/IMG_2446.jpg\" alt=\"Kadonnut reuhka\" width=\"640\" height=\"427\" \/><figcaption id=\"caption-attachment-8003\" class=\"wp-caption-text\">Kadonnut reuhka<\/figcaption><\/figure>\n<p>Kaikenlaista olen kuullut Luoston lysteist\u00e4, mutta en arvannut ett\u00e4 siell\u00e4 tuonkin ik\u00e4inen mies niin villiintyy! On tainnut ottaa osaa yhteen jos toiseenkin tapahtumaan Luostolla.<\/p>\n<p><iframe title=\"Naima-Aslak ja Soikhiap\u00e4\u00e4 - Naton sotaharjoitukset.\" width=\"640\" height=\"480\" src=\"https:\/\/www.youtube.com\/embed\/GH041XKM83E?feature=oembed\" frameborder=\"0\" allow=\"accelerometer; autoplay; clipboard-write; encrypted-media; gyroscope; picture-in-picture; web-share\" referrerpolicy=\"strict-origin-when-cross-origin\" allowfullscreen><\/iframe><\/p>\n<p>Kotiin saapui siis varsin s\u00e4vyis\u00e4 ukko joka nolona j\u00e4rjesteli tavaroitaan paikoilleen.<\/p>\n<p>Eevertin poissaollessa h\u00e4nelle oli saapunut kirje Kuuralehdon Amandalta. Vieh\u00e4tt\u00e4v\u00e4 Amanda oli jo jonkin aikaa ollut huolissaan Eevertin pukeutumisesta ja varmuudeksi laittanut matkaan my\u00f6s hieman l\u00e4mmikett\u00e4.<\/p>\n<p>Sellainen yst\u00e4v\u00e4llisyys\u00a0tulikin nyt oikein hyv\u00e4\u00e4n tarpeeseen.<\/p>\n<figure id=\"attachment_8599\" aria-describedby=\"caption-attachment-8599\" style=\"width: 427px\" class=\"wp-caption aligncenter\"><img decoding=\"async\" class=\"size-full wp-image-8599\" src=\"http:\/\/kinanen.fi\/wordpress\/wp-content\/uploads\/2015\/01\/IMG_3169.jpg\" alt=\"Amandan laittama villaliivi\" width=\"427\" height=\"640\" \/><figcaption id=\"caption-attachment-8599\" class=\"wp-caption-text\">Amandan laittama villaliivi<\/figcaption><\/figure>\n<p>Eevert puki villaliivin yllens\u00e4 ja olo hieman jo kohentui. L\u00e4mm\u00f6ll\u00e4 h\u00e4n ajatteli Amandaa tutki pakettiaan tarkemmin.<\/p>\n<figure id=\"attachment_8600\" aria-describedby=\"caption-attachment-8600\" style=\"width: 640px\" class=\"wp-caption aligncenter\"><img decoding=\"async\" class=\"size-full wp-image-8600\" src=\"http:\/\/kinanen.fi\/wordpress\/wp-content\/uploads\/2015\/01\/IMG_3172.jpg\" alt=\"Kotitossut\" width=\"640\" height=\"464\" \/><figcaption id=\"caption-attachment-8600\" class=\"wp-caption-text\">Kotitossut<\/figcaption><\/figure>\n<p>Kotitossuja Eevertill\u00e4 ei ollutkaan. N\u00e4ill\u00e4 sit\u00e4 on mukava tassutella aamulla viile\u00e4ss\u00e4 talossa. Vanha puutalo kun ei ole koskaan niin tasal\u00e4mp\u00f6inen vaan aina aamuun menness\u00e4 on viilentynyt kummasti y\u00f6n aikana. Varsinkin n\u00e4in talvella.<\/p>\n<figure id=\"attachment_8598\" aria-describedby=\"caption-attachment-8598\" style=\"width: 610px\" class=\"wp-caption aligncenter\"><img loading=\"lazy\" decoding=\"async\" class=\"size-full wp-image-8598\" src=\"http:\/\/kinanen.fi\/wordpress\/wp-content\/uploads\/2015\/01\/IMG_3166.jpg\" alt=\"Juomaa ja j\u00e4\u00e4tel\u00f6\u00e4\" width=\"610\" height=\"640\" \/><figcaption id=\"caption-attachment-8598\" class=\"wp-caption-text\">Juomaa ja j\u00e4\u00e4tel\u00f6\u00e4<\/figcaption><\/figure>\n<p>Ja mit\u00e4 ihmeellist\u00e4 t\u00e4\u00e4ll\u00e4 oikein on! Anja The Nurse-terveyssmoothie! Auttaisiko se siihen henkiseen krapulaan mit\u00e4 pitk\u00e4ksi ven\u00e4ht\u00e4nyt loma on aiheuttanut kotiin palaavalle miehelle.<\/p>\n<p>Kyll\u00e4 on Amanda ajatellut kaikkea, huokaa Eevert ja tarttuu niin juomaan kuin j\u00e4\u00e4tel\u00f6\u00f6nkin innokkaasti. Ne maistuvat niin makoisilta ett\u00e4 pian ovat viimeisetkin nolouden ja h\u00e4pe\u00e4n tunteet takana ja on taas aika tarttua kotiel\u00e4m\u00e4\u00e4n.<\/p>\n<p>On se koti vaan hyv\u00e4 paikka.<\/p>\n<p>Illalla Eevert viel\u00e4 lukee l\u00e4mpimin tuntein Amandan kirjeen muutamaan kertaan&#8230;<\/p>\n<figure id=\"attachment_8597\" aria-describedby=\"caption-attachment-8597\" style=\"width: 427px\" class=\"wp-caption aligncenter\"><img loading=\"lazy\" decoding=\"async\" class=\"size-full wp-image-8597\" src=\"http:\/\/kinanen.fi\/wordpress\/wp-content\/uploads\/2015\/01\/IMG_3164.jpg\" alt=\"Amandan viesti\" width=\"427\" height=\"640\" \/><figcaption id=\"caption-attachment-8597\" class=\"wp-caption-text\">Amandan viesti<\/figcaption><\/figure>\n<p>Kiitos ihastuttavasta l\u00e4hetyksest\u00e4 joka saapui <a href=\"http:\/\/kuuralehto.blogspot.fi\" target=\"_blank\">Kuuralehdon nukkekodista<\/a>. Kiitos Anja ja Amanda!<\/p>\n<p>_____________________________________________<\/p>\n<p>Olisipa mukava kuulla mit\u00e4 reuhkan mahdollinen l\u00f6yt\u00e4j\u00e4 ajattelee l\u00f6yd\u00f6st\u00e4\u00e4n.<\/p>\n","protected":false},"excerpt":{"rendered":"<p>Joku taitaa muistaakin, ett\u00e4 Eevert on j\u00e4\u00e4nyt Pohjolaan lomailemaan ihan omin p\u00e4in. J\u00e4i kyll\u00e4 ihan siveellisen ja luotettavan em\u00e4nn\u00e4n hoiviin. Vaan mink\u00e4lainen lienee ollut loma ja kuinka on tuo em\u00e4nt\u00e4 pit\u00e4nyt huolta vanhasta miehest\u00e4? Pahaa ep\u00e4ilen ett\u00e4 Eevert on reissullaan villiintynyt tyystin ja sokaistunut Luoston hohtavista hangista. Liek\u00f6 my\u00f6s eksynyt paikallisesta oppaastaan ja ly\u00f6tt\u00e4ytynyt ties [&hellip;]<\/p>\n","protected":false},"author":1,"featured_media":0,"comment_status":"open","ping_status":"open","sticky":false,"template":"","format":"standard","meta":{"footnotes":""},"categories":[],"tags":[],"class_list":["post-8596","post","type-post","status-publish","format-standard","hentry"],"_links":{"self":[{"href":"https:\/\/www.kinanen.fi\/nukkekoti\/wp-json\/wp\/v2\/posts\/8596","targetHints":{"allow":["GET"]}}],"collection":[{"href":"https:\/\/www.kinanen.fi\/nukkekoti\/wp-json\/wp\/v2\/posts"}],"about":[{"href":"https:\/\/www.kinanen.fi\/nukkekoti\/wp-json\/wp\/v2\/types\/post"}],"author":[{"embeddable":true,"href":"https:\/\/www.kinanen.fi\/nukkekoti\/wp-json\/wp\/v2\/users\/1"}],"replies":[{"embeddable":true,"href":"https:\/\/www.kinanen.fi\/nukkekoti\/wp-json\/wp\/v2\/comments?post=8596"}],"version-history":[{"count":12,"href":"https:\/\/www.kinanen.fi\/nukkekoti\/wp-json\/wp\/v2\/posts\/8596\/revisions"}],"predecessor-version":[{"id":8612,"href":"https:\/\/www.kinanen.fi\/nukkekoti\/wp-json\/wp\/v2\/posts\/8596\/revisions\/8612"}],"wp:attachment":[{"href":"https:\/\/www.kinanen.fi\/nukkekoti\/wp-json\/wp\/v2\/media?parent=8596"}],"wp:term":[{"taxonomy":"category","embeddable":true,"href":"https:\/\/www.kinanen.fi\/nukkekoti\/wp-json\/wp\/v2\/categories?post=8596"},{"taxonomy":"post_tag","embeddable":true,"href":"https:\/\/www.kinanen.fi\/nukkekoti\/wp-json\/wp\/v2\/tags?post=8596"}],"curies":[{"name":"wp","href":"https:\/\/api.w.org\/{rel}","templated":true}]}}