{"id":8629,"date":"2015-02-14T08:29:15","date_gmt":"2015-02-14T06:29:15","guid":{"rendered":"http:\/\/kinanen.fi\/wordpress\/?p=8629"},"modified":"2015-02-14T08:39:48","modified_gmt":"2015-02-14T06:39:48","slug":"hyvaa-ystavanpaivaa-3","status":"publish","type":"post","link":"https:\/\/www.kinanen.fi\/nukkekoti\/hyvaa-ystavanpaivaa-3\/","title":{"rendered":"Hyv\u00e4\u00e4 Yst\u00e4v\u00e4np\u00e4iv\u00e4\u00e4!"},"content":{"rendered":"<p>Eevert on ilokseen ottanut vastaan yst\u00e4v\u00e4np\u00e4iv\u00e4tervehdyksi\u00e4.<\/p>\n<p>Postilaatikosta kolahti kortti. Kovasti Eevert sit\u00e4 k\u00e4siss\u00e4\u00e4n k\u00e4\u00e4nteli ja ihmetteli mist\u00e4 ja miten se on tullut.<\/p>\n<figure id=\"attachment_8630\" aria-describedby=\"caption-attachment-8630\" style=\"width: 528px\" class=\"wp-caption aligncenter\"><img fetchpriority=\"high\" decoding=\"async\" class=\"size-full wp-image-8630\" src=\"http:\/\/kinanen.fi\/wordpress\/wp-content\/uploads\/2015\/02\/Yst\u00e4v\u00e4np\u00e4iv\u00e4-1.jpg\" alt=\"Kortti edest\u00e4\" width=\"528\" height=\"640\" \/><figcaption id=\"caption-attachment-8630\" class=\"wp-caption-text\">Kortti edest\u00e4<\/figcaption><\/figure>\n<p>Kortissa komeili Suntio sakastissaan. On tainnut olla valokuvaaja mukana kun on vierailijoille esitellyt Sakastin aarteita.<\/p>\n<figure id=\"attachment_8631\" aria-describedby=\"caption-attachment-8631\" style=\"width: 640px\" class=\"wp-caption aligncenter\"><img decoding=\"async\" class=\"size-full wp-image-8631\" src=\"http:\/\/kinanen.fi\/wordpress\/wp-content\/uploads\/2015\/02\/Yst\u00e4v\u00e4np\u00e4iv\u00e4-2.jpg\" alt=\"Tervehdys\" width=\"640\" height=\"504\" \/><figcaption id=\"caption-attachment-8631\" class=\"wp-caption-text\">Tervehdys<\/figcaption><\/figure>\n<p>Kortin takaa l\u00f6ytyi Yst\u00e4v\u00e4np\u00e4iv\u00e4tervehdys Suntiolta. Mieliss\u00e4\u00e4n Eevert asetteli kortin keitti\u00f6n p\u00f6yd\u00e4lle ilahduttamaan p\u00e4iv\u00e4\u00e4.<\/p>\n<p>Postin mukana tuli toinenkin l\u00e4hetys. Tuo vieh\u00e4tt\u00e4v\u00e4 Villa Charlotten Rouva oli l\u00e4hett\u00e4nyt kortin lis\u00e4ksi hieman urheiluv\u00e4lineit\u00e4. Kyll\u00e4 nyt t\u00e4ytyy aloittaa viimeinkin se kuntoharjoittelu tuumaa Eevert, kun\u00a0kerran Rouvakin n\u00e4in vihjailee. Samalla,\u00a0ihan huomaamattaan ja \u00a0itselt\u00e4\u00e4nkin salaa h\u00e4n\u00a0sipaisee vatsanseutuaan kuin todetakseen, ett\u00e4 se on edelleen tallella. No, ehk\u00e4 hieman py\u00f6ristyneen\u00e4.<\/p>\n<figure id=\"attachment_8632\" aria-describedby=\"caption-attachment-8632\" style=\"width: 480px\" class=\"wp-caption aligncenter\"><img decoding=\"async\" class=\"size-full wp-image-8632\" src=\"http:\/\/kinanen.fi\/wordpress\/wp-content\/uploads\/2015\/02\/Yst\u00e4v\u00e4np\u00e4iv\u00e4-3.jpg\" alt=\"Kuntopallo\" width=\"480\" height=\"640\" \/><figcaption id=\"caption-attachment-8632\" class=\"wp-caption-text\">Kuntokuula<\/figcaption><\/figure>\n<p>Kuntokuula on tosimiesten ja naisten kuntoiluv\u00e4line. T\u00e4t\u00e4 kelpaa heitell\u00e4 ja liikutella pihamaalla. Siin\u00e4 vahvistuu samalla koko kroppa, h\u00f6r\u00e4ht\u00e4\u00e4 Eevert ja tekee samalla ensimm\u00e4isen heilautuksensa ja on menn\u00e4 samantien kumoon kuulan voimasta. T\u00e4ytyy varmaan hieman pienemmill\u00e4 heilautuksilla aloitella&#8230;<\/p>\n<h5><span style=\"color: #ff0000;\">Eevert toivottaa kaikille lukijoilleen hyv\u00e4\u00e4 Yst\u00e4v\u00e4np\u00e4iv\u00e4\u00e4!<\/span><\/h5>\n<figure id=\"attachment_8633\" aria-describedby=\"caption-attachment-8633\" style=\"width: 480px\" class=\"wp-caption aligncenter\"><img loading=\"lazy\" decoding=\"async\" class=\"size-full wp-image-8633\" src=\"http:\/\/kinanen.fi\/wordpress\/wp-content\/uploads\/2015\/02\/Yst\u00e4v\u00e4np\u00e4iv\u00e4.jpg\" alt=\"Ruusu lukijalle\" width=\"480\" height=\"640\" \/><figcaption id=\"caption-attachment-8633\" class=\"wp-caption-text\">Ruusu lukijalle<\/figcaption><\/figure>\n<p>Kiitos <a href=\"http:\/\/eijulista.blogspot.fi\" target=\"_blank\">Eija<\/a> mukavasta yll\u00e4tyksest\u00e4 \ud83d\ude42<\/p>\n<p>Kortin taustalta l\u00f6ytyi rakas Siippa, joka osallistuu vakavaluonteiseen harrastukseeni yht\u00e4 tosissaan kuin min\u00e4kin \ud83d\ude42<\/p>\n","protected":false},"excerpt":{"rendered":"<p>Eevert on ilokseen ottanut vastaan yst\u00e4v\u00e4np\u00e4iv\u00e4tervehdyksi\u00e4. Postilaatikosta kolahti kortti. Kovasti Eevert sit\u00e4 k\u00e4siss\u00e4\u00e4n k\u00e4\u00e4nteli ja ihmetteli mist\u00e4 ja miten se on tullut. Kortissa komeili Suntio sakastissaan. On tainnut olla valokuvaaja mukana kun on vierailijoille esitellyt Sakastin aarteita. Kortin takaa l\u00f6ytyi Yst\u00e4v\u00e4np\u00e4iv\u00e4tervehdys Suntiolta. Mieliss\u00e4\u00e4n Eevert asetteli kortin keitti\u00f6n p\u00f6yd\u00e4lle ilahduttamaan p\u00e4iv\u00e4\u00e4. Postin mukana tuli toinenkin l\u00e4hetys. [&hellip;]<\/p>\n","protected":false},"author":1,"featured_media":0,"comment_status":"open","ping_status":"open","sticky":false,"template":"","format":"standard","meta":{"footnotes":""},"categories":[],"tags":[],"class_list":["post-8629","post","type-post","status-publish","format-standard","hentry"],"_links":{"self":[{"href":"https:\/\/www.kinanen.fi\/nukkekoti\/wp-json\/wp\/v2\/posts\/8629","targetHints":{"allow":["GET"]}}],"collection":[{"href":"https:\/\/www.kinanen.fi\/nukkekoti\/wp-json\/wp\/v2\/posts"}],"about":[{"href":"https:\/\/www.kinanen.fi\/nukkekoti\/wp-json\/wp\/v2\/types\/post"}],"author":[{"embeddable":true,"href":"https:\/\/www.kinanen.fi\/nukkekoti\/wp-json\/wp\/v2\/users\/1"}],"replies":[{"embeddable":true,"href":"https:\/\/www.kinanen.fi\/nukkekoti\/wp-json\/wp\/v2\/comments?post=8629"}],"version-history":[{"count":7,"href":"https:\/\/www.kinanen.fi\/nukkekoti\/wp-json\/wp\/v2\/posts\/8629\/revisions"}],"predecessor-version":[{"id":8640,"href":"https:\/\/www.kinanen.fi\/nukkekoti\/wp-json\/wp\/v2\/posts\/8629\/revisions\/8640"}],"wp:attachment":[{"href":"https:\/\/www.kinanen.fi\/nukkekoti\/wp-json\/wp\/v2\/media?parent=8629"}],"wp:term":[{"taxonomy":"category","embeddable":true,"href":"https:\/\/www.kinanen.fi\/nukkekoti\/wp-json\/wp\/v2\/categories?post=8629"},{"taxonomy":"post_tag","embeddable":true,"href":"https:\/\/www.kinanen.fi\/nukkekoti\/wp-json\/wp\/v2\/tags?post=8629"}],"curies":[{"name":"wp","href":"https:\/\/api.w.org\/{rel}","templated":true}]}}