{"id":8647,"date":"2015-02-22T10:49:00","date_gmt":"2015-02-22T08:49:00","guid":{"rendered":"http:\/\/kinanen.fi\/wordpress\/?p=8647"},"modified":"2015-02-22T10:52:00","modified_gmt":"2015-02-22T08:52:00","slug":"keskeneraisyytta","status":"publish","type":"post","link":"https:\/\/www.kinanen.fi\/nukkekoti\/keskeneraisyytta\/","title":{"rendered":"Keskener\u00e4isyytt\u00e4"},"content":{"rendered":"<p>Ulkona tuivertaa viima ja tuuli. Sataa vett\u00e4 ja kev\u00e4t n\u00e4ytt\u00e4\u00e4 t\u00e4n\u00e4\u00e4n erityisen harmaalta.<\/p>\n<p>On siis hyv\u00e4 p\u00e4iv\u00e4 keskitty\u00e4 keskener\u00e4isiin projekteihin ja viel\u00e4 aloittamattomiin hankkeisiin. Alkua pidemm\u00e4lle t\u00e4n\u00e4\u00e4n on vaikea p\u00e4\u00e4st\u00e4 \ud83d\ude42<\/p>\n<p>Eevertin puutarha kaipaa hieman kohennusta. Niinp\u00e4 jo jokin aika sitten er\u00e4\u00e4n projektin alkua on saatu kasaan.<\/p>\n<figure id=\"attachment_8649\" aria-describedby=\"caption-attachment-8649\" style=\"width: 480px\" class=\"wp-caption aligncenter\"><img fetchpriority=\"high\" decoding=\"async\" class=\"size-full wp-image-8649\" src=\"http:\/\/kinanen.fi\/wordpress\/wp-content\/uploads\/2015\/02\/Projekteja-2.jpg\" alt=\"Pensaita\" width=\"480\" height=\"640\" \/><figcaption id=\"caption-attachment-8649\" class=\"wp-caption-text\">Pensaita<\/figcaption><\/figure>\n<p>Jotakin pensasta, vaan lehdet puuttuvat. Taloudesta l\u00f6ytyi monenlaista reijitint\u00e4 eri mudoilla, vaan ei lehti-kuviota. Tulppaanista koitin varioida, vaan se ei vakuuttanut.<\/p>\n<figure id=\"attachment_8650\" aria-describedby=\"caption-attachment-8650\" style=\"width: 640px\" class=\"wp-caption aligncenter\"><img decoding=\"async\" class=\"size-full wp-image-8650\" src=\"http:\/\/kinanen.fi\/wordpress\/wp-content\/uploads\/2015\/02\/Projekteja.jpg\" alt=\"Tulpaaneista lehti\u00e4? \" width=\"640\" height=\"636\" \/><figcaption id=\"caption-attachment-8650\" class=\"wp-caption-text\">Tulpaaneista lehti\u00e4?<\/figcaption><\/figure>\n<p>T\u00e4ytynee siis odottaa jonkin lehti\u00e4 synnytt\u00e4v\u00e4n idean putkahtamista. Ty\u00f6 j\u00e4\u00e4 keskener\u00e4isten aivoitusten laatikkoon.<\/p>\n<p>Jokin aika sitten sain ty\u00f6kaverilta TicTac rasian. Samaiselta taholta sain aikaisemmin minirasioita joista syntyi mainio j\u00e4tekeskus Kappelille.<\/p>\n<figure id=\"attachment_8651\" aria-describedby=\"caption-attachment-8651\" style=\"width: 640px\" class=\"wp-caption aligncenter\"><img decoding=\"async\" class=\"size-full wp-image-8651\" src=\"http:\/\/kinanen.fi\/wordpress\/wp-content\/uploads\/2015\/02\/Projekteja-11.jpg\" alt=\"J\u00e4tekatos\" width=\"640\" height=\"480\" \/><figcaption id=\"caption-attachment-8651\" class=\"wp-caption-text\">J\u00e4tekatos<\/figcaption><\/figure>\n<p>Nyt sain hieman isomman rasian k\u00e4ytt\u00f6\u00f6n. Eevertin mieless\u00e4 on laajempiakin puutarhasuunnitelmia, joten t\u00e4st\u00e4 ehk\u00e4 voisi tulla asianmukainen kotikompostori.<\/p>\n<p>Sekin tyss\u00e4si suunnitteluvaiheeseen, koska asianmukaista maalia ei ole k\u00e4yt\u00f6ss\u00e4 ja ulkona tuivertava myrsky est\u00e4\u00e4 liikkeellel\u00e4hd\u00f6n.<\/p>\n<figure id=\"attachment_8648\" aria-describedby=\"caption-attachment-8648\" style=\"width: 480px\" class=\"wp-caption aligncenter\"><img loading=\"lazy\" decoding=\"async\" class=\"size-full wp-image-8648\" src=\"http:\/\/kinanen.fi\/wordpress\/wp-content\/uploads\/2015\/02\/Projekteja-1.jpg\" alt=\"Kompostori?\" width=\"480\" height=\"640\" \/><figcaption id=\"caption-attachment-8648\" class=\"wp-caption-text\">Kompostori?<\/figcaption><\/figure>\n<p>L\u00f6ytyisik\u00f6h\u00e4n k\u00e4tk\u00f6ist\u00e4 viel\u00e4 lis\u00e4\u00e4 keskener\u00e4isi\u00e4 pienprojekteja?<\/p>\n","protected":false},"excerpt":{"rendered":"<p>Ulkona tuivertaa viima ja tuuli. Sataa vett\u00e4 ja kev\u00e4t n\u00e4ytt\u00e4\u00e4 t\u00e4n\u00e4\u00e4n erityisen harmaalta. On siis hyv\u00e4 p\u00e4iv\u00e4 keskitty\u00e4 keskener\u00e4isiin projekteihin ja viel\u00e4 aloittamattomiin hankkeisiin. Alkua pidemm\u00e4lle t\u00e4n\u00e4\u00e4n on vaikea p\u00e4\u00e4st\u00e4 \ud83d\ude42 Eevertin puutarha kaipaa hieman kohennusta. Niinp\u00e4 jo jokin aika sitten er\u00e4\u00e4n projektin alkua on saatu kasaan. Jotakin pensasta, vaan lehdet puuttuvat. Taloudesta l\u00f6ytyi monenlaista [&hellip;]<\/p>\n","protected":false},"author":1,"featured_media":0,"comment_status":"open","ping_status":"open","sticky":false,"template":"","format":"standard","meta":{"footnotes":""},"categories":[],"tags":[],"class_list":["post-8647","post","type-post","status-publish","format-standard","hentry"],"_links":{"self":[{"href":"https:\/\/www.kinanen.fi\/nukkekoti\/wp-json\/wp\/v2\/posts\/8647","targetHints":{"allow":["GET"]}}],"collection":[{"href":"https:\/\/www.kinanen.fi\/nukkekoti\/wp-json\/wp\/v2\/posts"}],"about":[{"href":"https:\/\/www.kinanen.fi\/nukkekoti\/wp-json\/wp\/v2\/types\/post"}],"author":[{"embeddable":true,"href":"https:\/\/www.kinanen.fi\/nukkekoti\/wp-json\/wp\/v2\/users\/1"}],"replies":[{"embeddable":true,"href":"https:\/\/www.kinanen.fi\/nukkekoti\/wp-json\/wp\/v2\/comments?post=8647"}],"version-history":[{"count":2,"href":"https:\/\/www.kinanen.fi\/nukkekoti\/wp-json\/wp\/v2\/posts\/8647\/revisions"}],"predecessor-version":[{"id":8654,"href":"https:\/\/www.kinanen.fi\/nukkekoti\/wp-json\/wp\/v2\/posts\/8647\/revisions\/8654"}],"wp:attachment":[{"href":"https:\/\/www.kinanen.fi\/nukkekoti\/wp-json\/wp\/v2\/media?parent=8647"}],"wp:term":[{"taxonomy":"category","embeddable":true,"href":"https:\/\/www.kinanen.fi\/nukkekoti\/wp-json\/wp\/v2\/categories?post=8647"},{"taxonomy":"post_tag","embeddable":true,"href":"https:\/\/www.kinanen.fi\/nukkekoti\/wp-json\/wp\/v2\/tags?post=8647"}],"curies":[{"name":"wp","href":"https:\/\/api.w.org\/{rel}","templated":true}]}}