{"id":8658,"date":"2015-03-01T20:22:12","date_gmt":"2015-03-01T18:22:12","guid":{"rendered":"http:\/\/kinanen.fi\/wordpress\/?p=8658"},"modified":"2015-03-01T20:24:37","modified_gmt":"2015-03-01T18:24:37","slug":"keskeneraisyytta-osa-2","status":"publish","type":"post","link":"https:\/\/www.kinanen.fi\/nukkekoti\/keskeneraisyytta-osa-2\/","title":{"rendered":"Keskener\u00e4isyytt\u00e4 &#8211; osa 2"},"content":{"rendered":"<p>Edelliset keskener\u00e4iset projektit eiv\u00e4t ole pitk\u00e4lle edenneet.<\/p>\n<p>Kasvustojen lehtiongelma on osittain ratkaistu. Viel\u00e4 kun saa ratkaisuta kiinnitysongelman niin saattaa synty\u00e4kin jotakin. Joku p\u00e4iv\u00e4.<\/p>\n<p>Vietin pienen hetken lauantaina ty\u00f6n tiimoilta <a href=\"http:\/\/www.virtuaalituusula.fi\/kohde.tmpl?sivu_id=100;id=49;k=49\" target=\"_blank\">Kellokosken Juhlatalossa<\/a>, joka on varsinainen innoituksen paikka. Talossa on lukuisia erilaisia k\u00e4dentaitojen tuotoksia ja arkkitehtuuri v\u00e4hint\u00e4\u00e4nkin mielenkiintoinen.<\/p>\n<figure id=\"attachment_8661\" aria-describedby=\"caption-attachment-8661\" style=\"width: 427px\" class=\"wp-caption aligncenter\"><img fetchpriority=\"high\" decoding=\"async\" class=\"size-full wp-image-8661\" src=\"http:\/\/kinanen.fi\/wordpress\/wp-content\/uploads\/2015\/03\/saapas-33.jpg\" alt=\"Syd\u00e4n\" width=\"427\" height=\"640\" \/><figcaption id=\"caption-attachment-8661\" class=\"wp-caption-text\">Syd\u00e4n<\/figcaption><\/figure>\n<p>Eri ryhm\u00e4t ovat k\u00e4ydess\u00e4\u00e4n j\u00e4tt\u00e4neet my\u00f6s j\u00e4lkens\u00e4 talon taideaarteistoon. Ikkunanhangassa roikkuva syd\u00e4n oli yksi koskettavimmista l\u00f6yd\u00f6ist\u00e4.<\/p>\n<figure id=\"attachment_8662\" aria-describedby=\"caption-attachment-8662\" style=\"width: 427px\" class=\"wp-caption aligncenter\"><img decoding=\"async\" class=\"size-full wp-image-8662\" src=\"http:\/\/kinanen.fi\/wordpress\/wp-content\/uploads\/2015\/03\/saapas-34.jpg\" alt=\"Nainen\" width=\"427\" height=\"640\" \/><figcaption id=\"caption-attachment-8662\" class=\"wp-caption-text\">Nainen<\/figcaption><\/figure>\n<p>Savesta muovattu nainen. Korkeutta patsaalla n. 60-70cm. Taiteilija tuntematon. Siin\u00e4 h\u00e4n istui nurkassa ja opiskeli samaan tahtiin toisten kanssa. Kovin miettiv\u00e4inen h\u00e4n on!<\/p>\n<figure id=\"attachment_8659\" aria-describedby=\"caption-attachment-8659\" style=\"width: 427px\" class=\"wp-caption aligncenter\"><img decoding=\"async\" class=\"size-full wp-image-8659\" src=\"http:\/\/kinanen.fi\/wordpress\/wp-content\/uploads\/2015\/03\/saapas-30.jpg\" alt=\"P\u00e4\u00e4llikk\u00f6\" width=\"427\" height=\"640\" \/><figcaption id=\"caption-attachment-8659\" class=\"wp-caption-text\">P\u00e4\u00e4llikk\u00f6?<\/figcaption><\/figure>\n<p>T\u00e4m\u00e4kin juhlava ty\u00f6 on nime\u00e4 ja tekij\u00e4tietoa vailla. Korkeutta saman verran kuin edellisell\u00e4 leidill\u00e4. Keramiikkaa &#8211; uskoisin. P\u00e4\u00e4hine tai s\u00e4dekeh\u00e4 lasia tai jotakin muovivalua. Hieno hetki tuli vietetty\u00e4 my\u00f6s h\u00e4nen kanssaan.<\/p>\n<figure id=\"attachment_8660\" aria-describedby=\"caption-attachment-8660\" style=\"width: 640px\" class=\"wp-caption aligncenter\"><img loading=\"lazy\" decoding=\"async\" class=\"size-full wp-image-8660\" src=\"http:\/\/kinanen.fi\/wordpress\/wp-content\/uploads\/2015\/03\/saapas-31.jpg\" alt=\"Huone\" width=\"640\" height=\"427\" \/><figcaption id=\"caption-attachment-8660\" class=\"wp-caption-text\">Huone<\/figcaption><\/figure>\n<p>T\u00f6iden vieress\u00e4 oli tyhj\u00e4 huone. Valo taittui mielenkiintoisesti. Ikkunaristikkokin kovin symbolinen tuossa valossa. Mik\u00e4 lie kaatanut tuolin?<\/p>\n<p>Yht\u00e4kaikki &#8211; t\u00e4ss\u00e4 taas olen:<\/p>\n<figure id=\"attachment_8663\" aria-describedby=\"caption-attachment-8663\" style=\"width: 480px\" class=\"wp-caption aligncenter\"><img loading=\"lazy\" decoding=\"async\" class=\"size-full wp-image-8663\" src=\"http:\/\/kinanen.fi\/wordpress\/wp-content\/uploads\/2015\/03\/kortti.jpg\" alt=\"Tyhj\u00e4 laatikko ja tuoli\" width=\"480\" height=\"640\" \/><figcaption id=\"caption-attachment-8663\" class=\"wp-caption-text\">Tyhj\u00e4 laatikko ja tuoli<\/figcaption><\/figure>\n<p>Tyhj\u00e4 laatikko ja tuoli. Nyt se on jo tapetoitu vaalean vihre\u00e4ksi. Katsotaan mit\u00e4 siihen syntyy.<\/p>\n<p>Antoisa ja virikkeellinen reissu oli Kellokoskelle \ud83d\ude00<\/p>\n","protected":false},"excerpt":{"rendered":"<p>Edelliset keskener\u00e4iset projektit eiv\u00e4t ole pitk\u00e4lle edenneet. Kasvustojen lehtiongelma on osittain ratkaistu. Viel\u00e4 kun saa ratkaisuta kiinnitysongelman niin saattaa synty\u00e4kin jotakin. Joku p\u00e4iv\u00e4. Vietin pienen hetken lauantaina ty\u00f6n tiimoilta Kellokosken Juhlatalossa, joka on varsinainen innoituksen paikka. Talossa on lukuisia erilaisia k\u00e4dentaitojen tuotoksia ja arkkitehtuuri v\u00e4hint\u00e4\u00e4nkin mielenkiintoinen. Eri ryhm\u00e4t ovat k\u00e4ydess\u00e4\u00e4n j\u00e4tt\u00e4neet my\u00f6s j\u00e4lkens\u00e4 talon taideaarteistoon. [&hellip;]<\/p>\n","protected":false},"author":1,"featured_media":0,"comment_status":"open","ping_status":"open","sticky":false,"template":"","format":"standard","meta":{"footnotes":""},"categories":[],"tags":[],"class_list":["post-8658","post","type-post","status-publish","format-standard","hentry"],"_links":{"self":[{"href":"https:\/\/www.kinanen.fi\/nukkekoti\/wp-json\/wp\/v2\/posts\/8658","targetHints":{"allow":["GET"]}}],"collection":[{"href":"https:\/\/www.kinanen.fi\/nukkekoti\/wp-json\/wp\/v2\/posts"}],"about":[{"href":"https:\/\/www.kinanen.fi\/nukkekoti\/wp-json\/wp\/v2\/types\/post"}],"author":[{"embeddable":true,"href":"https:\/\/www.kinanen.fi\/nukkekoti\/wp-json\/wp\/v2\/users\/1"}],"replies":[{"embeddable":true,"href":"https:\/\/www.kinanen.fi\/nukkekoti\/wp-json\/wp\/v2\/comments?post=8658"}],"version-history":[{"count":4,"href":"https:\/\/www.kinanen.fi\/nukkekoti\/wp-json\/wp\/v2\/posts\/8658\/revisions"}],"predecessor-version":[{"id":8667,"href":"https:\/\/www.kinanen.fi\/nukkekoti\/wp-json\/wp\/v2\/posts\/8658\/revisions\/8667"}],"wp:attachment":[{"href":"https:\/\/www.kinanen.fi\/nukkekoti\/wp-json\/wp\/v2\/media?parent=8658"}],"wp:term":[{"taxonomy":"category","embeddable":true,"href":"https:\/\/www.kinanen.fi\/nukkekoti\/wp-json\/wp\/v2\/categories?post=8658"},{"taxonomy":"post_tag","embeddable":true,"href":"https:\/\/www.kinanen.fi\/nukkekoti\/wp-json\/wp\/v2\/tags?post=8658"}],"curies":[{"name":"wp","href":"https:\/\/api.w.org\/{rel}","templated":true}]}}