{"id":8683,"date":"2015-03-14T19:08:49","date_gmt":"2015-03-14T17:08:49","guid":{"rendered":"http:\/\/kinanen.fi\/wordpress\/?p=8683"},"modified":"2015-03-15T09:47:39","modified_gmt":"2015-03-15T07:47:39","slug":"kevataurinkoa","status":"publish","type":"post","link":"https:\/\/www.kinanen.fi\/nukkekoti\/kevataurinkoa\/","title":{"rendered":"Kev\u00e4taurinkoa"},"content":{"rendered":"<p>Pikkumaailmaan on aamuisin ilmestynyt kaunis auringonpaiste.<\/p>\n<p>Kappelin kirkkotarhaan osuvat s\u00e4teet ensimm\u00e4isen\u00e4 aamulla.<\/p>\n<figure id=\"attachment_8685\" aria-describedby=\"caption-attachment-8685\" style=\"width: 640px\" class=\"wp-caption aligncenter\"><img fetchpriority=\"high\" decoding=\"async\" class=\"size-full wp-image-8685\" src=\"http:\/\/kinanen.fi\/wordpress\/wp-content\/uploads\/2015\/03\/aurinko2.jpg\" alt=\"Kirkkotarha\" width=\"640\" height=\"640\" \/><figcaption id=\"caption-attachment-8685\" class=\"wp-caption-text\">Kirkkotarha<\/figcaption><\/figure>\n<p>V\u00e4h\u00e4n on viel\u00e4 lunta Kappelin seinustalla. Muualta se on jo sulanut. Pieni enkelipatsas oikein hohtaa auringossa.<\/p>\n<figure id=\"attachment_8684\" aria-describedby=\"caption-attachment-8684\" style=\"width: 640px\" class=\"wp-caption aligncenter\"><img decoding=\"async\" class=\"size-full wp-image-8684\" src=\"http:\/\/kinanen.fi\/wordpress\/wp-content\/uploads\/2015\/03\/aurinko.jpg\" alt=\"Pikkula\" width=\"640\" height=\"640\" \/><figcaption id=\"caption-attachment-8684\" class=\"wp-caption-text\">Pikkula<\/figcaption><\/figure>\n<p>Eevertin pihapiiriin aurinko paistaa selke\u00e4mmin. Pihanper\u00e4n pikkula n\u00e4ytt\u00e4\u00e4 oikein kutsuvalta ja l\u00e4mpim\u00e4lt\u00e4 paikalta.<\/p>\n<p>Uusi komposti on jo p\u00e4\u00e4ssyt mallailemaan paikkaansa puuceen vierelle.<\/p>\n<figure id=\"attachment_8689\" aria-describedby=\"caption-attachment-8689\" style=\"width: 480px\" class=\"wp-caption aligncenter\"><img decoding=\"async\" class=\"size-full wp-image-8689\" src=\"http:\/\/kinanen.fi\/wordpress\/wp-content\/uploads\/2015\/03\/aurinko3.jpg\" alt=\"Kylpyhuone\" width=\"480\" height=\"640\" \/><figcaption id=\"caption-attachment-8689\" class=\"wp-caption-text\">Kylpyhuone<\/figcaption><\/figure>\n<p>Pysyt\u00e4\u00e4n aiheessa ja pieni kurkkaus kylpyhuoneeseen. Sekin valostuu auringon mukana.<\/p>\n","protected":false},"excerpt":{"rendered":"<p>Pikkumaailmaan on aamuisin ilmestynyt kaunis auringonpaiste. Kappelin kirkkotarhaan osuvat s\u00e4teet ensimm\u00e4isen\u00e4 aamulla. V\u00e4h\u00e4n on viel\u00e4 lunta Kappelin seinustalla. Muualta se on jo sulanut. Pieni enkelipatsas oikein hohtaa auringossa. Eevertin pihapiiriin aurinko paistaa selke\u00e4mmin. Pihanper\u00e4n pikkula n\u00e4ytt\u00e4\u00e4 oikein kutsuvalta ja l\u00e4mpim\u00e4lt\u00e4 paikalta. Uusi komposti on jo p\u00e4\u00e4ssyt mallailemaan paikkaansa puuceen vierelle. Pysyt\u00e4\u00e4n aiheessa ja pieni kurkkaus [&hellip;]<\/p>\n","protected":false},"author":1,"featured_media":0,"comment_status":"open","ping_status":"open","sticky":false,"template":"","format":"standard","meta":{"footnotes":""},"categories":[],"tags":[],"class_list":["post-8683","post","type-post","status-publish","format-standard","hentry"],"_links":{"self":[{"href":"https:\/\/www.kinanen.fi\/nukkekoti\/wp-json\/wp\/v2\/posts\/8683","targetHints":{"allow":["GET"]}}],"collection":[{"href":"https:\/\/www.kinanen.fi\/nukkekoti\/wp-json\/wp\/v2\/posts"}],"about":[{"href":"https:\/\/www.kinanen.fi\/nukkekoti\/wp-json\/wp\/v2\/types\/post"}],"author":[{"embeddable":true,"href":"https:\/\/www.kinanen.fi\/nukkekoti\/wp-json\/wp\/v2\/users\/1"}],"replies":[{"embeddable":true,"href":"https:\/\/www.kinanen.fi\/nukkekoti\/wp-json\/wp\/v2\/comments?post=8683"}],"version-history":[{"count":5,"href":"https:\/\/www.kinanen.fi\/nukkekoti\/wp-json\/wp\/v2\/posts\/8683\/revisions"}],"predecessor-version":[{"id":8691,"href":"https:\/\/www.kinanen.fi\/nukkekoti\/wp-json\/wp\/v2\/posts\/8683\/revisions\/8691"}],"wp:attachment":[{"href":"https:\/\/www.kinanen.fi\/nukkekoti\/wp-json\/wp\/v2\/media?parent=8683"}],"wp:term":[{"taxonomy":"category","embeddable":true,"href":"https:\/\/www.kinanen.fi\/nukkekoti\/wp-json\/wp\/v2\/categories?post=8683"},{"taxonomy":"post_tag","embeddable":true,"href":"https:\/\/www.kinanen.fi\/nukkekoti\/wp-json\/wp\/v2\/tags?post=8683"}],"curies":[{"name":"wp","href":"https:\/\/api.w.org\/{rel}","templated":true}]}}