{"id":8778,"date":"2015-05-17T15:12:36","date_gmt":"2015-05-17T12:12:36","guid":{"rendered":"http:\/\/kinanen.fi\/wordpress\/?p=8778"},"modified":"2015-05-17T15:12:36","modified_gmt":"2015-05-17T12:12:36","slug":"terassipoydan-hahmotusta","status":"publish","type":"post","link":"https:\/\/www.kinanen.fi\/nukkekoti\/terassipoydan-hahmotusta\/","title":{"rendered":"Terassip\u00f6yd\u00e4n hahmotusta"},"content":{"rendered":"<p>Hiljaista on ollut minitehtaalla viime aikoina. Jotakin pient\u00e4 kuitenkin ilmassa kaikenaikaa vaikka kokonaisuuksia ei ole syntynytk\u00e4\u00e4n.<\/p>\n<p>Alkuvuonna alkuun laitettu kes\u00e4terassi Eevertin ovenpieleen on ollut mietinn\u00e4ss\u00e4. Penkki sinne asettui mukavasti, vaan p\u00f6yd\u00e4st\u00e4 on ollut pulaa.<\/p>\n<p>Siipan k\u00e4tk\u00f6ist\u00e4 l\u00f6ytyi mielenkiintoinen reik\u00e4inen muoviosa. Ei muuten aavistustakaan mik\u00e4 se on tai kuinka t\u00e4rke\u00e4 varaosa. Sit\u00e4 aikani katseltuani ryhdyin miettim\u00e4\u00e4n ett\u00e4 siit\u00e4 saisi oivan p\u00f6yd\u00e4n jos vain keksisi jotakin mukavaa ja raikasta t\u00e4ytett\u00e4 koloihin.<\/p>\n<p>K\u00e4yt\u00f6st\u00e4 poistetut nonpparellit ja lakka p\u00e4\u00e4siv\u00e4t ensikokeiluun.<\/p>\n<figure id=\"attachment_8779\" aria-describedby=\"caption-attachment-8779\" style=\"width: 480px\" class=\"wp-caption aligncenter\"><img fetchpriority=\"high\" decoding=\"async\" class=\"wp-image-8779 size-full\" src=\"http:\/\/kinanen.fi\/wordpress\/wp-content\/uploads\/2015\/05\/p\u00f6yt\u00e4-1.jpg\" alt=\"P\u00f6yt\u00e4\" width=\"480\" height=\"640\" \/><figcaption id=\"caption-attachment-8779\" class=\"wp-caption-text\">P\u00f6yt\u00e4<\/figcaption><\/figure>\n<p>Jalkoina t\u00e4ll\u00e4hetkell\u00e4 kuhuviinipullon metallia.<\/p>\n<p>Kolot imaisevat lakkaa sen verran ett\u00e4 uusintak\u00e4sittely on aiheellinen jotta saadaan tasainen pinta aikaiseksi.<\/p>\n<p>&nbsp;<\/p>\n","protected":false},"excerpt":{"rendered":"<p>Hiljaista on ollut minitehtaalla viime aikoina. Jotakin pient\u00e4 kuitenkin ilmassa kaikenaikaa vaikka kokonaisuuksia ei ole syntynytk\u00e4\u00e4n. Alkuvuonna alkuun laitettu kes\u00e4terassi Eevertin ovenpieleen on ollut mietinn\u00e4ss\u00e4. Penkki sinne asettui mukavasti, vaan p\u00f6yd\u00e4st\u00e4 on ollut pulaa. Siipan k\u00e4tk\u00f6ist\u00e4 l\u00f6ytyi mielenkiintoinen reik\u00e4inen muoviosa. Ei muuten aavistustakaan mik\u00e4 se on tai kuinka t\u00e4rke\u00e4 varaosa. Sit\u00e4 aikani katseltuani ryhdyin miettim\u00e4\u00e4n [&hellip;]<\/p>\n","protected":false},"author":1,"featured_media":0,"comment_status":"open","ping_status":"open","sticky":false,"template":"","format":"standard","meta":{"footnotes":""},"categories":[],"tags":[],"class_list":["post-8778","post","type-post","status-publish","format-standard","hentry"],"_links":{"self":[{"href":"https:\/\/www.kinanen.fi\/nukkekoti\/wp-json\/wp\/v2\/posts\/8778","targetHints":{"allow":["GET"]}}],"collection":[{"href":"https:\/\/www.kinanen.fi\/nukkekoti\/wp-json\/wp\/v2\/posts"}],"about":[{"href":"https:\/\/www.kinanen.fi\/nukkekoti\/wp-json\/wp\/v2\/types\/post"}],"author":[{"embeddable":true,"href":"https:\/\/www.kinanen.fi\/nukkekoti\/wp-json\/wp\/v2\/users\/1"}],"replies":[{"embeddable":true,"href":"https:\/\/www.kinanen.fi\/nukkekoti\/wp-json\/wp\/v2\/comments?post=8778"}],"version-history":[{"count":1,"href":"https:\/\/www.kinanen.fi\/nukkekoti\/wp-json\/wp\/v2\/posts\/8778\/revisions"}],"predecessor-version":[{"id":8780,"href":"https:\/\/www.kinanen.fi\/nukkekoti\/wp-json\/wp\/v2\/posts\/8778\/revisions\/8780"}],"wp:attachment":[{"href":"https:\/\/www.kinanen.fi\/nukkekoti\/wp-json\/wp\/v2\/media?parent=8778"}],"wp:term":[{"taxonomy":"category","embeddable":true,"href":"https:\/\/www.kinanen.fi\/nukkekoti\/wp-json\/wp\/v2\/categories?post=8778"},{"taxonomy":"post_tag","embeddable":true,"href":"https:\/\/www.kinanen.fi\/nukkekoti\/wp-json\/wp\/v2\/tags?post=8778"}],"curies":[{"name":"wp","href":"https:\/\/api.w.org\/{rel}","templated":true}]}}