{"id":8799,"date":"2015-05-30T10:36:16","date_gmt":"2015-05-30T07:36:16","guid":{"rendered":"http:\/\/kinanen.fi\/wordpress\/?p=8799"},"modified":"2015-05-30T10:36:58","modified_gmt":"2015-05-30T07:36:58","slug":"onnittelut-koulunsa-paattaneille","status":"publish","type":"post","link":"https:\/\/www.kinanen.fi\/nukkekoti\/onnittelut-koulunsa-paattaneille\/","title":{"rendered":"Onnittelut koulunsa p\u00e4\u00e4tt\u00e4neille"},"content":{"rendered":"<p>Eevert toivottaa kaikille koulunsa p\u00e4\u00e4tt\u00e4neille ja valmistuneille oikein hyvi\u00e4 ja antoisia kes\u00e4p\u00e4ivi\u00e4!<\/p>\n<figure id=\"attachment_4788\" aria-describedby=\"caption-attachment-4788\" style=\"width: 427px\" class=\"wp-caption aligncenter\"><img fetchpriority=\"high\" decoding=\"async\" class=\"size-full wp-image-4788\" src=\"http:\/\/kinanen.fi\/wordpress\/wp-content\/uploads\/2012\/05\/Kotipiha.jpg\" alt=\"Omenakukkia ja tulppaaneja Siipan kamerasta\" width=\"427\" height=\"640\" \/><figcaption id=\"caption-attachment-4788\" class=\"wp-caption-text\">Omenakukkia ja tulppaaneja Siipan kamerasta<\/figcaption><\/figure>\n<p style=\"text-align: center;\">K\u00e4y rohkeasti kohti tulevaa,<br \/>\navarin silmin katso maailmaa.<br \/>\nMatkalla aikuisuuteen,<br \/>\non portti johonkin uuteen.<br \/>\nSe portti on avoin ja suuri niin,<br \/>\nse johtaa iloon ja ihmetyksiin.<br \/>\nJoskus my\u00f6s suruun ja ik\u00e4v\u00e4\u00e4n,<br \/>\nmutta nekin kuuluvat el\u00e4m\u00e4\u00e4n.<\/p>\n<figure id=\"attachment_8710\" aria-describedby=\"caption-attachment-8710\" style=\"width: 534px\" class=\"wp-caption aligncenter\"><img decoding=\"async\" class=\"size-full wp-image-8710\" src=\"http:\/\/kinanen.fi\/wordpress\/wp-content\/uploads\/2015\/03\/P\u00e4\u00e4si\u00e4inen6.jpg\" alt=\"Aamupullat\" width=\"534\" height=\"640\" \/><figcaption id=\"caption-attachment-8710\" class=\"wp-caption-text\">Aamupullat<\/figcaption><\/figure>\n<p style=\"text-align: left;\">Eevertin kahvipannu on kuumana ja viinerit valmiina, joten olkaapa hyv\u00e4t!<\/p>\n","protected":false},"excerpt":{"rendered":"<p>Eevert toivottaa kaikille koulunsa p\u00e4\u00e4tt\u00e4neille ja valmistuneille oikein hyvi\u00e4 ja antoisia kes\u00e4p\u00e4ivi\u00e4! K\u00e4y rohkeasti kohti tulevaa, avarin silmin katso maailmaa. Matkalla aikuisuuteen, on portti johonkin uuteen. Se portti on avoin ja suuri niin, se johtaa iloon ja ihmetyksiin. Joskus my\u00f6s suruun ja ik\u00e4v\u00e4\u00e4n, mutta nekin kuuluvat el\u00e4m\u00e4\u00e4n. Eevertin kahvipannu on kuumana ja viinerit valmiina, joten [&hellip;]<\/p>\n","protected":false},"author":1,"featured_media":0,"comment_status":"open","ping_status":"open","sticky":false,"template":"","format":"standard","meta":{"footnotes":""},"categories":[],"tags":[],"class_list":["post-8799","post","type-post","status-publish","format-standard","hentry"],"_links":{"self":[{"href":"https:\/\/www.kinanen.fi\/nukkekoti\/wp-json\/wp\/v2\/posts\/8799","targetHints":{"allow":["GET"]}}],"collection":[{"href":"https:\/\/www.kinanen.fi\/nukkekoti\/wp-json\/wp\/v2\/posts"}],"about":[{"href":"https:\/\/www.kinanen.fi\/nukkekoti\/wp-json\/wp\/v2\/types\/post"}],"author":[{"embeddable":true,"href":"https:\/\/www.kinanen.fi\/nukkekoti\/wp-json\/wp\/v2\/users\/1"}],"replies":[{"embeddable":true,"href":"https:\/\/www.kinanen.fi\/nukkekoti\/wp-json\/wp\/v2\/comments?post=8799"}],"version-history":[{"count":2,"href":"https:\/\/www.kinanen.fi\/nukkekoti\/wp-json\/wp\/v2\/posts\/8799\/revisions"}],"predecessor-version":[{"id":8801,"href":"https:\/\/www.kinanen.fi\/nukkekoti\/wp-json\/wp\/v2\/posts\/8799\/revisions\/8801"}],"wp:attachment":[{"href":"https:\/\/www.kinanen.fi\/nukkekoti\/wp-json\/wp\/v2\/media?parent=8799"}],"wp:term":[{"taxonomy":"category","embeddable":true,"href":"https:\/\/www.kinanen.fi\/nukkekoti\/wp-json\/wp\/v2\/categories?post=8799"},{"taxonomy":"post_tag","embeddable":true,"href":"https:\/\/www.kinanen.fi\/nukkekoti\/wp-json\/wp\/v2\/tags?post=8799"}],"curies":[{"name":"wp","href":"https:\/\/api.w.org\/{rel}","templated":true}]}}