{"id":8811,"date":"2015-06-19T08:22:46","date_gmt":"2015-06-19T05:22:46","guid":{"rendered":"http:\/\/kinanen.fi\/wordpress\/?p=8811"},"modified":"2015-06-19T08:27:28","modified_gmt":"2015-06-19T05:27:28","slug":"hyvaa-juhannusta-6","status":"publish","type":"post","link":"https:\/\/www.kinanen.fi\/nukkekoti\/hyvaa-juhannusta-6\/","title":{"rendered":"Hyv\u00e4\u00e4 Juhannusta"},"content":{"rendered":"<p>Eevet katselee ikkunasta ulos.<\/p>\n<p>Kovin on harmaa t\u00e4m\u00e4nvuotinen juhannuss\u00e4\u00e4. Ei taida kyl\u00e4ll\u00e4k\u00e4\u00e4n toritanssit sutjaantua n\u00e4ill\u00e4 kekeill\u00e4, harmittelee mies. Eevert on useampana suvena k\u00e4ynyt v\u00e4h\u00e4n py\u00f6rittelem\u00e4ss\u00e4 kyl\u00e4n rouvia ja on siell\u00e4 jokunen neitinkin p\u00e4\u00e4ssyt hyv\u00e4\u00e4n py\u00f6ritykseen.<\/p>\n<p>Varoksi on Eevet kuitenkin kiillottanut juhlapatiinit valmiiksi eteiseen, ett\u00e4 jospa sittenkin!<\/p>\n<figure id=\"attachment_8813\" aria-describedby=\"caption-attachment-8813\" style=\"width: 454px\" class=\"wp-caption aligncenter\"><img fetchpriority=\"high\" decoding=\"async\" class=\"size-full wp-image-8813\" src=\"http:\/\/kinanen.fi\/wordpress\/wp-content\/uploads\/2015\/06\/Keng\u00e4t-1.jpg\" alt=\"Keng\u00e4t\" width=\"454\" height=\"492\" \/><figcaption id=\"caption-attachment-8813\" class=\"wp-caption-text\">Keng\u00e4t<\/figcaption><\/figure>\n<p>Ilta-tantsuihin on viel\u00e4 aikaa ja sit\u00e4 ennen on monta pient\u00e4 puuhaa edess\u00e4.<\/p>\n<p>Keskikes\u00e4n juhlaruokaa on Taavitsaisen talossa ollut Sillij\u00e4\u00e4tel\u00f6 uusien perunoiden kanssa. Sit\u00e4 on sy\u00f6ty jo hamasta Eevertin nuoruudesta alkaen. Miten lie em\u00e4nt\u00e4 silloin aikanaan hoitanutkaan nuo pakastamishommat, mutta ei mietit\u00e4 sit\u00e4 t\u00e4n\u00e4\u00e4n tuumaa Eevert ja ottaa aineksia esille.<\/p>\n<p>Kermaa, smetanaa, sipuleita, silli\u00e4&#8230;<\/p>\n<figure id=\"attachment_8814\" aria-describedby=\"caption-attachment-8814\" style=\"width: 552px\" class=\"wp-caption aligncenter\"><img decoding=\"async\" class=\"size-full wp-image-8814\" src=\"http:\/\/kinanen.fi\/wordpress\/wp-content\/uploads\/2015\/06\/Silli-1.jpg\" alt=\"Ainekset valmiina\" width=\"552\" height=\"640\" \/><figcaption id=\"caption-attachment-8814\" class=\"wp-caption-text\">Ainekset valmiina<\/figcaption><\/figure>\n<p>Ainekset pilkotaan ja sekoitetaan ja purkkiin pannaan\u00a0\u00a0ja pakastetaan, rallatteli mies keitt\u00f6s\u00e4\u00e4n. \u00a0Aamusta kun on liikkeell\u00e4 niin hyvin saa p\u00e4iv\u00e4ll\u00e4 jo sy\u00f6ty\u00e4.<\/p>\n<p>Seuraavaksi mies tartuu perinteist\u00e4kin perinteisemp\u00e4\u00e4 juhannussaunaan. Vihta tai vastatarpeet ovat oikeaoppisesti haettu.\u00a0Jotta saadaan tervehdytt\u00e4v\u00e4 vihta, pit\u00e4\u00e4 k\u00e4ytt\u00e4\u00e4 taikalukua kolme. Kun poimii kolmesta eri hieskoivusta kolme eri oksaa, vihdasta tulee vahva,\u00a0tiet\u00e4\u00e4 Eevert, joka on lukenut p\u00e4iv\u00e4n lehden tarkasti.<\/p>\n<figure id=\"attachment_8815\" aria-describedby=\"caption-attachment-8815\" style=\"width: 460px\" class=\"wp-caption aligncenter\"><img decoding=\"async\" class=\"size-full wp-image-8815\" src=\"http:\/\/kinanen.fi\/wordpress\/wp-content\/uploads\/2015\/06\/Juhannus-1.jpg\" alt=\"Juhannusvasta\" width=\"460\" height=\"372\" \/><figcaption id=\"caption-attachment-8815\" class=\"wp-caption-text\">Juhannusvasta<\/figcaption><\/figure>\n<p>N\u00e4pp\u00e4riss\u00e4 kasiss\u00e4 oksat muotoutuvat kokemuksen tuomalla tarkkuudella kunnon sauna vihdaksi &#8211; vai olko se vasta. Yht\u00e4kaikki, oiva saunakaveri se on.<\/p>\n<p>Sauna laitetaankin l\u00e4mpi\u00e4m\u00e4\u00e4n jo p\u00e4iv\u00e4ll\u00e4 niin saa saunoa pitk\u00e4\u00e4n ja rauhassa. Jokunen kyl\u00e4n uksin\u00e4isit\u00e4 ukoistakin saattaa piipahtaa saunakaveriksi.<\/p>\n<figure id=\"attachment_8816\" aria-describedby=\"caption-attachment-8816\" style=\"width: 464px\" class=\"wp-caption aligncenter\"><img loading=\"lazy\" decoding=\"async\" class=\"size-full wp-image-8816\" src=\"http:\/\/kinanen.fi\/wordpress\/wp-content\/uploads\/2015\/06\/Juhannus-2.jpg\" alt=\"Saunavalmis\" width=\"464\" height=\"407\" \/><figcaption id=\"caption-attachment-8816\" class=\"wp-caption-text\">Saunavalmis<\/figcaption><\/figure>\n<p>&nbsp;<\/p>\n<p>Saunomista eiv\u00e4t kelit haittaa. P\u00e4in vastoin, vilvoittelu raikkaassa sateen puhdistamassa ilmassa on hyvin tervehdytt\u00e4v\u00e4\u00e4.<\/p>\n<p>Illanmittaan n\u00e4ytt\u00e4\u00e4 selkenev\u00e4n. Silloin otetaan esille tikat ja pidet\u00e4\u00e4n perinteiset tikkakisat miesten kesken.<\/p>\n<figure id=\"attachment_8817\" aria-describedby=\"caption-attachment-8817\" style=\"width: 414px\" class=\"wp-caption aligncenter\"><img loading=\"lazy\" decoding=\"async\" class=\"size-full wp-image-8817\" src=\"http:\/\/kinanen.fi\/wordpress\/wp-content\/uploads\/2015\/06\/Juhannus-3.jpg\" alt=\"Tikkataulu\" width=\"414\" height=\"621\" \/><figcaption id=\"caption-attachment-8817\" class=\"wp-caption-text\">Tikkataulu<\/figcaption><\/figure>\n<p>&nbsp;<\/p>\n<h2 style=\"text-align: center;\"><strong><span style=\"color: #339966;\">Oikein hyv\u00e4\u00e4 Juhannusta kaikille!<\/span><\/strong><\/h2>\n<p>&nbsp;<\/p>\n<p>Ja viel\u00e4 pikaohje Sillij\u00e4\u00e4tel\u00f6\u00f6n. Tarjoillaan uusien perunoiden kanssa ja nautitaan.<\/p>\n<p>&nbsp;<\/p>\n<figure id=\"attachment_8812\" aria-describedby=\"caption-attachment-8812\" style=\"width: 474px\" class=\"wp-caption aligncenter\"><img loading=\"lazy\" decoding=\"async\" class=\"size-large wp-image-8812\" src=\"http:\/\/kinanen.fi\/wordpress\/wp-content\/uploads\/2015\/06\/Sillij\u00e4\u00e4tel\u00f6-724x1024.jpg\" alt=\"Ohje\" width=\"474\" height=\"670\" \/><figcaption id=\"caption-attachment-8812\" class=\"wp-caption-text\">Ohje<\/figcaption><\/figure>\n<p>________________________________________<\/p>\n<p>Vihdan ainekset on saatu <a href=\"http:\/\/kinanen.fi\/wordpress\/?p=6298\" target=\"_blank\">Nilikent\u00e4lt\u00e4\u00a0<\/a><\/p>\n","protected":false},"excerpt":{"rendered":"<p>Eevet katselee ikkunasta ulos. Kovin on harmaa t\u00e4m\u00e4nvuotinen juhannuss\u00e4\u00e4. Ei taida kyl\u00e4ll\u00e4k\u00e4\u00e4n toritanssit sutjaantua n\u00e4ill\u00e4 kekeill\u00e4, harmittelee mies. Eevert on useampana suvena k\u00e4ynyt v\u00e4h\u00e4n py\u00f6rittelem\u00e4ss\u00e4 kyl\u00e4n rouvia ja on siell\u00e4 jokunen neitinkin p\u00e4\u00e4ssyt hyv\u00e4\u00e4n py\u00f6ritykseen. Varoksi on Eevet kuitenkin kiillottanut juhlapatiinit valmiiksi eteiseen, ett\u00e4 jospa sittenkin! Ilta-tantsuihin on viel\u00e4 aikaa ja sit\u00e4 ennen on monta [&hellip;]<\/p>\n","protected":false},"author":1,"featured_media":0,"comment_status":"open","ping_status":"open","sticky":false,"template":"","format":"standard","meta":{"footnotes":""},"categories":[],"tags":[],"class_list":["post-8811","post","type-post","status-publish","format-standard","hentry"],"_links":{"self":[{"href":"https:\/\/www.kinanen.fi\/nukkekoti\/wp-json\/wp\/v2\/posts\/8811","targetHints":{"allow":["GET"]}}],"collection":[{"href":"https:\/\/www.kinanen.fi\/nukkekoti\/wp-json\/wp\/v2\/posts"}],"about":[{"href":"https:\/\/www.kinanen.fi\/nukkekoti\/wp-json\/wp\/v2\/types\/post"}],"author":[{"embeddable":true,"href":"https:\/\/www.kinanen.fi\/nukkekoti\/wp-json\/wp\/v2\/users\/1"}],"replies":[{"embeddable":true,"href":"https:\/\/www.kinanen.fi\/nukkekoti\/wp-json\/wp\/v2\/comments?post=8811"}],"version-history":[{"count":2,"href":"https:\/\/www.kinanen.fi\/nukkekoti\/wp-json\/wp\/v2\/posts\/8811\/revisions"}],"predecessor-version":[{"id":8820,"href":"https:\/\/www.kinanen.fi\/nukkekoti\/wp-json\/wp\/v2\/posts\/8811\/revisions\/8820"}],"wp:attachment":[{"href":"https:\/\/www.kinanen.fi\/nukkekoti\/wp-json\/wp\/v2\/media?parent=8811"}],"wp:term":[{"taxonomy":"category","embeddable":true,"href":"https:\/\/www.kinanen.fi\/nukkekoti\/wp-json\/wp\/v2\/categories?post=8811"},{"taxonomy":"post_tag","embeddable":true,"href":"https:\/\/www.kinanen.fi\/nukkekoti\/wp-json\/wp\/v2\/tags?post=8811"}],"curies":[{"name":"wp","href":"https:\/\/api.w.org\/{rel}","templated":true}]}}