{"id":8888,"date":"2015-07-30T23:37:05","date_gmt":"2015-07-30T20:37:05","guid":{"rendered":"http:\/\/kinanen.fi\/wordpress\/?p=8888"},"modified":"2015-07-30T23:41:18","modified_gmt":"2015-07-30T20:41:18","slug":"huippuja-kohti","status":"publish","type":"post","link":"https:\/\/www.kinanen.fi\/nukkekoti\/huippuja-kohti\/","title":{"rendered":"Huippuja kohti"},"content":{"rendered":"<p>Eevertill\u00e4 oli aikainen aamu. Niin aikainen, ett\u00e4 piti varmuudeksi laittaa ihan kello soimaan. Ja hyv\u00e4 olikin, sill\u00e4 kellon pirahtaessa aamulla 03.30 mies oli umpiunessa.<\/p>\n<p>Naapurin is\u00e4nt\u00e4 kurvasi em\u00e4nt\u00e4ns\u00e4 kanssa pian her\u00e4tyksen j\u00e4lkeen portille. H\u00f6veli is\u00e4nt\u00e4 oli luvannut saattaa Eevertin seurueineen l\u00e4heiselle lentoasemalle. N\u00e4in aikaisin aamulla oli melko rauhallista niin teill\u00e4 kuin asemallakin.<\/p>\n<p>Eevert kiitteli kovasti yst\u00e4v\u00e4llist\u00e4 naapuria aikaisesta avusta.<\/p>\n<figure id=\"attachment_8893\" aria-describedby=\"caption-attachment-8893\" style=\"width: 640px\" class=\"wp-caption aligncenter\"><img fetchpriority=\"high\" decoding=\"async\" class=\"size-full wp-image-8893\" src=\"http:\/\/kinanen.fi\/wordpress\/wp-content\/uploads\/2015\/07\/zillertal-1-5.jpg\" alt=\"Lentoasemalla\" width=\"640\" height=\"480\" \/><figcaption id=\"caption-attachment-8893\" class=\"wp-caption-text\">Lentoasemalla<\/figcaption><\/figure>\n<p>Komea kone oli valmiina lenn\u00e4tt\u00e4m\u00e4\u00e4n v\u00e4ke\u00e4 kohti\u00a0M\u00fcncheni\u00e4. Siell\u00e4 menopeli vaihdettiin autoon. Ja Eevert saikin k\u00e4ytt\u00f6\u00f6ns\u00e4 mit\u00e4 kauneimman pienen punaisen unelman.<\/p>\n<p>Volkswagen New Beetle hurmasi miehen kertaheitolla. Ei muuta kuin tutkimaan kuinka katto lasketaan alas. Pian oli l\u00f6ytynyt jo mukava matkamusiikkikanavakin. Yht\u00e4 hyvin sopivat maisemiin letke\u00e4t rytmit kuin klassisen kauniit s\u00e4velm\u00e4tkin.<\/p>\n<p>Mik\u00e4 on miehen ollessa \ud83d\ude42<\/p>\n<figure id=\"attachment_8891\" aria-describedby=\"caption-attachment-8891\" style=\"width: 480px\" class=\"wp-caption aligncenter\"><img decoding=\"async\" class=\"size-full wp-image-8891\" src=\"http:\/\/kinanen.fi\/wordpress\/wp-content\/uploads\/2015\/07\/zillertal-1-3.jpg\" alt=\"Riemukupla\" width=\"480\" height=\"640\" \/><figcaption id=\"caption-attachment-8891\" class=\"wp-caption-text\">Riemukupla<\/figcaption><\/figure>\n<p>It\u00e4vallan puolella maisemat muuttuivat jylh\u00e4n vuoristoisiksi. Huokaillen Eevert eteni pikkuteit\u00e4 pitkin kohti m\u00e4\u00e4r\u00e4np\u00e4\u00e4t\u00e4ns\u00e4 &#8211; pient\u00e4 kyl\u00e4\u00e4 Zillertalin laakson rinteill\u00e4.<\/p>\n<figure id=\"attachment_8894\" aria-describedby=\"caption-attachment-8894\" style=\"width: 480px\" class=\"wp-caption aligncenter\"><img decoding=\"async\" class=\"size-full wp-image-8894\" src=\"http:\/\/kinanen.fi\/wordpress\/wp-content\/uploads\/2015\/07\/zillertal-1.jpg\" alt=\"Maisemia\" width=\"480\" height=\"640\" \/><figcaption id=\"caption-attachment-8894\" class=\"wp-caption-text\">Maisemia<\/figcaption><\/figure>\n<p>V\u00e4lill\u00e4 pit\u00e4\u00e4 pys\u00e4hty\u00e4 ihastelemaan maisemia. Katsomista riitt\u00e4\u00e4 joka puolelle. Kes\u00e4 on komeimmillaan. Vihre\u00e4n s\u00e4vyt oikein hehkuvat pelloilla ja metsiss\u00e4.<\/p>\n<p>Katsellessa tulee n\u00e4lk\u00e4.<\/p>\n<figure id=\"attachment_8890\" aria-describedby=\"caption-attachment-8890\" style=\"width: 480px\" class=\"wp-caption aligncenter\"><img loading=\"lazy\" decoding=\"async\" class=\"size-full wp-image-8890\" src=\"http:\/\/kinanen.fi\/wordpress\/wp-content\/uploads\/2015\/07\/zillertal-1-2.jpg\" alt=\"Makkarasalaatti\" width=\"480\" height=\"640\" \/><figcaption id=\"caption-attachment-8890\" class=\"wp-caption-text\">Makkarasalaatti<\/figcaption><\/figure>\n<p>Asia on pian autettu komealla makkarasalaatilla. Perinteinen ruoka-annos n\u00e4ill\u00e4 seuduilla. Palanpainikkeena Almdudler-yrttijuomaa.<\/p>\n<figure id=\"attachment_8889\" aria-describedby=\"caption-attachment-8889\" style=\"width: 480px\" class=\"wp-caption aligncenter\"><img loading=\"lazy\" decoding=\"async\" class=\"size-full wp-image-8889\" src=\"http:\/\/kinanen.fi\/wordpress\/wp-content\/uploads\/2015\/07\/zillertal-1-1.jpg\" alt=\"Lintu\" width=\"480\" height=\"640\" \/><figcaption id=\"caption-attachment-8889\" class=\"wp-caption-text\">Lintu<\/figcaption><\/figure>\n<p>Luontoa rakastava Eevert huomasi itselleen tunnistamattoman valkopilkulliseen takkiin pukeutuneen linnun varsinaisella t\u00e4hystyspaikalla. Sen seuraamisessa hupeni hetki jos toinekin, vaikka lintu j\u00e4i toistaiseksi tunnistamattomaksi.<\/p>\n<p>Pian l\u00f6tyi jo kotilaakso ja aikaisemmilta reissuilta tuttu majapaikka.<\/p>\n<figure id=\"attachment_8895\" aria-describedby=\"caption-attachment-8895\" style=\"width: 480px\" class=\"wp-caption aligncenter\"><img loading=\"lazy\" decoding=\"async\" class=\"size-full wp-image-8895\" src=\"http:\/\/kinanen.fi\/wordpress\/wp-content\/uploads\/2015\/07\/zillertal-1-6.jpg\" alt=\"Kes\u00e4koti\" width=\"480\" height=\"640\" \/><figcaption id=\"caption-attachment-8895\" class=\"wp-caption-text\">Kes\u00e4koti<\/figcaption><\/figure>\n<p>Eevertin ja seurueen kes\u00e4koti l\u00f6ytyi toisesta kerroksesta.\u00a0Talo oli hyvin perinteisen n\u00e4k\u00f6inen ulosp\u00e4in. \u00a0Talon is\u00e4nt\u00e4v\u00e4ki vuokraa asuntoja loman viett\u00e4jille. Vuokraustoiminta on kannattanut hyvin sill\u00e4 edellisen reissun j\u00e4lkeen talon taakse oli noussut uusi talo, johon ensimm\u00e4iset vieraat saapuvat jo ensi talvena.<\/p>\n<figure id=\"attachment_8892\" aria-describedby=\"caption-attachment-8892\" style=\"width: 480px\" class=\"wp-caption aligncenter\"><img loading=\"lazy\" decoding=\"async\" class=\"size-full wp-image-8892\" src=\"http:\/\/kinanen.fi\/wordpress\/wp-content\/uploads\/2015\/07\/zillertal-1-4.jpg\" alt=\"N\u00e4kym\u00e4 parvekkeelta\" width=\"480\" height=\"640\" \/><figcaption id=\"caption-attachment-8892\" class=\"wp-caption-text\">N\u00e4kym\u00e4 parvekkeelta<\/figcaption><\/figure>\n<p>Hassummat eiv\u00e4t olleet n\u00e4kym\u00e4t parvekkeeltakaan.<\/p>\n<p>Alhaalla laaksossa oli ilta kymmenen aikoihin ilotulitus. Ilta oli jo pime\u00e4 ja laaksoon taloihin oli sytytetty valot.<\/p>\n<p>Eevert ihaili ilotulitusta parvekkeeltaan.<\/p>\n<p>Se olikin ensimm\u00e4inen kerta kun sellaista on p\u00e4\u00e4ssyt katselemaan ylh\u00e4\u00e4lt\u00e4 alasp\u00e4in \ud83d\ude42<\/p>\n","protected":false},"excerpt":{"rendered":"<p>Eevertill\u00e4 oli aikainen aamu. Niin aikainen, ett\u00e4 piti varmuudeksi laittaa ihan kello soimaan. Ja hyv\u00e4 olikin, sill\u00e4 kellon pirahtaessa aamulla 03.30 mies oli umpiunessa. Naapurin is\u00e4nt\u00e4 kurvasi em\u00e4nt\u00e4ns\u00e4 kanssa pian her\u00e4tyksen j\u00e4lkeen portille. H\u00f6veli is\u00e4nt\u00e4 oli luvannut saattaa Eevertin seurueineen l\u00e4heiselle lentoasemalle. N\u00e4in aikaisin aamulla oli melko rauhallista niin teill\u00e4 kuin asemallakin. Eevert kiitteli kovasti [&hellip;]<\/p>\n","protected":false},"author":1,"featured_media":0,"comment_status":"open","ping_status":"open","sticky":false,"template":"","format":"standard","meta":{"footnotes":""},"categories":[],"tags":[],"class_list":["post-8888","post","type-post","status-publish","format-standard","hentry"],"_links":{"self":[{"href":"https:\/\/www.kinanen.fi\/nukkekoti\/wp-json\/wp\/v2\/posts\/8888","targetHints":{"allow":["GET"]}}],"collection":[{"href":"https:\/\/www.kinanen.fi\/nukkekoti\/wp-json\/wp\/v2\/posts"}],"about":[{"href":"https:\/\/www.kinanen.fi\/nukkekoti\/wp-json\/wp\/v2\/types\/post"}],"author":[{"embeddable":true,"href":"https:\/\/www.kinanen.fi\/nukkekoti\/wp-json\/wp\/v2\/users\/1"}],"replies":[{"embeddable":true,"href":"https:\/\/www.kinanen.fi\/nukkekoti\/wp-json\/wp\/v2\/comments?post=8888"}],"version-history":[{"count":3,"href":"https:\/\/www.kinanen.fi\/nukkekoti\/wp-json\/wp\/v2\/posts\/8888\/revisions"}],"predecessor-version":[{"id":8898,"href":"https:\/\/www.kinanen.fi\/nukkekoti\/wp-json\/wp\/v2\/posts\/8888\/revisions\/8898"}],"wp:attachment":[{"href":"https:\/\/www.kinanen.fi\/nukkekoti\/wp-json\/wp\/v2\/media?parent=8888"}],"wp:term":[{"taxonomy":"category","embeddable":true,"href":"https:\/\/www.kinanen.fi\/nukkekoti\/wp-json\/wp\/v2\/categories?post=8888"},{"taxonomy":"post_tag","embeddable":true,"href":"https:\/\/www.kinanen.fi\/nukkekoti\/wp-json\/wp\/v2\/tags?post=8888"}],"curies":[{"name":"wp","href":"https:\/\/api.w.org\/{rel}","templated":true}]}}