{"id":8899,"date":"2015-07-31T22:29:44","date_gmt":"2015-07-31T19:29:44","guid":{"rendered":"http:\/\/kinanen.fi\/wordpress\/?p=8899"},"modified":"2015-07-31T22:36:39","modified_gmt":"2015-07-31T19:36:39","slug":"paiva-hintertuxilla","status":"publish","type":"post","link":"https:\/\/www.kinanen.fi\/nukkekoti\/paiva-hintertuxilla\/","title":{"rendered":"P\u00e4iv\u00e4 Hintertuxilla"},"content":{"rendered":"<p>Aamu aukeni pilvett\u00f6m\u00e4n\u00e4 ja aurinkoisena.<\/p>\n<p>Eevertin tavoitteena on yl\u00f6s &#8211; mahdollisimman yl\u00f6s &#8211; aina kun keli on kirkas. <a href=\"http:\/\/www.hintertuxergletscher.at\/en\/home.html\" target=\"_blank\">Hintertuxin j\u00e4\u00e4tikk\u00f6<\/a> kiinnosti t\u00e4n\u00e4\u00e4n niin, ett\u00e4 aamiaisen j\u00e4lkeen reput pakattiin nopeasti ja siirryttiin pieneen punaiseen Beetleen. Katto auki tietenkin ja rokkenrolli soimaan. Eevert, niin vaisu mies kuin onkin, rokkasi penkill\u00e4\u00e4n niin k\u00e4sill\u00e4\u00e4n kuin p\u00e4\u00e4ll\u00e4\u00e4kin muun seurueen riemuksi.<\/p>\n<p>Ylh\u00e4\u00e4ll\u00e4, 3250m merenpinnasta, oli t\u00e4ydet lumikarkelot menossa. Laskettelijoita riitti useammalle rinteelle. Keli oli kuin komeimpana helmikuisena aurinko p\u00e4iv\u00e4n\u00e4 koti-Suomessa.<\/p>\n<figure id=\"attachment_8900\" aria-describedby=\"caption-attachment-8900\" style=\"width: 610px\" class=\"wp-caption aligncenter\"><img fetchpriority=\"high\" decoding=\"async\" class=\"size-full wp-image-8900\" src=\"http:\/\/kinanen.fi\/wordpress\/wp-content\/uploads\/2015\/07\/zillertal-1-7.jpg\" alt=\"Hintertux\" width=\"610\" height=\"407\" \/><figcaption id=\"caption-attachment-8900\" class=\"wp-caption-text\">Hintertux<\/figcaption><\/figure>\n<p>Lapsia oli paljon ylh\u00e4\u00e4ll\u00e4. Moni riemuitsi rengasliukum\u00e4est\u00e4. M\u00e4ke\u00e4 kiersi ylh\u00e4\u00e4lt\u00e4 alas ja taas yl\u00f6s katkeamaton lasten ketju. Riemunkiljahdusten saattelemana rengas liukui hurjaa vautia m\u00e4en alle.<\/p>\n<figure id=\"attachment_8902\" aria-describedby=\"caption-attachment-8902\" style=\"width: 640px\" class=\"wp-caption aligncenter\"><img decoding=\"async\" class=\"size-full wp-image-8902\" src=\"http:\/\/kinanen.fi\/wordpress\/wp-content\/uploads\/2015\/07\/zillertal-1-9.jpg\" alt=\"Rengasliukum\u00e4ki\" width=\"640\" height=\"427\" \/><figcaption id=\"caption-attachment-8902\" class=\"wp-caption-text\">Rengasliukum\u00e4ki<\/figcaption><\/figure>\n<p>Eevertin mielenkiinto kohdistui my\u00f6s paikalla olleeseen karuselliin. Ihan sellaista ei ollut viel\u00e4 eteen tullut aikaisemmin. Karusellissa oli kiinni nelj\u00e4 samanlaista rengasta kuin liukum\u00e4ess\u00e4 ja se py\u00f6ri tasaisesti ympyr\u00e4\u00e4 koko ajan. Lapsia nostettiin karuselliin sen liikkuessa, samoin kun oli aika antaa paikka seuraavalle.<\/p>\n<figure id=\"attachment_8901\" aria-describedby=\"caption-attachment-8901\" style=\"width: 640px\" class=\"wp-caption aligncenter\"><img decoding=\"async\" class=\"size-full wp-image-8901\" src=\"http:\/\/kinanen.fi\/wordpress\/wp-content\/uploads\/2015\/07\/zillertal-1-8.jpg\" alt=\"Karuselli\" width=\"640\" height=\"427\" \/><figcaption id=\"caption-attachment-8901\" class=\"wp-caption-text\">Karuselli<\/figcaption><\/figure>\n<p>Eevertin seuruekin nautti l\u00e4mpim\u00e4st\u00e4 (0 astetta) kelist\u00e4.<\/p>\n<figure id=\"attachment_8905\" aria-describedby=\"caption-attachment-8905\" style=\"width: 640px\" class=\"wp-caption aligncenter\"><img loading=\"lazy\" decoding=\"async\" class=\"size-full wp-image-8905\" src=\"http:\/\/kinanen.fi\/wordpress\/wp-content\/uploads\/2015\/07\/zillertal-1-19.jpg\" alt=\"Selfie\" width=\"640\" height=\"480\" \/><figcaption id=\"caption-attachment-8905\" class=\"wp-caption-text\">Selfie<\/figcaption><\/figure>\n<p>Aurinkolasit olivat tarpeen. H\u00e4ik\u00e4isy noin korkealla t\u00e4ydess\u00e4 aurongonpaisteessa oli kovaa.<\/p>\n<figure id=\"attachment_8903\" aria-describedby=\"caption-attachment-8903\" style=\"width: 640px\" class=\"wp-caption aligncenter\"><img loading=\"lazy\" decoding=\"async\" class=\"size-full wp-image-8903\" src=\"http:\/\/kinanen.fi\/wordpress\/wp-content\/uploads\/2015\/07\/zillertal-1-10.jpg\" alt=\"Pilvi\u00e4\" width=\"640\" height=\"427\" \/><figcaption id=\"caption-attachment-8903\" class=\"wp-caption-text\">Pilvi\u00e4<\/figcaption><\/figure>\n<p>V\u00e4lill\u00e4 osa huipusta peittyi pilveen, mutta ne v\u00e4istyiv\u00e4t nopeasti ja Eevertin kotilaakso kylpi koko p\u00e4iv\u00e4n selke\u00e4ss\u00e4 keliss\u00e4.<\/p>\n<figure id=\"attachment_8908\" aria-describedby=\"caption-attachment-8908\" style=\"width: 640px\" class=\"wp-caption aligncenter\"><img loading=\"lazy\" decoding=\"async\" class=\"size-full wp-image-8908\" src=\"http:\/\/kinanen.fi\/wordpress\/wp-content\/uploads\/2015\/07\/zillertal-1-17.jpg\" alt=\"N\u00e4kymi\u00e4 alempaa\" width=\"640\" height=\"480\" \/><figcaption id=\"caption-attachment-8908\" class=\"wp-caption-text\">N\u00e4kymi\u00e4 alempaa<\/figcaption><\/figure>\n<p>Lumihuipulta Eevert laskeutui hissill\u00e4. S\u00e4\u00e4 suosi kuitenkin kulkijaa niin paljon ett\u00e4, mies p\u00e4\u00e4tti k\u00e4vell\u00e4 keskimm\u00e4isten hissiasemien v\u00e4lin. Alas n\u00e4ytti menev\u00e4n tie, jota pitkin oli hyv\u00e4 astella. Korkeusk\u00e4yr\u00e4n mukaista laskua olisi n. 500 m, sopivasti ensimm\u00e4iselle p\u00e4iv\u00e4lle.<\/p>\n<figure id=\"attachment_8904\" aria-describedby=\"caption-attachment-8904\" style=\"width: 640px\" class=\"wp-caption aligncenter\"><img loading=\"lazy\" decoding=\"async\" class=\"size-full wp-image-8904\" src=\"http:\/\/kinanen.fi\/wordpress\/wp-content\/uploads\/2015\/07\/zillertal-1-12.jpg\" alt=\"Vaeltaja\" width=\"640\" height=\"427\" \/><figcaption id=\"caption-attachment-8904\" class=\"wp-caption-text\">Vaeltaja<\/figcaption><\/figure>\n<p>Laskeutuminen on kova juttu jaloille. Laskeutuminen\u00a0k\u00e4y ruumiin p\u00e4\u00e4lle kun taas nousu hengen. Hissuksiin ja omaan tahtiin kun liikkuu niin p\u00e4\u00e4see sopivasti rasittumaan.<\/p>\n<figure id=\"attachment_8909\" aria-describedby=\"caption-attachment-8909\" style=\"width: 427px\" class=\"wp-caption aligncenter\"><img loading=\"lazy\" decoding=\"async\" class=\"size-full wp-image-8909\" src=\"http:\/\/kinanen.fi\/wordpress\/wp-content\/uploads\/2015\/07\/zillertal-1-22.jpg\" alt=\"Kuorma-auto\" width=\"427\" height=\"640\" \/><figcaption id=\"caption-attachment-8909\" class=\"wp-caption-text\">Kuorma-auto<\/figcaption><\/figure>\n<p>Rinteit\u00e4 huolletaan kes\u00e4ll\u00e4. Iso kuorma-auto nousi yl\u00f6sp\u00e4in tiet\u00e4. Se liikkui mielenkiintoisesti monella mutkalla olevia tien p\u00e4tki\u00e4. Toiseen suuntaan kehre\u00e4 se ajoi nokka eteen p\u00e4in normaalisti ja seuraanvan mutkan takaa se peruutti yl\u00f6sp\u00e4in. Iso auto ei pienissa ja tiukoissa mutkissa mitenk\u00e4\u00e4n olisi normaalisti k\u00e4\u00e4ntynyt. Siksakkaamalla &#8211; ajamalla ja peruuttamalla &#8211; se p\u00e4\u00e4si sujuvasti etenem\u00e4\u00e4n.<\/p>\n<figure id=\"attachment_8907\" aria-describedby=\"caption-attachment-8907\" style=\"width: 640px\" class=\"wp-caption aligncenter\"><img loading=\"lazy\" decoding=\"async\" class=\"size-full wp-image-8907\" src=\"http:\/\/kinanen.fi\/wordpress\/wp-content\/uploads\/2015\/07\/zillertal-1-16.jpg\" alt=\"Viimeinen nousu\" width=\"640\" height=\"427\" \/><figcaption id=\"caption-attachment-8907\" class=\"wp-caption-text\">Viimeinen nousu<\/figcaption><\/figure>\n<p>Ihan pekk\u00e4\u00e4 alam\u00e4ke\u00e4 ei sent\u00e4\u00e4n p\u00e4\u00e4sty. Melkoisen tiukkaa yl\u00e4m\u00e4ke\u00e4 oli ennen keskimm\u00e4ist\u00e4 hissiasemaa kilometrin verran. Tie kulki n. 45 asteen kulmassa yl\u00f6sp\u00e4in. Joku hurja py\u00f6r\u00e4ili sen yl\u00f6s, mutta suurin osa hyv\u00e4kuntoisista nuorukaisista ty\u00f6nsi py\u00f6r\u00e4n viimeisen rutistuksen ajan.<\/p>\n<p>V\u00e4synyt, mutta onnellinen mies palasi majapaikkaansa. Illalla l\u00e4mmin kylpy ja pian oli mies univalmis.<\/p>\n","protected":false},"excerpt":{"rendered":"<p>Aamu aukeni pilvett\u00f6m\u00e4n\u00e4 ja aurinkoisena. Eevertin tavoitteena on yl\u00f6s &#8211; mahdollisimman yl\u00f6s &#8211; aina kun keli on kirkas. Hintertuxin j\u00e4\u00e4tikk\u00f6 kiinnosti t\u00e4n\u00e4\u00e4n niin, ett\u00e4 aamiaisen j\u00e4lkeen reput pakattiin nopeasti ja siirryttiin pieneen punaiseen Beetleen. Katto auki tietenkin ja rokkenrolli soimaan. Eevert, niin vaisu mies kuin onkin, rokkasi penkill\u00e4\u00e4n niin k\u00e4sill\u00e4\u00e4n kuin p\u00e4\u00e4ll\u00e4\u00e4kin muun seurueen riemuksi. [&hellip;]<\/p>\n","protected":false},"author":1,"featured_media":0,"comment_status":"open","ping_status":"open","sticky":false,"template":"","format":"standard","meta":{"footnotes":""},"categories":[],"tags":[],"class_list":["post-8899","post","type-post","status-publish","format-standard","hentry"],"_links":{"self":[{"href":"https:\/\/www.kinanen.fi\/nukkekoti\/wp-json\/wp\/v2\/posts\/8899","targetHints":{"allow":["GET"]}}],"collection":[{"href":"https:\/\/www.kinanen.fi\/nukkekoti\/wp-json\/wp\/v2\/posts"}],"about":[{"href":"https:\/\/www.kinanen.fi\/nukkekoti\/wp-json\/wp\/v2\/types\/post"}],"author":[{"embeddable":true,"href":"https:\/\/www.kinanen.fi\/nukkekoti\/wp-json\/wp\/v2\/users\/1"}],"replies":[{"embeddable":true,"href":"https:\/\/www.kinanen.fi\/nukkekoti\/wp-json\/wp\/v2\/comments?post=8899"}],"version-history":[{"count":3,"href":"https:\/\/www.kinanen.fi\/nukkekoti\/wp-json\/wp\/v2\/posts\/8899\/revisions"}],"predecessor-version":[{"id":8912,"href":"https:\/\/www.kinanen.fi\/nukkekoti\/wp-json\/wp\/v2\/posts\/8899\/revisions\/8912"}],"wp:attachment":[{"href":"https:\/\/www.kinanen.fi\/nukkekoti\/wp-json\/wp\/v2\/media?parent=8899"}],"wp:term":[{"taxonomy":"category","embeddable":true,"href":"https:\/\/www.kinanen.fi\/nukkekoti\/wp-json\/wp\/v2\/categories?post=8899"},{"taxonomy":"post_tag","embeddable":true,"href":"https:\/\/www.kinanen.fi\/nukkekoti\/wp-json\/wp\/v2\/tags?post=8899"}],"curies":[{"name":"wp","href":"https:\/\/api.w.org\/{rel}","templated":true}]}}