{"id":8913,"date":"2015-08-01T21:40:06","date_gmt":"2015-08-01T18:40:06","guid":{"rendered":"http:\/\/kinanen.fi\/wordpress\/?p=8913"},"modified":"2015-08-01T21:46:45","modified_gmt":"2015-08-01T18:46:45","slug":"pukkiterapiaa-ahornilla","status":"publish","type":"post","link":"https:\/\/www.kinanen.fi\/nukkekoti\/pukkiterapiaa-ahornilla\/","title":{"rendered":"Pukkiterapiaa Ahornilla"},"content":{"rendered":"<p>P\u00e4iv\u00e4n retkikohteeksi valikoitui Ahornin komeat maisemat.<\/p>\n<p>Isolla hissill\u00e4 yl\u00f6s ja huippuk\u00e4vely\u00e4 p\u00e4iv\u00e4. Eiliset laskeutumiset tuntuivat lihaksissa sen verran ett\u00e4 kevyt palautumisp\u00e4iv\u00e4 oli tarpeen.<\/p>\n<p>Ahorn kohoaa 2000 metriin ja jokapuolelta huippua on maisemia joita kelpaa katsella.<\/p>\n<figure id=\"attachment_8915\" aria-describedby=\"caption-attachment-8915\" style=\"width: 377px\" class=\"wp-caption aligncenter\"><img fetchpriority=\"high\" decoding=\"async\" class=\"size-full wp-image-8915\" src=\"http:\/\/kinanen.fi\/wordpress\/wp-content\/uploads\/2015\/08\/zillertal-1-24.jpg\" alt=\"Pieni mies\" width=\"377\" height=\"566\" \/><figcaption id=\"caption-attachment-8915\" class=\"wp-caption-text\">Pieni mies<\/figcaption><\/figure>\n<p>Vuoret ja meri ovat ymp\u00e4rist\u00f6j\u00e4 joissa Eevert viihtyy ja jotka kiehtovat h\u00e4nt\u00e4. Kummankin keskell\u00e4 ihminen palautuu omaan arvoonsa ja omalle paikalleen maailmankaikkeudessa. Liiat luulot itsest\u00e4 karisevat.<\/p>\n<figure id=\"attachment_8921\" aria-describedby=\"caption-attachment-8921\" style=\"width: 480px\" class=\"wp-caption aligncenter\"><img decoding=\"async\" class=\"size-full wp-image-8921\" src=\"http:\/\/kinanen.fi\/wordpress\/wp-content\/uploads\/2015\/08\/zillertal-4.jpg\" alt=\"Ahorn\" width=\"480\" height=\"640\" \/><figcaption id=\"caption-attachment-8921\" class=\"wp-caption-text\">Ahorn<\/figcaption><\/figure>\n<p>Vuorilla on hiljaista. T\u00e4\u00e4ll\u00e4 kuuluu vain karjan kellojen kilin\u00e4. Tai no, l\u00e4heisen Almin terassilta kuuluu haitarin soittoa ja laulua. Vuorilla \u00e4\u00e4net kuuluvat kauas.<\/p>\n<figure id=\"attachment_8920\" aria-describedby=\"caption-attachment-8920\" style=\"width: 480px\" class=\"wp-caption aligncenter\"><img decoding=\"async\" class=\"size-full wp-image-8920\" src=\"http:\/\/kinanen.fi\/wordpress\/wp-content\/uploads\/2015\/08\/zillertal-2.jpg\" alt=\"Laakso\" width=\"480\" height=\"640\" \/><figcaption id=\"caption-attachment-8920\" class=\"wp-caption-text\">Laakso<\/figcaption><\/figure>\n<p>Alempana rinteell\u00e4 on vanha matkalaisten taukopaikka. Kes\u00e4aikana palveleva\u00a0Filzenalm on tarjoillut tuotteitaan jo 200 vuotta. Maittavien juustojen ja kylmien maitojuomien lis\u00e4ksi monenlaista karjaa k\u00e4yskentelee majan ymp\u00e4rill\u00e4.<\/p>\n<figure id=\"attachment_8924\" aria-describedby=\"caption-attachment-8924\" style=\"width: 640px\" class=\"wp-caption aligncenter\"><img loading=\"lazy\" decoding=\"async\" class=\"size-full wp-image-8924\" src=\"http:\/\/kinanen.fi\/wordpress\/wp-content\/uploads\/2015\/08\/zillertal-1-32.jpg\" alt=\"Filzenalm\" width=\"640\" height=\"427\" \/><figcaption id=\"caption-attachment-8924\" class=\"wp-caption-text\">Filzenalm<\/figcaption><\/figure>\n<p>T\u00e4n\u00e4\u00e4n miehen mielt\u00e4 ilahdutti pukki, joka tuli tervehtim\u00e4\u00e4n juustovoileip\u00e4\u00e4 sy\u00f6v\u00e4\u00e4 yst\u00e4v\u00e4\u00e4mme.<\/p>\n<p>Pukki ja Eevert viihtyiv\u00e4t pitk\u00e4n tovin seurustellen kesken\u00e4\u00e4n. Pukkiterapiaa kaipaaville t\u00e4m\u00e4 onkin oiva paikka, sanoi Eevert selv\u00e4sti nauttineena kohtaamisesta.<\/p>\n<figure id=\"attachment_8922\" aria-describedby=\"caption-attachment-8922\" style=\"width: 640px\" class=\"wp-caption aligncenter\"><img loading=\"lazy\" decoding=\"async\" class=\"size-full wp-image-8922\" src=\"http:\/\/kinanen.fi\/wordpress\/wp-content\/uploads\/2015\/08\/zillertal-5.jpg\" alt=\"Pukki\" width=\"640\" height=\"640\" \/><figcaption id=\"caption-attachment-8922\" class=\"wp-caption-text\">Pukki<\/figcaption><\/figure>\n<p>El\u00e4imet kulkevat kivikossa taitavasti. L\u00e4hemp\u00e4\u00e4 tuttavuutta tehnyt vuohi oli satuttanut toisen takajalkansa ja linkutti kolmella jalalla eteenp\u00e4in.<\/p>\n<figure id=\"attachment_8919\" aria-describedby=\"caption-attachment-8919\" style=\"width: 640px\" class=\"wp-caption aligncenter\"><img loading=\"lazy\" decoding=\"async\" class=\"size-full wp-image-8919\" src=\"http:\/\/kinanen.fi\/wordpress\/wp-content\/uploads\/2015\/08\/zillertal-1-30.jpg\" alt=\"Rapsutusta\" width=\"640\" height=\"427\" \/><figcaption id=\"caption-attachment-8919\" class=\"wp-caption-text\">Rapsutusta<\/figcaption><\/figure>\n<p>Rapsuttelu ja sormien makustelu tuntui olevan mukavaa. Molemmista \ud83d\ude42<\/p>\n<figure id=\"attachment_8918\" aria-describedby=\"caption-attachment-8918\" style=\"width: 640px\" class=\"wp-caption aligncenter\"><img loading=\"lazy\" decoding=\"async\" class=\"size-full wp-image-8918\" src=\"http:\/\/kinanen.fi\/wordpress\/wp-content\/uploads\/2015\/08\/zillertal-1-29.jpg\" alt=\"Selfie\" width=\"640\" height=\"427\" \/><figcaption id=\"caption-attachment-8918\" class=\"wp-caption-text\">Selfie<\/figcaption><\/figure>\n<p>Pitih\u00e4n sit\u00e4 saada selfiekin muistoksi kohtaamisesta.<\/p>\n<figure id=\"attachment_8923\" aria-describedby=\"caption-attachment-8923\" style=\"width: 480px\" class=\"wp-caption aligncenter\"><img loading=\"lazy\" decoding=\"async\" class=\"size-full wp-image-8923\" src=\"http:\/\/kinanen.fi\/wordpress\/wp-content\/uploads\/2015\/08\/zillertal-6.jpg\" alt=\"Vuohi\" width=\"480\" height=\"640\" \/><figcaption id=\"caption-attachment-8923\" class=\"wp-caption-text\">Vuohi<\/figcaption><\/figure>\n<p>T\u00e4m\u00e4 oli hyv\u00e4 p\u00e4iv\u00e4, tuumi Eevert majapaikassaan illan tullen.<\/p>\n<p>&nbsp;<\/p>\n","protected":false},"excerpt":{"rendered":"<p>P\u00e4iv\u00e4n retkikohteeksi valikoitui Ahornin komeat maisemat. Isolla hissill\u00e4 yl\u00f6s ja huippuk\u00e4vely\u00e4 p\u00e4iv\u00e4. Eiliset laskeutumiset tuntuivat lihaksissa sen verran ett\u00e4 kevyt palautumisp\u00e4iv\u00e4 oli tarpeen. Ahorn kohoaa 2000 metriin ja jokapuolelta huippua on maisemia joita kelpaa katsella. Vuoret ja meri ovat ymp\u00e4rist\u00f6j\u00e4 joissa Eevert viihtyy ja jotka kiehtovat h\u00e4nt\u00e4. Kummankin keskell\u00e4 ihminen palautuu omaan arvoonsa ja omalle [&hellip;]<\/p>\n","protected":false},"author":1,"featured_media":0,"comment_status":"open","ping_status":"open","sticky":false,"template":"","format":"standard","meta":{"footnotes":""},"categories":[],"tags":[],"class_list":["post-8913","post","type-post","status-publish","format-standard","hentry"],"_links":{"self":[{"href":"https:\/\/www.kinanen.fi\/nukkekoti\/wp-json\/wp\/v2\/posts\/8913","targetHints":{"allow":["GET"]}}],"collection":[{"href":"https:\/\/www.kinanen.fi\/nukkekoti\/wp-json\/wp\/v2\/posts"}],"about":[{"href":"https:\/\/www.kinanen.fi\/nukkekoti\/wp-json\/wp\/v2\/types\/post"}],"author":[{"embeddable":true,"href":"https:\/\/www.kinanen.fi\/nukkekoti\/wp-json\/wp\/v2\/users\/1"}],"replies":[{"embeddable":true,"href":"https:\/\/www.kinanen.fi\/nukkekoti\/wp-json\/wp\/v2\/comments?post=8913"}],"version-history":[{"count":2,"href":"https:\/\/www.kinanen.fi\/nukkekoti\/wp-json\/wp\/v2\/posts\/8913\/revisions"}],"predecessor-version":[{"id":8926,"href":"https:\/\/www.kinanen.fi\/nukkekoti\/wp-json\/wp\/v2\/posts\/8913\/revisions\/8926"}],"wp:attachment":[{"href":"https:\/\/www.kinanen.fi\/nukkekoti\/wp-json\/wp\/v2\/media?parent=8913"}],"wp:term":[{"taxonomy":"category","embeddable":true,"href":"https:\/\/www.kinanen.fi\/nukkekoti\/wp-json\/wp\/v2\/categories?post=8913"},{"taxonomy":"post_tag","embeddable":true,"href":"https:\/\/www.kinanen.fi\/nukkekoti\/wp-json\/wp\/v2\/tags?post=8913"}],"curies":[{"name":"wp","href":"https:\/\/api.w.org\/{rel}","templated":true}]}}