{"id":8927,"date":"2015-08-02T19:15:47","date_gmt":"2015-08-02T16:15:47","guid":{"rendered":"http:\/\/kinanen.fi\/wordpress\/?p=8927"},"modified":"2015-08-02T19:43:40","modified_gmt":"2015-08-02T16:43:40","slug":"pilvinen-paiva","status":"publish","type":"post","link":"https:\/\/www.kinanen.fi\/nukkekoti\/pilvinen-paiva\/","title":{"rendered":"P\u00e4iv\u00e4 pilvess\u00e4"},"content":{"rendered":"<p>Aamulla her\u00e4tess\u00e4\u00e4n Eevert sai hieraista silmi\u00e4\u00e4n toisenkin kerran ennenkuin el\u00e4m\u00e4n todellisuus aukeni. Ikkunan takaa pyrki pilve\u00e4 sis\u00e4\u00e4n. Koko laakson oli vallannut valtaisa pilvipeitto.<\/p>\n<figure id=\"attachment_8928\" aria-describedby=\"caption-attachment-8928\" style=\"width: 640px\" class=\"wp-caption aligncenter\"><img fetchpriority=\"high\" decoding=\"async\" class=\"size-full wp-image-8928\" src=\"http:\/\/kinanen.fi\/wordpress\/wp-content\/uploads\/2015\/08\/zillertal-1-34.jpg\" alt=\"Pilvi valtaamassa kotilaakoa\" width=\"640\" height=\"480\" \/><figcaption id=\"caption-attachment-8928\" class=\"wp-caption-text\">Pilvi valtaamassa kotilaakoa<\/figcaption><\/figure>\n<p>V\u00e4lill\u00e4 se sakeni ja maisema oli vain valkoinen jo metrin p\u00e4\u00e4st\u00e4. Eevert ei pilve\u00e4 pel\u00e4nnyt vaan varustautui p\u00e4iv\u00e4retke\u00e4 varten ja hurautti <a href=\"http:\/\/www.mayrhofner-bergbahnen.com\/en\" target=\"_blank\">Penkenbahnin<\/a> asemalle.<\/p>\n<figure id=\"attachment_8930\" aria-describedby=\"caption-attachment-8930\" style=\"width: 640px\" class=\"wp-caption aligncenter\"><img decoding=\"async\" class=\"size-full wp-image-8930\" src=\"http:\/\/kinanen.fi\/wordpress\/wp-content\/uploads\/2015\/08\/zillertal-3-1.jpg\" alt=\"Hissi\" width=\"640\" height=\"480\" \/><figcaption id=\"caption-attachment-8930\" class=\"wp-caption-text\">Hissi<\/figcaption><\/figure>\n<p>Kondoli n\u00e4ytti sukeltavan aavemaiseen tyhjyyteen. T\u00e4m\u00e4p\u00e4 on j\u00e4nnitt\u00e4v\u00e4\u00e4 tuumi Eevert ja antoi kameralleen t\u00f6it\u00e4 napsimalla tiuhaan tahtiin usvaisia kuvia kondolin ikkunoista.<\/p>\n<figure id=\"attachment_8931\" aria-describedby=\"caption-attachment-8931\" style=\"width: 480px\" class=\"wp-caption aligncenter\"><img decoding=\"async\" class=\"size-full wp-image-8931\" src=\"http:\/\/kinanen.fi\/wordpress\/wp-content\/uploads\/2015\/08\/zillertal-4-1.jpg\" alt=\"Tuolihissill\u00e4 yl\u00f6s\" width=\"480\" height=\"640\" \/><figcaption id=\"caption-attachment-8931\" class=\"wp-caption-text\">Tuolihissill\u00e4 yl\u00f6s<\/figcaption><\/figure>\n<p>Tuolihissill\u00e4 piti viel\u00e4 jatkaa huipulle saakka 2095 metriin. Ei n\u00e4ytt\u00e4nyt keli avautuvan viel\u00e4 matkalla.<\/p>\n<figure id=\"attachment_8929\" aria-describedby=\"caption-attachment-8929\" style=\"width: 640px\" class=\"wp-caption aligncenter\"><img loading=\"lazy\" decoding=\"async\" class=\"size-full wp-image-8929\" src=\"http:\/\/kinanen.fi\/wordpress\/wp-content\/uploads\/2015\/08\/zillertal-2-1.jpg\" alt=\"Mets\u00e4\" width=\"640\" height=\"480\" \/><figcaption id=\"caption-attachment-8929\" class=\"wp-caption-text\">Mets\u00e4<\/figcaption><\/figure>\n<p>Ylemp\u00e4n\u00e4 pilvien rajat olivat jo selvempi\u00e4 ja puurajan ylitetty\u00e4\u00e4n oli jo ohutta yl\u00e4pilve\u00e4 &#8211; tai jotakin sinnep\u00e4in \ud83d\ude42<\/p>\n<figure id=\"attachment_8932\" aria-describedby=\"caption-attachment-8932\" style=\"width: 640px\" class=\"wp-caption aligncenter\"><img loading=\"lazy\" decoding=\"async\" class=\"size-full wp-image-8932\" src=\"http:\/\/kinanen.fi\/wordpress\/wp-content\/uploads\/2015\/08\/zillertal-5-1.jpg\" alt=\"Tekoj\u00e4rvi\" width=\"640\" height=\"480\" \/><figcaption id=\"caption-attachment-8932\" class=\"wp-caption-text\">Tekoj\u00e4rvi<\/figcaption><\/figure>\n<p>Ylh\u00e4\u00e4ll\u00e4 oli pieni tekoj\u00e4rvi, niinkuin monin paikoin kun luonnon vesi\u00e4 ei j\u00e4rviksi saakka ole. Pieni\u00e4 ja isompia puroja sek\u00e4 jokia on kyll\u00e4 sit\u00e4kin enemm\u00e4n. N\u00e4iss\u00e4 j\u00e4rviss\u00e4 on uiminen kielletty niinkuin useimmissa luonnonj\u00e4rviss\u00e4kin silloin kun sellaisia on kohdattu.<\/p>\n<p>Kaunista on kosteudenkin keskell\u00e4, huokaili Eevert tutkiskellessaan ruohonkorsien ja kukintojen p\u00e4iss\u00e4 kimmelt\u00e4vi\u00e4 pisaroita.<\/p>\n<figure id=\"attachment_8937\" aria-describedby=\"caption-attachment-8937\" style=\"width: 480px\" class=\"wp-caption aligncenter\"><img loading=\"lazy\" decoding=\"async\" class=\"size-full wp-image-8937\" src=\"http:\/\/kinanen.fi\/wordpress\/wp-content\/uploads\/2015\/08\/zillertal-6-1.jpg\" alt=\"Pepe\" width=\"480\" height=\"640\" \/><figcaption id=\"caption-attachment-8937\" class=\"wp-caption-text\">Pepe<\/figcaption><\/figure>\n<p>Eevertin riemuksi huipulla oli my\u00f6s pieni m\u00e4rk\u00e4 aasi, Pepe. Yst\u00e4v\u00e4llinen aasi k\u00e4vi tervehtim\u00e4ss\u00e4 Eeverti\u00e4. Tovin turistuaan he j\u00e4ttiv\u00e4t rapsutusten kera hyv\u00e4stit toisilleen.<\/p>\n<figure id=\"attachment_8933\" aria-describedby=\"caption-attachment-8933\" style=\"width: 640px\" class=\"wp-caption aligncenter\"><img loading=\"lazy\" decoding=\"async\" class=\"size-full wp-image-8933\" src=\"http:\/\/kinanen.fi\/wordpress\/wp-content\/uploads\/2015\/08\/zillertal-7-1.jpg\" alt=\"Laakso\" width=\"640\" height=\"480\" \/><figcaption id=\"caption-attachment-8933\" class=\"wp-caption-text\">Laakso<\/figcaption><\/figure>\n<p>Laskeuduttuaan seurue sai huomata ett\u00e4 maassa saakka roikkuneet pilvet olivat vet\u00e4ytyneet jo paljon korkeammalle. Viel\u00e4 t\u00e4st\u00e4 p\u00e4iv\u00e4 kirkastuisi toivoi koko porukka ja l\u00e4hti ajelemaan pienell\u00e4 punaisella autollaan.<\/p>\n<p>Pienet kyl\u00e4t ja tiet olivat kauniita. Kaikki v\u00e4rit hehkuivat syvin\u00e4 ja kirkkaina kosteuden vaikutuksesta.<\/p>\n<p>Pian saavuttiin suurelle patoj\u00e4rvelle. It\u00e4vallassa kaikki on suurta &#8211; todella suurta. <a href=\"http:\/\/www.holidaycheck.de\/vollbild-Schlegeis+Stausee+Laechelnde+Staumauer-ch_ub-id_1156159369.html\" target=\"_blank\">Schlegeis Stausseen<\/a> pato on 131m korkea ja 725m pitk\u00e4.<\/p>\n<figure id=\"attachment_8936\" aria-describedby=\"caption-attachment-8936\" style=\"width: 480px\" class=\"wp-caption aligncenter\"><img loading=\"lazy\" decoding=\"async\" class=\"size-full wp-image-8936\" src=\"http:\/\/kinanen.fi\/wordpress\/wp-content\/uploads\/2015\/08\/zillertal-10.jpg\" alt=\"Pato \" width=\"480\" height=\"640\" \/><figcaption id=\"caption-attachment-8936\" class=\"wp-caption-text\">Pato<\/figcaption><\/figure>\n<p>Joitakin rohkelikkoja asuu\/ty\u00f6skentelee padon juurella olevassa talossa. Melko rohkealta olo tuntui et\u00e4\u00e4mm\u00e4lt\u00e4kin kun mieless\u00e4 ihan vain tuokion k\u00e4v\u00e4isi ajatus padon sortumisesta.<\/p>\n<figure id=\"attachment_8935\" aria-describedby=\"caption-attachment-8935\" style=\"width: 640px\" class=\"wp-caption aligncenter\"><img loading=\"lazy\" decoding=\"async\" class=\"size-full wp-image-8935\" src=\"http:\/\/kinanen.fi\/wordpress\/wp-content\/uploads\/2015\/08\/zillertal-9.jpg\" alt=\"Pato\" width=\"640\" height=\"480\" \/><figcaption id=\"caption-attachment-8935\" class=\"wp-caption-text\">Pato<\/figcaption><\/figure>\n<p>Padon p\u00e4\u00e4ll\u00e4 on varsin leve\u00e4 k\u00e4velytie, jonka pituus se l\u00e4hemm\u00e4s kilometri. On\u00a0t\u00e4h\u00e4n\u00a0valutettu betoni poikineen, ihmettelee Eevert \u00e4\u00e4neen k\u00e4velless\u00e4\u00e4n padon p\u00e4\u00e4ll\u00e4.<\/p>\n<figure id=\"attachment_8934\" aria-describedby=\"caption-attachment-8934\" style=\"width: 640px\" class=\"wp-caption aligncenter\"><img loading=\"lazy\" decoding=\"async\" class=\"size-full wp-image-8934\" src=\"http:\/\/kinanen.fi\/wordpress\/wp-content\/uploads\/2015\/08\/zillertal-8.jpg\" alt=\"J\u00e4rvi\" width=\"640\" height=\"480\" \/><figcaption id=\"caption-attachment-8934\" class=\"wp-caption-text\">J\u00e4rvi<\/figcaption><\/figure>\n<p>Pilvet roikkuvat viel\u00e4 j\u00e4rven yll\u00e4.<\/p>\n<p>T\u00e4llaisen p\u00e4iv\u00e4n p\u00e4\u00e4tteeksi tarvitaan jotakin l\u00e4mmit\u00e4. Kuuma kaakao ja Apfelstrudel ovat oiva ja varma valinta.<\/p>\n<figure id=\"attachment_8938\" aria-describedby=\"caption-attachment-8938\" style=\"width: 480px\" class=\"wp-caption aligncenter\"><img loading=\"lazy\" decoding=\"async\" class=\"size-full wp-image-8938\" src=\"http:\/\/kinanen.fi\/wordpress\/wp-content\/uploads\/2015\/08\/zillertal-1-35.jpg\" alt=\"Apfelstrudel\" width=\"480\" height=\"640\" \/><figcaption id=\"caption-attachment-8938\" class=\"wp-caption-text\">Apfelstrudel<\/figcaption><\/figure>\n<p>Kotilaaksoon palatessa aurinko jo helli ymp\u00e4rist\u00f6\u00e4 niin kirkkaasti, ett\u00e4 Eevertin kameran oli vaikea toistaa sit\u00e4 kirkkautta \ud83d\ude42<\/p>\n<figure id=\"attachment_8944\" aria-describedby=\"caption-attachment-8944\" style=\"width: 640px\" class=\"wp-caption aligncenter\"><img loading=\"lazy\" decoding=\"async\" class=\"size-full wp-image-8944\" src=\"http:\/\/kinanen.fi\/wordpress\/wp-content\/uploads\/2015\/08\/zillertal-1-38.jpg\" alt=\"Aurinko on palannut\" width=\"640\" height=\"480\" \/><figcaption id=\"caption-attachment-8944\" class=\"wp-caption-text\">Aurinko on palannut<\/figcaption><\/figure>\n<p>T\u00e4st\u00e4 tuli hyv\u00e4 p\u00e4iv\u00e4.<\/p>\n","protected":false},"excerpt":{"rendered":"<p>Aamulla her\u00e4tess\u00e4\u00e4n Eevert sai hieraista silmi\u00e4\u00e4n toisenkin kerran ennenkuin el\u00e4m\u00e4n todellisuus aukeni. Ikkunan takaa pyrki pilve\u00e4 sis\u00e4\u00e4n. Koko laakson oli vallannut valtaisa pilvipeitto. V\u00e4lill\u00e4 se sakeni ja maisema oli vain valkoinen jo metrin p\u00e4\u00e4st\u00e4. Eevert ei pilve\u00e4 pel\u00e4nnyt vaan varustautui p\u00e4iv\u00e4retke\u00e4 varten ja hurautti Penkenbahnin asemalle. Kondoli n\u00e4ytti sukeltavan aavemaiseen tyhjyyteen. T\u00e4m\u00e4p\u00e4 on j\u00e4nnitt\u00e4v\u00e4\u00e4 tuumi [&hellip;]<\/p>\n","protected":false},"author":1,"featured_media":0,"comment_status":"open","ping_status":"open","sticky":false,"template":"","format":"standard","meta":{"footnotes":""},"categories":[],"tags":[],"class_list":["post-8927","post","type-post","status-publish","format-standard","hentry"],"_links":{"self":[{"href":"https:\/\/www.kinanen.fi\/nukkekoti\/wp-json\/wp\/v2\/posts\/8927","targetHints":{"allow":["GET"]}}],"collection":[{"href":"https:\/\/www.kinanen.fi\/nukkekoti\/wp-json\/wp\/v2\/posts"}],"about":[{"href":"https:\/\/www.kinanen.fi\/nukkekoti\/wp-json\/wp\/v2\/types\/post"}],"author":[{"embeddable":true,"href":"https:\/\/www.kinanen.fi\/nukkekoti\/wp-json\/wp\/v2\/users\/1"}],"replies":[{"embeddable":true,"href":"https:\/\/www.kinanen.fi\/nukkekoti\/wp-json\/wp\/v2\/comments?post=8927"}],"version-history":[{"count":5,"href":"https:\/\/www.kinanen.fi\/nukkekoti\/wp-json\/wp\/v2\/posts\/8927\/revisions"}],"predecessor-version":[{"id":8945,"href":"https:\/\/www.kinanen.fi\/nukkekoti\/wp-json\/wp\/v2\/posts\/8927\/revisions\/8945"}],"wp:attachment":[{"href":"https:\/\/www.kinanen.fi\/nukkekoti\/wp-json\/wp\/v2\/media?parent=8927"}],"wp:term":[{"taxonomy":"category","embeddable":true,"href":"https:\/\/www.kinanen.fi\/nukkekoti\/wp-json\/wp\/v2\/categories?post=8927"},{"taxonomy":"post_tag","embeddable":true,"href":"https:\/\/www.kinanen.fi\/nukkekoti\/wp-json\/wp\/v2\/tags?post=8927"}],"curies":[{"name":"wp","href":"https:\/\/api.w.org\/{rel}","templated":true}]}}