{"id":8946,"date":"2015-08-03T21:24:59","date_gmt":"2015-08-03T18:24:59","guid":{"rendered":"http:\/\/kinanen.fi\/wordpress\/?p=8946"},"modified":"2015-08-03T21:30:31","modified_gmt":"2015-08-03T18:30:31","slug":"taydessa-paisteessa","status":"publish","type":"post","link":"https:\/\/www.kinanen.fi\/nukkekoti\/taydessa-paisteessa\/","title":{"rendered":"T\u00e4ydess\u00e4 paisteessa"},"content":{"rendered":"<p>Vuorilla kelit vaihtuvat nopeasti, tuumaili Eevert katsellessaan aamulla makuuhuoneensa ikkunasta ulos. Ulkona oli mit\u00e4 komein keli. T\u00e4ysin sininen taivas ja t\u00e4ysikuukin oli viel\u00e4 m\u00f6ll\u00f6ttelem\u00e4ss\u00e4 taivaalla.<\/p>\n<p>P\u00e4iv\u00e4n s\u00e4\u00e4st\u00e4 ilhatuneena yst\u00e4v\u00e4mme p\u00e4\u00e4tti palata eilisille pilvisille vuorille uudelleen. Ei muuta kuin reppu kuntoon ja menoksi.<\/p>\n<p>Pian oli mies tutuilla hisseill\u00e4 yl\u00e4ilmoissa. Ja Penkenin huipulla kulkevalla isolla polulla.<\/p>\n<figure id=\"attachment_8959\" aria-describedby=\"caption-attachment-8959\" style=\"width: 640px\" class=\"wp-caption aligncenter\"><img fetchpriority=\"high\" decoding=\"async\" class=\"size-full wp-image-8959\" src=\"http:\/\/kinanen.fi\/wordpress\/wp-content\/uploads\/2015\/08\/zillertal-10-1.jpg\" alt=\"Vuorilehm\u00e4t\" width=\"640\" height=\"480\" \/><figcaption id=\"caption-attachment-8959\" class=\"wp-caption-text\">Vuorilehm\u00e4t<\/figcaption><\/figure>\n<p>Penken kohoaa 2185 (Wanglalm) metriin ja siell\u00e4 tietenkin laidunsi my\u00f6s melkoinen m\u00e4\u00e4r\u00e4 karjaa. Kes\u00e4isin moni kuljettaa karjan yl\u00e4ilmoihin ja hoitaa ne sielt\u00e4 k\u00e4sin. Vuorilehmien maito on\u00a0erityisen armomikasta ja rasvaprosentit kohdillaan.<\/p>\n<figure id=\"attachment_8953\" aria-describedby=\"caption-attachment-8953\" style=\"width: 640px\" class=\"wp-caption aligncenter\"><img decoding=\"async\" class=\"size-full wp-image-8953\" src=\"http:\/\/kinanen.fi\/wordpress\/wp-content\/uploads\/2015\/08\/zillertal-4-2.jpg\" alt=\"Tauko paikallaan\" width=\"640\" height=\"480\" \/><figcaption id=\"caption-attachment-8953\" class=\"wp-caption-text\">Tauko paikallaan<\/figcaption><\/figure>\n<p>Maisemissa riitti katseltavaa joka suuntaan. Vaikka tie kulkikin huipulla oli siin\u00e4 melkoinen m\u00e4\u00e4r\u00e4 nousuja ja laskuja. L\u00e4mpim\u00e4ss\u00e4 s\u00e4\u00e4ss\u00e4 oli kulkijoiden paita pian m\u00e4rk\u00e4n\u00e4 ja sykkeet koholla.<\/p>\n<figure id=\"attachment_8952\" aria-describedby=\"caption-attachment-8952\" style=\"width: 640px\" class=\"wp-caption aligncenter\"><img decoding=\"async\" class=\"size-full wp-image-8952\" src=\"http:\/\/kinanen.fi\/wordpress\/wp-content\/uploads\/2015\/08\/zillertal-3-2.jpg\" alt=\"Lehmi\u00e4\" width=\"640\" height=\"480\" \/><figcaption id=\"caption-attachment-8952\" class=\"wp-caption-text\">Lehmi\u00e4<\/figcaption><\/figure>\n<p>Lehm\u00e4t ottivat rennosti ja tuskin vaivautuivat seurustelemaan kulkijoiden kanssa, vaikka moni Eevertin lis\u00e4ksi sit\u00e4 yritti.<\/p>\n<figure id=\"attachment_8951\" aria-describedby=\"caption-attachment-8951\" style=\"width: 640px\" class=\"wp-caption aligncenter\"><img loading=\"lazy\" decoding=\"async\" class=\"size-full wp-image-8951\" src=\"http:\/\/kinanen.fi\/wordpress\/wp-content\/uploads\/2015\/08\/zillertal-1-44.jpg\" alt=\"Penkki\" width=\"640\" height=\"427\" \/><figcaption id=\"caption-attachment-8951\" class=\"wp-caption-text\">Penkki<\/figcaption><\/figure>\n<p>Polkujen varsilla oli penkkej\u00e4 hetken istahtamista varten. Melkoisen kauniille paikoille ne oli asetettu. Pieni penkki ranteen vahvuisella vaijerilla paikoilleen kiinnitettyn\u00e4. Muistutuksena siit\u00e4, ett\u00e4 vuorilla on joksus hyvin erilainen keli kuin t\u00e4n\u00e4\u00e4n.<\/p>\n<figure id=\"attachment_8954\" aria-describedby=\"caption-attachment-8954\" style=\"width: 640px\" class=\"wp-caption aligncenter\"><img loading=\"lazy\" decoding=\"async\" class=\"size-full wp-image-8954\" src=\"http:\/\/kinanen.fi\/wordpress\/wp-content\/uploads\/2015\/08\/zillertal-5-2.jpg\" alt=\"Panorama\" width=\"640\" height=\"193\" \/><figcaption id=\"caption-attachment-8954\" class=\"wp-caption-text\">Panorama<\/figcaption><\/figure>\n<p>Eri ik\u00e4isi\u00e4 kulkijoita oli paljon. Penken on helppo saavuttaa ja p\u00e4\u00e4st\u00e4 n\u00e4kymille hyvien hissiyhteyksien vuoksi. Niinp\u00e4 kulkijoissa oli my\u00f6s hyvin i\u00e4kk\u00e4it\u00e4 vaeltajia, joiden tukena oli oma saattaja. Eevertin mieli vet\u00e4\u00e4 vuorille aina uudelleen ja heiss\u00e4 mies n\u00e4ki kenties tulevaisuuttaan.<\/p>\n<figure id=\"attachment_8957\" aria-describedby=\"caption-attachment-8957\" style=\"width: 640px\" class=\"wp-caption aligncenter\"><img loading=\"lazy\" decoding=\"async\" class=\"size-full wp-image-8957\" src=\"http:\/\/kinanen.fi\/wordpress\/wp-content\/uploads\/2015\/08\/zillertal-8-1.jpg\" alt=\"Kappeli\" width=\"640\" height=\"480\" \/><figcaption id=\"caption-attachment-8957\" class=\"wp-caption-text\">Granatkapelle<\/figcaption><\/figure>\n<p>Eevertin edellisen alppivierailun j\u00e4lkeen on huipulle rakennettu ja otettu k\u00e4ytt\u00f6n v. 2013 kappeli &#8211; <a href=\"http:\/\/www.christas-skialm.at\/sommer\/aktuelles\/granatkapelle\" target=\"_blank\">Granatkapelle<\/a>. Mielenkiintoisen n\u00e4k\u00f6inen kuutio pienen keinolammen,\u00a0Penkenjochin rannalla 2087 metriss\u00e4. Kappeli on omistettu fransiskaanimunkki Engelbert Kollandille, joka on opiskelijoiden, oikeusasioiden sek\u00e4 hermo, silm\u00e4, niska ja korvavaivaisten pyhimys ja samalla koko Zillertalin suojelupyhimys.<\/p>\n<figure id=\"attachment_8958\" aria-describedby=\"caption-attachment-8958\" style=\"width: 480px\" class=\"wp-caption aligncenter\"><img loading=\"lazy\" decoding=\"async\" class=\"size-full wp-image-8958\" src=\"http:\/\/kinanen.fi\/wordpress\/wp-content\/uploads\/2015\/08\/zillertal-9-1.jpg\" alt=\"Alttari\" width=\"480\" height=\"640\" \/><figcaption id=\"caption-attachment-8958\" class=\"wp-caption-text\">Alttari<\/figcaption><\/figure>\n<p>Sis\u00e4lt\u00e4 kappeli on puinen kuutio. Alttarilla on Kallandia kuvaava mosaiikkity\u00f6 ja takasein\u00e4ll\u00e4 Jumalan \u00e4idin ikoni. Istuimina oli muutama p\u00f6lli kappelin reunustoilla.<\/p>\n<figure id=\"attachment_8960\" aria-describedby=\"caption-attachment-8960\" style=\"width: 480px\" class=\"wp-caption aligncenter\"><img loading=\"lazy\" decoding=\"async\" class=\"size-full wp-image-8960\" src=\"http:\/\/kinanen.fi\/wordpress\/wp-content\/uploads\/2015\/08\/zillertal-1-45.jpg\" alt=\"Takasein\u00e4\" width=\"480\" height=\"640\" \/><figcaption id=\"caption-attachment-8960\" class=\"wp-caption-text\">Takasein\u00e4<\/figcaption><\/figure>\n<p>Eevert vierailee mielell\u00e4\u00e4n kappeleissa ja kirkoissa. Useiden vuorten huipuille on rakennettu kulkijoita varten hiljentymispaikka. It\u00e4valta on hyvin uskonnollinen maa.<\/p>\n<figure id=\"attachment_8950\" aria-describedby=\"caption-attachment-8950\" style=\"width: 640px\" class=\"wp-caption aligncenter\"><img loading=\"lazy\" decoding=\"async\" class=\"size-full wp-image-8950\" src=\"http:\/\/kinanen.fi\/wordpress\/wp-content\/uploads\/2015\/08\/zillertal-1-43.jpg\" alt=\"N\u00e4kym\u00e4\u00e4 riitt\u00e4\u00e4\" width=\"640\" height=\"427\" \/><figcaption id=\"caption-attachment-8950\" class=\"wp-caption-text\">N\u00e4kym\u00e4\u00e4 riitt\u00e4\u00e4<\/figcaption><\/figure>\n<p>Matkaa oli viel\u00e4 jonkin matkaa j\u00e4ljell\u00e4. Mieless\u00e4 siinsi jo alppimaja ja sen aromikkaat tarjoomukset. Gulassikeitto olisi j\u00e4lleen oiva valinta. Siisp\u00e4 kohti l\u00e4heist\u00e4 Almia.<\/p>\n<p>&nbsp;<\/p>\n<figure id=\"attachment_8955\" aria-describedby=\"caption-attachment-8955\" style=\"width: 640px\" class=\"wp-caption aligncenter\"><img loading=\"lazy\" decoding=\"async\" class=\"size-full wp-image-8955\" src=\"http:\/\/kinanen.fi\/wordpress\/wp-content\/uploads\/2015\/08\/zillertal-6-2.jpg\" alt=\"P\u00e4iv\u00e4n gulassi\" width=\"640\" height=\"480\" \/><figcaption id=\"caption-attachment-8955\" class=\"wp-caption-text\">P\u00e4iv\u00e4n gulassi<\/figcaption><\/figure>\n<p>P\u00e4iv\u00e4n gulassia oli tarjolla ja siit\u00e4 mieliss\u00e4n Eevert kantoi kulhon p\u00f6yt\u00e4\u00e4n. Hyvin maustettu paprikainen ja tomaattinen lihakeitto pienill\u00e4 perunakuutioilla.<\/p>\n<figure id=\"attachment_8956\" aria-describedby=\"caption-attachment-8956\" style=\"width: 640px\" class=\"wp-caption aligncenter\"><img loading=\"lazy\" decoding=\"async\" class=\"size-full wp-image-8956\" src=\"http:\/\/kinanen.fi\/wordpress\/wp-content\/uploads\/2015\/08\/zillertal-7-2.jpg\" alt=\"Zillertaler Krapfen\" width=\"640\" height=\"480\" \/><figcaption id=\"caption-attachment-8956\" class=\"wp-caption-text\">Zillertaler Krapfen<\/figcaption><\/figure>\n<p>Gulassin lis\u00e4ksi tuli tilattua paikallista suolapalaa, <a href=\"http:\/\/www.ichkoche.at\/zillertaler-krapfen-rezept-11907\" target=\"_blank\">Zillertalen Krapfenia<\/a>. N\u00e4ill\u00e4 ev\u00e4ill\u00e4sit\u00e4 hyvin jaksaa taas kotim\u00f6kille.<\/p>\n<figure id=\"attachment_8948\" aria-describedby=\"caption-attachment-8948\" style=\"width: 640px\" class=\"wp-caption aligncenter\"><img loading=\"lazy\" decoding=\"async\" class=\"size-full wp-image-8948\" src=\"http:\/\/kinanen.fi\/wordpress\/wp-content\/uploads\/2015\/08\/zillertal-1-39.jpg\" alt=\"Viimeinen silm\u00e4ys\" width=\"640\" height=\"480\" \/><figcaption id=\"caption-attachment-8948\" class=\"wp-caption-text\">Viimeinen silm\u00e4ys<\/figcaption><\/figure>\n<p>Viimeinen silm\u00e4ys viel\u00e4 taukopenkilt\u00e4 ja oli aika kiitt\u00e4\u00e4 hienosta p\u00e4iv\u00e4st\u00e4. Vuorilla oli huomattavan l\u00e4mmint\u00e4 ja laaksoon laskeuduttua l\u00e4mp\u00f6mittari n\u00e4ytti +31 astetta. Isoja ovat erot vuorokauden sis\u00e4ll\u00e4!<\/p>\n","protected":false},"excerpt":{"rendered":"<p>Vuorilla kelit vaihtuvat nopeasti, tuumaili Eevert katsellessaan aamulla makuuhuoneensa ikkunasta ulos. Ulkona oli mit\u00e4 komein keli. T\u00e4ysin sininen taivas ja t\u00e4ysikuukin oli viel\u00e4 m\u00f6ll\u00f6ttelem\u00e4ss\u00e4 taivaalla. P\u00e4iv\u00e4n s\u00e4\u00e4st\u00e4 ilhatuneena yst\u00e4v\u00e4mme p\u00e4\u00e4tti palata eilisille pilvisille vuorille uudelleen. Ei muuta kuin reppu kuntoon ja menoksi. Pian oli mies tutuilla hisseill\u00e4 yl\u00e4ilmoissa. Ja Penkenin huipulla kulkevalla isolla polulla. Penken [&hellip;]<\/p>\n","protected":false},"author":1,"featured_media":0,"comment_status":"open","ping_status":"open","sticky":false,"template":"","format":"standard","meta":{"footnotes":""},"categories":[],"tags":[],"class_list":["post-8946","post","type-post","status-publish","format-standard","hentry"],"_links":{"self":[{"href":"https:\/\/www.kinanen.fi\/nukkekoti\/wp-json\/wp\/v2\/posts\/8946","targetHints":{"allow":["GET"]}}],"collection":[{"href":"https:\/\/www.kinanen.fi\/nukkekoti\/wp-json\/wp\/v2\/posts"}],"about":[{"href":"https:\/\/www.kinanen.fi\/nukkekoti\/wp-json\/wp\/v2\/types\/post"}],"author":[{"embeddable":true,"href":"https:\/\/www.kinanen.fi\/nukkekoti\/wp-json\/wp\/v2\/users\/1"}],"replies":[{"embeddable":true,"href":"https:\/\/www.kinanen.fi\/nukkekoti\/wp-json\/wp\/v2\/comments?post=8946"}],"version-history":[{"count":3,"href":"https:\/\/www.kinanen.fi\/nukkekoti\/wp-json\/wp\/v2\/posts\/8946\/revisions"}],"predecessor-version":[{"id":8963,"href":"https:\/\/www.kinanen.fi\/nukkekoti\/wp-json\/wp\/v2\/posts\/8946\/revisions\/8963"}],"wp:attachment":[{"href":"https:\/\/www.kinanen.fi\/nukkekoti\/wp-json\/wp\/v2\/media?parent=8946"}],"wp:term":[{"taxonomy":"category","embeddable":true,"href":"https:\/\/www.kinanen.fi\/nukkekoti\/wp-json\/wp\/v2\/categories?post=8946"},{"taxonomy":"post_tag","embeddable":true,"href":"https:\/\/www.kinanen.fi\/nukkekoti\/wp-json\/wp\/v2\/tags?post=8946"}],"curies":[{"name":"wp","href":"https:\/\/api.w.org\/{rel}","templated":true}]}}