{"id":8964,"date":"2015-08-04T21:54:11","date_gmt":"2015-08-04T18:54:11","guid":{"rendered":"http:\/\/kinanen.fi\/wordpress\/?p=8964"},"modified":"2015-08-04T23:13:53","modified_gmt":"2015-08-04T20:13:53","slug":"hellepaivan-autoretki","status":"publish","type":"post","link":"https:\/\/www.kinanen.fi\/nukkekoti\/hellepaivan-autoretki\/","title":{"rendered":"Hellep\u00e4iv\u00e4n autoretki"},"content":{"rendered":"<p>Jo aamusta Eevert haisteli ilmasta ett\u00e4 oli tulossa l\u00e4mmin p\u00e4iv\u00e4. T\u00e4n\u00e4\u00e4n ei parane kovia k\u00e4velyretki\u00e4 tehd\u00e4 vaan tyyty\u00e4 kruisailemaan pienell\u00e4 punaisella autolla alppiteill\u00e4.<\/p>\n<figure id=\"attachment_8970\" aria-describedby=\"caption-attachment-8970\" style=\"width: 640px\" class=\"wp-caption aligncenter\"><img fetchpriority=\"high\" decoding=\"async\" class=\"size-full wp-image-8970\" src=\"http:\/\/kinanen.fi\/wordpress\/wp-content\/uploads\/2015\/08\/zillertal-2-3.jpg\" alt=\"Auto\" width=\"640\" height=\"480\" \/><figcaption id=\"caption-attachment-8970\" class=\"wp-caption-text\">Auto<\/figcaption><\/figure>\n<p>Avoautolle keli oli mit\u00e4 mainioin, joten katto auki jo heti l\u00e4htiess\u00e4.<\/p>\n<figure id=\"attachment_8968\" aria-describedby=\"caption-attachment-8968\" style=\"width: 640px\" class=\"wp-caption aligncenter\"><img decoding=\"async\" class=\"size-full wp-image-8968\" src=\"http:\/\/kinanen.fi\/wordpress\/wp-content\/uploads\/2015\/08\/zillertal-1-49.jpg\" alt=\"J\u00e4rvi\" width=\"640\" height=\"427\" \/><figcaption id=\"caption-attachment-8968\" class=\"wp-caption-text\">Durlassboden Stausee<\/figcaption><\/figure>\n<p>Alkuun tie vei Gerlosbergin l\u00e4pi pient\u00e4 alppitiet\u00e4. Ajoittain tie oli vain yhden auton ment\u00e4v\u00e4 ja siell\u00e4 sai ajella kieli keskell\u00e4 suuta. Maisemallisesti pienet tiet ovat antoisempia kuin isot moottoritiet.<\/p>\n<figure id=\"attachment_8972\" aria-describedby=\"caption-attachment-8972\" style=\"width: 640px\" class=\"wp-caption aligncenter\"><img decoding=\"async\" class=\"size-full wp-image-8972\" src=\"http:\/\/kinanen.fi\/wordpress\/wp-content\/uploads\/2015\/08\/zillertal-3-3.jpg\" alt=\"Zell an See\" width=\"640\" height=\"480\" \/><figcaption id=\"caption-attachment-8972\" class=\"wp-caption-text\">Zell an See<\/figcaption><\/figure>\n<p>P\u00e4iv\u00e4n rengasmatkan k\u00e4\u00e4nnekohtana oli Zell am See, joka oli t\u00e4ynn\u00e4ns\u00e4 aurongosta nauttivia ihmisi\u00e4. Monista j\u00e4rvist\u00e4 poiketen t\u00e4\u00e4ll\u00e4 saa uida ja leikki\u00e4 vesileikkej\u00e4 vaikka koko perheen voimin.<\/p>\n<figure id=\"attachment_8973\" aria-describedby=\"caption-attachment-8973\" style=\"width: 640px\" class=\"wp-caption aligncenter\"><img loading=\"lazy\" decoding=\"async\" class=\"size-full wp-image-8973\" src=\"http:\/\/kinanen.fi\/wordpress\/wp-content\/uploads\/2015\/08\/zillertal-4-3.jpg\" alt=\"Terassilla\" width=\"640\" height=\"304\" \/><figcaption id=\"caption-attachment-8973\" class=\"wp-caption-text\">Terassilla<\/figcaption><\/figure>\n<p>Eevert istahti terassille seurueineen ja seuraili j\u00e4rvell\u00e4 liikkuvia s\u00e4hk\u00f6veneit\u00e4. Niill\u00e4 p\u00e4\u00e4si korvausta vastaan ajelemaan j\u00e4rvell\u00e4 sovitun ajan. Miehen mieli veti tietenkin vesille, mutta sai hillitty\u00e4 itsens\u00e4 t\u00e4ll\u00e4 kertaa.<\/p>\n<figure id=\"attachment_8975\" aria-describedby=\"caption-attachment-8975\" style=\"width: 640px\" class=\"wp-caption aligncenter\"><img loading=\"lazy\" decoding=\"async\" class=\"size-full wp-image-8975\" src=\"http:\/\/kinanen.fi\/wordpress\/wp-content\/uploads\/2015\/08\/zillertal-6-3.jpg\" alt=\"Ruoka\" width=\"640\" height=\"480\" \/><figcaption id=\"caption-attachment-8975\" class=\"wp-caption-text\">Ruoka<\/figcaption><\/figure>\n<p>Grand Hotellin ruokalistalta valittiin mausteinen makkara-annos. Se saapuikin kauniisti aseteltuna p\u00f6yt\u00e4\u00e4n. Makkaran kaverina oli sinappia ja piparjuuriraastetta.<\/p>\n<p>Pieni suolapala kes\u00e4helteell\u00e4 on paikallaan.<\/p>\n<p>Palan painikkeeksi Eevert tilasi itselleen kylm\u00e4n oluen, mik\u00e4 onkin n\u00e4ll\u00e4 seuduilla vallan maukasta.<\/p>\n<figure id=\"attachment_8974\" aria-describedby=\"caption-attachment-8974\" style=\"width: 640px\" class=\"wp-caption aligncenter\"><img loading=\"lazy\" decoding=\"async\" class=\"size-full wp-image-8974\" src=\"http:\/\/kinanen.fi\/wordpress\/wp-content\/uploads\/2015\/08\/zillertal-5-3.jpg\" alt=\"Olusilla Zell am Seella\" width=\"640\" height=\"486\" \/><figcaption id=\"caption-attachment-8974\" class=\"wp-caption-text\">Olusilla Zell am Seella<\/figcaption><\/figure>\n<p>Ruokailun j\u00e4lkeen oli aika jatkaa matkaa. Eteen avautui aivan uudenlainen vuorisotmaisema. Isoja j\u00e4rk\u00e4leit\u00e4 joilla ei juuri kasvillisuutta n\u00e4kynyt. Moninpaikoin k\u00e4vi mieless\u00e4, ett\u00e4 joku on vet\u00e4nyt maiseman p\u00e4\u00e4lle maalatun taustakankaan \ud83d\ude42<\/p>\n<figure id=\"attachment_8971\" aria-describedby=\"caption-attachment-8971\" style=\"width: 640px\" class=\"wp-caption aligncenter\"><img loading=\"lazy\" decoding=\"async\" class=\"size-full wp-image-8971\" src=\"http:\/\/kinanen.fi\/wordpress\/wp-content\/uploads\/2015\/08\/zillertal-2-4.jpg\" alt=\"Vuoret \" width=\"640\" height=\"427\" \/><figcaption id=\"caption-attachment-8971\" class=\"wp-caption-text\">Vuoret<\/figcaption><\/figure>\n<p>Mit\u00e4 l\u00e4hemm\u00e4ksi p\u00e4\u00e4stiin, sit\u00e4 massiivisempina nuo kivimuodostelmat n\u00e4ytt\u00e4ytyiv\u00e4t. Melko juhlallisia, tuumi Eevert.<\/p>\n<figure id=\"attachment_8966\" aria-describedby=\"caption-attachment-8966\" style=\"width: 640px\" class=\"wp-caption aligncenter\"><img loading=\"lazy\" decoding=\"async\" class=\"size-full wp-image-8966\" src=\"http:\/\/kinanen.fi\/wordpress\/wp-content\/uploads\/2015\/08\/zillertal-1-47.jpg\" alt=\"Aurinkoa vuorilla\" width=\"640\" height=\"499\" \/><figcaption id=\"caption-attachment-8966\" class=\"wp-caption-text\">Aurinkoa vuorilla<\/figcaption><\/figure>\n<p>Kotilaaksoa l\u00e4hestytt\u00e4ess\u00e4 aurinko paahtoi viel\u00e4 kuumasti. Auringon j\u00e4\u00e4dess\u00e4 taakse vuoret muuttuivat sinis\u00e4vyisiksi.<\/p>\n<figure id=\"attachment_8976\" aria-describedby=\"caption-attachment-8976\" style=\"width: 640px\" class=\"wp-caption aligncenter\"><img loading=\"lazy\" decoding=\"async\" class=\"size-full wp-image-8976\" src=\"http:\/\/kinanen.fi\/wordpress\/wp-content\/uploads\/2015\/08\/zillertal-7-3.jpg\" alt=\"Kirkko\" width=\"640\" height=\"480\" \/><figcaption id=\"caption-attachment-8976\" class=\"wp-caption-text\">Kirkko<\/figcaption><\/figure>\n<p>Joka kyl\u00e4n keskell\u00e4 on kirkko joka antaa tyypillisen silhuettinsa maisemaan. Eip\u00e4 t\u00e4nne juuri muun muotoinen kirkko sopisikaan mietiskei Eevert ja ajatteli omaa kotikappeliaan. Eevertin kappeli on saanut paljon innoitusta monista sukujen ja perheiden pikkukappeleista joita l\u00f6ytyy teiden vierustoilta ja pihapiireist\u00e4.<\/p>\n<p>L\u00e4mp\u00f6tila oli siin\u00e4 +30-32,5 astetta riippuen korkeudesta mill\u00e4 ajettiin. L\u00e4mp\u00f6\u00e4 oli niin runsaasti ett\u00e4 yst\u00e4v\u00e4mme aika pian kotiin p\u00e4\u00e4sty\u00e4 nukahti s\u00e4nkyyns\u00e4 uneksien uusista seikkailuista.<\/p>\n<figure id=\"attachment_8981\" aria-describedby=\"caption-attachment-8981\" style=\"width: 640px\" class=\"wp-caption aligncenter\"><img loading=\"lazy\" decoding=\"async\" class=\"size-full wp-image-8981\" src=\"http:\/\/kinanen.fi\/wordpress\/wp-content\/uploads\/2015\/08\/zillertal-1-50.jpg\" alt=\"Ukkonen\" width=\"640\" height=\"480\" \/><figcaption id=\"caption-attachment-8981\" class=\"wp-caption-text\">Ukkonen<\/figcaption><\/figure>\n<p>Hieman vain k\u00e4\u00e4si kylke\u00e4 hellep\u00e4iv\u00e4n j\u00e4lkeisen ukkosen jyristess\u00e4 ikkunan takana.<\/p>\n","protected":false},"excerpt":{"rendered":"<p>Jo aamusta Eevert haisteli ilmasta ett\u00e4 oli tulossa l\u00e4mmin p\u00e4iv\u00e4. T\u00e4n\u00e4\u00e4n ei parane kovia k\u00e4velyretki\u00e4 tehd\u00e4 vaan tyyty\u00e4 kruisailemaan pienell\u00e4 punaisella autolla alppiteill\u00e4. Avoautolle keli oli mit\u00e4 mainioin, joten katto auki jo heti l\u00e4htiess\u00e4. Alkuun tie vei Gerlosbergin l\u00e4pi pient\u00e4 alppitiet\u00e4. Ajoittain tie oli vain yhden auton ment\u00e4v\u00e4 ja siell\u00e4 sai ajella kieli keskell\u00e4 suuta. [&hellip;]<\/p>\n","protected":false},"author":1,"featured_media":0,"comment_status":"open","ping_status":"open","sticky":false,"template":"","format":"standard","meta":{"footnotes":""},"categories":[],"tags":[],"class_list":["post-8964","post","type-post","status-publish","format-standard","hentry"],"_links":{"self":[{"href":"https:\/\/www.kinanen.fi\/nukkekoti\/wp-json\/wp\/v2\/posts\/8964","targetHints":{"allow":["GET"]}}],"collection":[{"href":"https:\/\/www.kinanen.fi\/nukkekoti\/wp-json\/wp\/v2\/posts"}],"about":[{"href":"https:\/\/www.kinanen.fi\/nukkekoti\/wp-json\/wp\/v2\/types\/post"}],"author":[{"embeddable":true,"href":"https:\/\/www.kinanen.fi\/nukkekoti\/wp-json\/wp\/v2\/users\/1"}],"replies":[{"embeddable":true,"href":"https:\/\/www.kinanen.fi\/nukkekoti\/wp-json\/wp\/v2\/comments?post=8964"}],"version-history":[{"count":6,"href":"https:\/\/www.kinanen.fi\/nukkekoti\/wp-json\/wp\/v2\/posts\/8964\/revisions"}],"predecessor-version":[{"id":8983,"href":"https:\/\/www.kinanen.fi\/nukkekoti\/wp-json\/wp\/v2\/posts\/8964\/revisions\/8983"}],"wp:attachment":[{"href":"https:\/\/www.kinanen.fi\/nukkekoti\/wp-json\/wp\/v2\/media?parent=8964"}],"wp:term":[{"taxonomy":"category","embeddable":true,"href":"https:\/\/www.kinanen.fi\/nukkekoti\/wp-json\/wp\/v2\/categories?post=8964"},{"taxonomy":"post_tag","embeddable":true,"href":"https:\/\/www.kinanen.fi\/nukkekoti\/wp-json\/wp\/v2\/tags?post=8964"}],"curies":[{"name":"wp","href":"https:\/\/api.w.org\/{rel}","templated":true}]}}