{"id":8984,"date":"2015-08-05T22:03:33","date_gmt":"2015-08-05T19:03:33","guid":{"rendered":"http:\/\/kinanen.fi\/wordpress\/?p=8984"},"modified":"2015-08-05T22:07:34","modified_gmt":"2015-08-05T19:07:34","slug":"laskeutumista-gerlokseen","status":"publish","type":"post","link":"https:\/\/www.kinanen.fi\/nukkekoti\/laskeutumista-gerlokseen\/","title":{"rendered":"Laskeutumista Gerlokseen"},"content":{"rendered":"<p>Aamulla oli hyv\u00e4\u00e4 aikaa tutkia karttaa. Oli taas tulossa hieno p\u00e4iv\u00e4, jota ei suin surminkaan halunnut viett\u00e4\u00e4 sis\u00e4tiloissa.<\/p>\n<p>Sopiva p\u00e4iv\u00e4retkikohde l\u00f6ytyi l\u00e4heisen Gerlosin kyl\u00e4n rinteilt\u00e4. Hissill\u00e4 yl\u00f6s ja tavoitteena laskeutua polkuja pitkin takaisin alas laaksoon.<\/p>\n<figure id=\"attachment_8985\" aria-describedby=\"caption-attachment-8985\" style=\"width: 640px\" class=\"wp-caption aligncenter\"><img fetchpriority=\"high\" decoding=\"async\" class=\"size-full wp-image-8985\" src=\"http:\/\/kinanen.fi\/wordpress\/wp-content\/uploads\/2015\/08\/iskogel-1-7.jpg\" alt=\"Kartta\" width=\"640\" height=\"612\" \/><figcaption id=\"caption-attachment-8985\" class=\"wp-caption-text\">Kartta<\/figcaption><\/figure>\n<p>Ylh\u00e4\u00e4lt\u00e4 oli heti komeat n\u00e4kym\u00e4t. Paikalla oli my\u00f6s valtaisa m\u00e4\u00e4r\u00e4 lapsia, sill\u00e4 huipulla oli erityisesti lapsille suunnatua aktiviteettia runsaasti.<\/p>\n<p>Eevert p\u00e4\u00e4tti suunnata kokonaan toiselle puolelle huippua.<\/p>\n<figure id=\"attachment_8987\" aria-describedby=\"caption-attachment-8987\" style=\"width: 640px\" class=\"wp-caption aligncenter\"><img decoding=\"async\" class=\"size-full wp-image-8987\" src=\"http:\/\/kinanen.fi\/wordpress\/wp-content\/uploads\/2015\/08\/iskogel-1.jpg\" alt=\"Lehm\u00e4t\" width=\"640\" height=\"427\" \/><figcaption id=\"caption-attachment-8987\" class=\"wp-caption-text\">Lehm\u00e4t<\/figcaption><\/figure>\n<p>Ensiksi piti tervehti\u00e4 huipulla laiduntavaa suurta lehm\u00e4laumaa. Hyvin ne pit\u00e4v\u00e4t rinteet kunnossa kes\u00e4isin.<\/p>\n<figure id=\"attachment_8986\" aria-describedby=\"caption-attachment-8986\" style=\"width: 640px\" class=\"wp-caption aligncenter\"><img decoding=\"async\" class=\"size-full wp-image-8986\" src=\"http:\/\/kinanen.fi\/wordpress\/wp-content\/uploads\/2015\/08\/iskogel-1-8.jpg\" alt=\"Eevert huilipenkill\u00e4\" width=\"640\" height=\"480\" \/><figcaption id=\"caption-attachment-8986\" class=\"wp-caption-text\">Eevert huilipenkill\u00e4<\/figcaption><\/figure>\n<p>Polun varrelle oli asetettu runsain m\u00e4\u00e4rin penkkej\u00e4 kulkijoille. Niit\u00e4 oli paljon enemm\u00e4n kuin aikaisemmilla poluilla. Ja oli niit\u00e4 n\u00e4kymi\u00e4kin. Melkein jokaiselle penkille piti hetkeksi istahtaa tai ainakin pys\u00e4hty\u00e4 ihastelmaan kes\u00e4p\u00e4iv\u00e4\u00e4.<\/p>\n<figure id=\"attachment_8988\" aria-describedby=\"caption-attachment-8988\" style=\"width: 640px\" class=\"wp-caption aligncenter\"><img loading=\"lazy\" decoding=\"async\" class=\"size-full wp-image-8988\" src=\"http:\/\/kinanen.fi\/wordpress\/wp-content\/uploads\/2015\/08\/iskogel-2.jpg\" alt=\"Polku\" width=\"640\" height=\"480\" \/><figcaption id=\"caption-attachment-8988\" class=\"wp-caption-text\">Polku<\/figcaption><\/figure>\n<p>Polku oli p\u00e4\u00e4osn helppokulkuista vaikka v\u00e4lill\u00e4 laskikin jyrk\u00e4sti. Irtokivet voivat olla kulkijan turma, niinp\u00e4 alastulo on hidasta ja tarkasti arvioitua askellusta.<\/p>\n<figure id=\"attachment_8989\" aria-describedby=\"caption-attachment-8989\" style=\"width: 640px\" class=\"wp-caption aligncenter\"><img loading=\"lazy\" decoding=\"async\" class=\"size-full wp-image-8989\" src=\"http:\/\/kinanen.fi\/wordpress\/wp-content\/uploads\/2015\/08\/iskogel-3.jpg\" alt=\"Tuolta ollaan tultu\" width=\"640\" height=\"480\" \/><figcaption id=\"caption-attachment-8989\" class=\"wp-caption-text\">Tuolta ollaan tultu<\/figcaption><\/figure>\n<p>V\u00e4lill\u00e4 piti p\u00e4\u00e4 kekassa katsella tulosuuntaan. Ihmeellisesti huippu tuntui kohoavan kovaa vauhtia.<\/p>\n<figure id=\"attachment_8991\" aria-describedby=\"caption-attachment-8991\" style=\"width: 640px\" class=\"wp-caption aligncenter\"><img loading=\"lazy\" decoding=\"async\" class=\"size-full wp-image-8991\" src=\"http:\/\/kinanen.fi\/wordpress\/wp-content\/uploads\/2015\/08\/iskogel-5.jpg\" alt=\"Lounaspaikka\" width=\"640\" height=\"480\" \/><figcaption id=\"caption-attachment-8991\" class=\"wp-caption-text\">Lounaspaikka<\/figcaption><\/figure>\n<p>Jyrkimm\u00e4n laskun j\u00e4lkeen edess\u00e4 oli oiva lounaspaikka, Krummbachalm. Perinteiseen tapaan Eevert nautti talon gulassista. Yht\u00e4 perinteiseen tapaan kulkijalle tarjottiin my\u00f6s pieni snapsi &#8211; kenties talon omaa vahvaa lik\u00f6\u00f6ri\u00e4.<\/p>\n<figure id=\"attachment_8990\" aria-describedby=\"caption-attachment-8990\" style=\"width: 480px\" class=\"wp-caption aligncenter\"><img loading=\"lazy\" decoding=\"async\" class=\"size-full wp-image-8990\" src=\"http:\/\/kinanen.fi\/wordpress\/wp-content\/uploads\/2015\/08\/iskogel-4.jpg\" alt=\"Tarjoilut\" width=\"480\" height=\"640\" \/><figcaption id=\"caption-attachment-8990\" class=\"wp-caption-text\">Tarjoilut<\/figcaption><\/figure>\n<p>Mielihyvin Eevert snapsin nautti. Teki niin hyv\u00e4\u00e4 syd\u00e4melle ja kirvoitti entisest\u00e4\u00e4n ruokahalua \ud83d\ude42<\/p>\n<figure id=\"attachment_8995\" aria-describedby=\"caption-attachment-8995\" style=\"width: 640px\" class=\"wp-caption aligncenter\"><img loading=\"lazy\" decoding=\"async\" class=\"size-full wp-image-8995\" src=\"http:\/\/kinanen.fi\/wordpress\/wp-content\/uploads\/2015\/08\/iskogel-1-9.jpg\" alt=\"Juoma-allas\" width=\"640\" height=\"465\" \/><figcaption id=\"caption-attachment-8995\" class=\"wp-caption-text\">Juoma-allas<\/figcaption><\/figure>\n<p>Almilla oli my\u00f6s\u00a0taidokas karjan ja kulkijoiden vesiallas. Joka talolla on omanlaisensa ja joskus tuntuu ett\u00e4 talot ovat hieman kilpasilla komeimmasta laitoksesta.<\/p>\n<figure id=\"attachment_8992\" aria-describedby=\"caption-attachment-8992\" style=\"width: 480px\" class=\"wp-caption aligncenter\"><img loading=\"lazy\" decoding=\"async\" class=\"size-full wp-image-8992\" src=\"http:\/\/kinanen.fi\/wordpress\/wp-content\/uploads\/2015\/08\/iskogel-6.jpg\" alt=\"Koski\" width=\"480\" height=\"640\" \/><figcaption id=\"caption-attachment-8992\" class=\"wp-caption-text\">Koski<\/figcaption><\/figure>\n<p>Matka jatkui jokivartta alasp\u00e4in helppokulkuisena. Saattaa menn\u00e4 jopa nautinnon puolelle, hykerteli Eevert jo hieman v\u00e4syneen\u00e4 laakson l\u00e4hestyess\u00e4.<\/p>\n<p>Pian oltiinkin jo l\u00e4ht\u00f6paikalla hissiasemalla. Porukka autoon ja kohti kotitaloa pesulle ja sy\u00f6m\u00e4\u00e4n. Koko p\u00e4iv\u00e4 oli kulunut rinteell\u00e4. Vuoriaskelia oli tullut otetuksi l\u00e4hes 13 000.<\/p>\n<figure id=\"attachment_8993\" aria-describedby=\"caption-attachment-8993\" style=\"width: 640px\" class=\"wp-caption aligncenter\"><img loading=\"lazy\" decoding=\"async\" class=\"size-full wp-image-8993\" src=\"http:\/\/kinanen.fi\/wordpress\/wp-content\/uploads\/2015\/08\/iskogel-7.jpg\" alt=\"Kotitalo rinteess\u00e4\" width=\"640\" height=\"449\" \/><figcaption id=\"caption-attachment-8993\" class=\"wp-caption-text\">Kotitalo rinteess\u00e4<\/figcaption><\/figure>\n<p>Siell\u00e4h\u00e4n se koti oli vastap\u00e4isell\u00e4 rinteell\u00e4. L\u00e4hell\u00e4, mutta niin kaukana sill\u00e4 oli laskeuduttava autolla viel\u00e4 laaksoon p\u00e4\u00e4st\u00e4kseen nousemaan kotirinteelle.<\/p>\n<p>T\u00e4m\u00e4 oli hyv\u00e4 p\u00e4iv\u00e4.<\/p>\n<p>Seurueen rouva siirtyi viel\u00e4 parvekkeelle lukemaan kirjaa. Hyvin tyytyv\u00e4isen oloinen sekin leidi.<\/p>\n<figure id=\"attachment_8994\" aria-describedby=\"caption-attachment-8994\" style=\"width: 640px\" class=\"wp-caption aligncenter\"><img loading=\"lazy\" decoding=\"async\" class=\"size-full wp-image-8994\" src=\"http:\/\/kinanen.fi\/wordpress\/wp-content\/uploads\/2015\/08\/iskogel-8.jpg\" alt=\"Lukuhetki\" width=\"640\" height=\"640\" \/><figcaption id=\"caption-attachment-8994\" class=\"wp-caption-text\">Lukuhetki<\/figcaption><\/figure>\n<p>&nbsp;<\/p>\n","protected":false},"excerpt":{"rendered":"<p>Aamulla oli hyv\u00e4\u00e4 aikaa tutkia karttaa. Oli taas tulossa hieno p\u00e4iv\u00e4, jota ei suin surminkaan halunnut viett\u00e4\u00e4 sis\u00e4tiloissa. Sopiva p\u00e4iv\u00e4retkikohde l\u00f6ytyi l\u00e4heisen Gerlosin kyl\u00e4n rinteilt\u00e4. Hissill\u00e4 yl\u00f6s ja tavoitteena laskeutua polkuja pitkin takaisin alas laaksoon. Ylh\u00e4\u00e4lt\u00e4 oli heti komeat n\u00e4kym\u00e4t. Paikalla oli my\u00f6s valtaisa m\u00e4\u00e4r\u00e4 lapsia, sill\u00e4 huipulla oli erityisesti lapsille suunnatua aktiviteettia runsaasti. Eevert [&hellip;]<\/p>\n","protected":false},"author":1,"featured_media":0,"comment_status":"open","ping_status":"open","sticky":false,"template":"","format":"standard","meta":{"footnotes":""},"categories":[],"tags":[],"class_list":["post-8984","post","type-post","status-publish","format-standard","hentry"],"_links":{"self":[{"href":"https:\/\/www.kinanen.fi\/nukkekoti\/wp-json\/wp\/v2\/posts\/8984","targetHints":{"allow":["GET"]}}],"collection":[{"href":"https:\/\/www.kinanen.fi\/nukkekoti\/wp-json\/wp\/v2\/posts"}],"about":[{"href":"https:\/\/www.kinanen.fi\/nukkekoti\/wp-json\/wp\/v2\/types\/post"}],"author":[{"embeddable":true,"href":"https:\/\/www.kinanen.fi\/nukkekoti\/wp-json\/wp\/v2\/users\/1"}],"replies":[{"embeddable":true,"href":"https:\/\/www.kinanen.fi\/nukkekoti\/wp-json\/wp\/v2\/comments?post=8984"}],"version-history":[{"count":3,"href":"https:\/\/www.kinanen.fi\/nukkekoti\/wp-json\/wp\/v2\/posts\/8984\/revisions"}],"predecessor-version":[{"id":8998,"href":"https:\/\/www.kinanen.fi\/nukkekoti\/wp-json\/wp\/v2\/posts\/8984\/revisions\/8998"}],"wp:attachment":[{"href":"https:\/\/www.kinanen.fi\/nukkekoti\/wp-json\/wp\/v2\/media?parent=8984"}],"wp:term":[{"taxonomy":"category","embeddable":true,"href":"https:\/\/www.kinanen.fi\/nukkekoti\/wp-json\/wp\/v2\/categories?post=8984"},{"taxonomy":"post_tag","embeddable":true,"href":"https:\/\/www.kinanen.fi\/nukkekoti\/wp-json\/wp\/v2\/tags?post=8984"}],"curies":[{"name":"wp","href":"https:\/\/api.w.org\/{rel}","templated":true}]}}