{"id":9188,"date":"2015-08-28T15:13:07","date_gmt":"2015-08-28T12:13:07","guid":{"rendered":"http:\/\/kinanen.fi\/wordpress\/?p=9188"},"modified":"2015-08-28T15:13:07","modified_gmt":"2015-08-28T12:13:07","slug":"kotiinpaluu","status":"publish","type":"post","link":"https:\/\/www.kinanen.fi\/nukkekoti\/kotiinpaluu\/","title":{"rendered":"Kotiinpaluu"},"content":{"rendered":"<p>Reissut loppuvat aikanaan ja j\u00e4ljelle j\u00e4\u00e4 iso kasa mukavia muistoja joihin palata vuoden varrella.<\/p>\n<p>Reissulta j\u00e4i tietenkin tuomisia.<\/p>\n<figure id=\"attachment_9189\" aria-describedby=\"caption-attachment-9189\" style=\"width: 640px\" class=\"wp-caption aligncenter\"><img fetchpriority=\"high\" decoding=\"async\" class=\"size-full wp-image-9189\" src=\"http:\/\/kinanen.fi\/wordpress\/wp-content\/uploads\/2015\/08\/Tuliaiset-1-1.jpg\" alt=\"Ritari\" width=\"640\" height=\"486\" \/><figcaption id=\"caption-attachment-9189\" class=\"wp-caption-text\">Ritari<\/figcaption><\/figure>\n<p>Linnareissulta mukaan l\u00e4hti valettu ritari. Ritari edusti itse\u00e4\u00e4n avaimenper\u00e4n\u00e4, mutta \u00e4kki\u00e4k\u00f6s sit\u00e4 sellaisen muuttaa taiteeksi.<\/p>\n<figure id=\"attachment_9190\" aria-describedby=\"caption-attachment-9190\" style=\"width: 640px\" class=\"wp-caption aligncenter\"><img decoding=\"async\" class=\"size-full wp-image-9190\" src=\"http:\/\/kinanen.fi\/wordpress\/wp-content\/uploads\/2015\/08\/Tuliaiset-1.jpg\" alt=\"Pikku el\u00e4imet\" width=\"640\" height=\"518\" \/><figcaption id=\"caption-attachment-9190\" class=\"wp-caption-text\">Pikku el\u00e4imet<\/figcaption><\/figure>\n<p>Muranosta mukaan l\u00e4hti piskuisia lasiel\u00e4imi\u00e4 Eevertin salin vitriiniin edellisten seuraksi.<\/p>\n<figure id=\"attachment_9191\" aria-describedby=\"caption-attachment-9191\" style=\"width: 640px\" class=\"wp-caption aligncenter\"><img decoding=\"async\" class=\"size-full wp-image-9191\" src=\"http:\/\/kinanen.fi\/wordpress\/wp-content\/uploads\/2015\/08\/Tuliaiset-2-1.jpg\" alt=\"Kana ja kukko\" width=\"640\" height=\"437\" \/><figcaption id=\"caption-attachment-9191\" class=\"wp-caption-text\">Kana ja kukko<\/figcaption><\/figure>\n<p>P\u00e4\u00e4si\u00e4isp\u00f6yt\u00e4\u00e4n p\u00e4\u00e4sev\u00e4t veike\u00e4t kana ja kukko.<\/p>\n<figure id=\"attachment_9192\" aria-describedby=\"caption-attachment-9192\" style=\"width: 640px\" class=\"wp-caption aligncenter\"><img loading=\"lazy\" decoding=\"async\" class=\"size-full wp-image-9192\" src=\"http:\/\/kinanen.fi\/wordpress\/wp-content\/uploads\/2015\/08\/Tuliaiset-2.jpg\" alt=\"Setti\" width=\"640\" height=\"480\" \/><figcaption id=\"caption-attachment-9192\" class=\"wp-caption-text\">Setti<\/figcaption><\/figure>\n<p>Eevert ei voinut mitenk\u00e4\u00e4n vastustaa Innsbrukissa l\u00f6yt\u00e4m\u00e4\u00e4ns\u00e4 gl\u00f6gisetti\u00e4 \ud83d\ude00<\/p>\n<p>Rakennusaineitakin tarvitaan.<\/p>\n<figure id=\"attachment_9193\" aria-describedby=\"caption-attachment-9193\" style=\"width: 640px\" class=\"wp-caption aligncenter\"><img loading=\"lazy\" decoding=\"async\" class=\"size-full wp-image-9193\" src=\"http:\/\/kinanen.fi\/wordpress\/wp-content\/uploads\/2015\/08\/Tuliaiset-3.jpg\" alt=\"Vuoret\" width=\"640\" height=\"480\" \/><figcaption id=\"caption-attachment-9193\" class=\"wp-caption-text\">Vuoret<\/figcaption><\/figure>\n<p>Niinp\u00e4 tallusteltuilta vuorilta p\u00e4\u00e4tyi taskunpohjalle joukko mineraaleja ja kivi\u00e4. Mit\u00e4h\u00e4n n\u00e4ist\u00e4 viel\u00e4 tuleekaan?<\/p>\n<p>Joukko korkkeja, tiivisteit\u00e4 ja muuta t\u00e4rke\u00e4\u00e4 siirtyi my\u00f6s mukana pikkutalon tarpeisiin.<\/p>\n<p>&nbsp;<\/p>\n","protected":false},"excerpt":{"rendered":"<p>Reissut loppuvat aikanaan ja j\u00e4ljelle j\u00e4\u00e4 iso kasa mukavia muistoja joihin palata vuoden varrella. Reissulta j\u00e4i tietenkin tuomisia. Linnareissulta mukaan l\u00e4hti valettu ritari. Ritari edusti itse\u00e4\u00e4n avaimenper\u00e4n\u00e4, mutta \u00e4kki\u00e4k\u00f6s sit\u00e4 sellaisen muuttaa taiteeksi. Muranosta mukaan l\u00e4hti piskuisia lasiel\u00e4imi\u00e4 Eevertin salin vitriiniin edellisten seuraksi. P\u00e4\u00e4si\u00e4isp\u00f6yt\u00e4\u00e4n p\u00e4\u00e4sev\u00e4t veike\u00e4t kana ja kukko. Eevert ei voinut mitenk\u00e4\u00e4n vastustaa Innsbrukissa [&hellip;]<\/p>\n","protected":false},"author":1,"featured_media":0,"comment_status":"open","ping_status":"open","sticky":false,"template":"","format":"standard","meta":{"footnotes":""},"categories":[],"tags":[],"class_list":["post-9188","post","type-post","status-publish","format-standard","hentry"],"_links":{"self":[{"href":"https:\/\/www.kinanen.fi\/nukkekoti\/wp-json\/wp\/v2\/posts\/9188","targetHints":{"allow":["GET"]}}],"collection":[{"href":"https:\/\/www.kinanen.fi\/nukkekoti\/wp-json\/wp\/v2\/posts"}],"about":[{"href":"https:\/\/www.kinanen.fi\/nukkekoti\/wp-json\/wp\/v2\/types\/post"}],"author":[{"embeddable":true,"href":"https:\/\/www.kinanen.fi\/nukkekoti\/wp-json\/wp\/v2\/users\/1"}],"replies":[{"embeddable":true,"href":"https:\/\/www.kinanen.fi\/nukkekoti\/wp-json\/wp\/v2\/comments?post=9188"}],"version-history":[{"count":1,"href":"https:\/\/www.kinanen.fi\/nukkekoti\/wp-json\/wp\/v2\/posts\/9188\/revisions"}],"predecessor-version":[{"id":9194,"href":"https:\/\/www.kinanen.fi\/nukkekoti\/wp-json\/wp\/v2\/posts\/9188\/revisions\/9194"}],"wp:attachment":[{"href":"https:\/\/www.kinanen.fi\/nukkekoti\/wp-json\/wp\/v2\/media?parent=9188"}],"wp:term":[{"taxonomy":"category","embeddable":true,"href":"https:\/\/www.kinanen.fi\/nukkekoti\/wp-json\/wp\/v2\/categories?post=9188"},{"taxonomy":"post_tag","embeddable":true,"href":"https:\/\/www.kinanen.fi\/nukkekoti\/wp-json\/wp\/v2\/tags?post=9188"}],"curies":[{"name":"wp","href":"https:\/\/api.w.org\/{rel}","templated":true}]}}