{"id":9200,"date":"2015-09-06T18:26:33","date_gmt":"2015-09-06T15:26:33","guid":{"rendered":"http:\/\/kinanen.fi\/wordpress\/?p=9200"},"modified":"2015-09-06T19:58:20","modified_gmt":"2015-09-06T16:58:20","slug":"kappelin-remontti","status":"publish","type":"post","link":"https:\/\/www.kinanen.fi\/nukkekoti\/kappelin-remontti\/","title":{"rendered":"Kappelin remontti"},"content":{"rendered":"<p>Kappelinm\u00e4ell\u00e4 on ollut t\u00e4n\u00e4\u00e4n paljon liikett\u00e4. Suntio on kierrellyt rakennusta v\u00e4h\u00e4n siell\u00e4 t\u00e4\u00e4ll\u00e4 ja tuumaillut yhdess\u00e4 rakennusliikkeen Ramin kanssa asiasta jos toisestakin.<\/p>\n<p>Montaa kohtaa pit\u00e4isi kohentaa ja ikkunoita v\u00e4hint\u00e4\u00e4n korjata l\u00e4nsisein\u00e4lt\u00e4. Kohteita oli v\u00e4hitellen niin paljon, ett\u00e4 oli parasta kutsua ammattimies paikalle.<\/p>\n<p>Pian olikin suunnitelmat valmiina ja sopimukset tehty. Ty\u00f6 alkaisi pikapuoliin ja sovittiin ett\u00e4 se on hyvinkin Adventiksi valmiina.<\/p>\n<p>Ensimm\u00e4isen\u00e4 kirkkotarhan aidan vierustalle nousi Remonttiramin kyltti kertomaan urakasta.<\/p>\n<figure id=\"attachment_9201\" aria-describedby=\"caption-attachment-9201\" style=\"width: 640px\" class=\"wp-caption aligncenter\"><img fetchpriority=\"high\" decoding=\"async\" class=\"size-full wp-image-9201\" src=\"http:\/\/kinanen.fi\/wordpress\/wp-content\/uploads\/2015\/09\/Remontti-1.jpg\" alt=\"Kyltti\" width=\"640\" height=\"480\" \/><figcaption id=\"caption-attachment-9201\" class=\"wp-caption-text\">Kyltti<\/figcaption><\/figure>\n<p>Suntio varmisteli, ett\u00e4 se pysyy varmasti paikoillaan vaikka syystuuli yltyisi puhuriksi saakka. Kirkkotarhan vanhat ja arvokkaat muistomerkit oli syyt\u00e4 suojata vahingoilta jo etuk\u00e4teen.<\/p>\n<figure id=\"attachment_9202\" aria-describedby=\"caption-attachment-9202\" style=\"width: 480px\" class=\"wp-caption aligncenter\"><img decoding=\"async\" class=\"size-full wp-image-9202\" src=\"http:\/\/kinanen.fi\/wordpress\/wp-content\/uploads\/2015\/09\/Remontti-2.jpg\" alt=\"Telineet\" width=\"480\" height=\"640\" \/><figcaption id=\"caption-attachment-9202\" class=\"wp-caption-text\">Telineet<\/figcaption><\/figure>\n<p>Pian kyltin j\u00e4lkeen saapui paikalle erilaista rakennustarviketta. Telineit\u00e4 syntyi sinne t\u00e4nne, jotta ty\u00f6v\u00e4ki p\u00e4\u00e4see hyvin liikkumaan rakennuksen seinustoilla.<\/p>\n<figure id=\"attachment_9203\" aria-describedby=\"caption-attachment-9203\" style=\"width: 640px\" class=\"wp-caption aligncenter\"><img decoding=\"async\" class=\"size-full wp-image-9203\" src=\"http:\/\/kinanen.fi\/wordpress\/wp-content\/uploads\/2015\/09\/Remontti-3.jpg\" alt=\"Kyltti\" width=\"640\" height=\"573\" \/><figcaption id=\"caption-attachment-9203\" class=\"wp-caption-text\">Kappelin muutosty\u00f6t<\/figcaption><\/figure>\n<p>Hieman Suntio harmitteli remontin kestoa. Niin kovin mielell\u00e4\u00e4n h\u00e4n olisi j\u00e4rjest\u00e4nyt erilaisia tapahtumia syksyn aikana kyl\u00e4l\u00e4isille yhteiseksi iloksi. Nyt olisi Kappeli pois k\u00e4yt\u00f6st\u00e4 tyystin urakan ajan.<\/p>\n<p>Toivottavasti aikataulu pit\u00e4\u00e4, toivoi Suntio palatessaan Kappelilta kotiin iltah\u00e4m\u00e4riss\u00e4.<\/p>\n","protected":false},"excerpt":{"rendered":"<p>Kappelinm\u00e4ell\u00e4 on ollut t\u00e4n\u00e4\u00e4n paljon liikett\u00e4. Suntio on kierrellyt rakennusta v\u00e4h\u00e4n siell\u00e4 t\u00e4\u00e4ll\u00e4 ja tuumaillut yhdess\u00e4 rakennusliikkeen Ramin kanssa asiasta jos toisestakin. Montaa kohtaa pit\u00e4isi kohentaa ja ikkunoita v\u00e4hint\u00e4\u00e4n korjata l\u00e4nsisein\u00e4lt\u00e4. Kohteita oli v\u00e4hitellen niin paljon, ett\u00e4 oli parasta kutsua ammattimies paikalle. Pian olikin suunnitelmat valmiina ja sopimukset tehty. Ty\u00f6 alkaisi pikapuoliin ja sovittiin ett\u00e4 [&hellip;]<\/p>\n","protected":false},"author":1,"featured_media":0,"comment_status":"open","ping_status":"open","sticky":false,"template":"","format":"standard","meta":{"footnotes":""},"categories":[],"tags":[],"class_list":["post-9200","post","type-post","status-publish","format-standard","hentry"],"_links":{"self":[{"href":"https:\/\/www.kinanen.fi\/nukkekoti\/wp-json\/wp\/v2\/posts\/9200","targetHints":{"allow":["GET"]}}],"collection":[{"href":"https:\/\/www.kinanen.fi\/nukkekoti\/wp-json\/wp\/v2\/posts"}],"about":[{"href":"https:\/\/www.kinanen.fi\/nukkekoti\/wp-json\/wp\/v2\/types\/post"}],"author":[{"embeddable":true,"href":"https:\/\/www.kinanen.fi\/nukkekoti\/wp-json\/wp\/v2\/users\/1"}],"replies":[{"embeddable":true,"href":"https:\/\/www.kinanen.fi\/nukkekoti\/wp-json\/wp\/v2\/comments?post=9200"}],"version-history":[{"count":3,"href":"https:\/\/www.kinanen.fi\/nukkekoti\/wp-json\/wp\/v2\/posts\/9200\/revisions"}],"predecessor-version":[{"id":9206,"href":"https:\/\/www.kinanen.fi\/nukkekoti\/wp-json\/wp\/v2\/posts\/9200\/revisions\/9206"}],"wp:attachment":[{"href":"https:\/\/www.kinanen.fi\/nukkekoti\/wp-json\/wp\/v2\/media?parent=9200"}],"wp:term":[{"taxonomy":"category","embeddable":true,"href":"https:\/\/www.kinanen.fi\/nukkekoti\/wp-json\/wp\/v2\/categories?post=9200"},{"taxonomy":"post_tag","embeddable":true,"href":"https:\/\/www.kinanen.fi\/nukkekoti\/wp-json\/wp\/v2\/tags?post=9200"}],"curies":[{"name":"wp","href":"https:\/\/api.w.org\/{rel}","templated":true}]}}