{"id":9261,"date":"2015-11-29T00:15:18","date_gmt":"2015-11-28T22:15:18","guid":{"rendered":"http:\/\/kinanen.fi\/wordpress\/?p=9261"},"modified":"2015-11-29T13:08:28","modified_gmt":"2015-11-29T11:08:28","slug":"1-adventti-2","status":"publish","type":"post","link":"https:\/\/www.kinanen.fi\/nukkekoti\/1-adventti-2\/","title":{"rendered":"1. Adventti"},"content":{"rendered":"<p>Niin se on taas vuosi vier\u00e4ht\u00e4nyt kun ensimm\u00e4inen Adventti on k\u00e4sill\u00e4, tuumailee Eevert tarkastellessaan kalenteriaan. Joulun odottaminen niit\u00e4 aikoja vuodesta mist\u00e4 Eevert erityisesti pit\u00e4\u00e4.<\/p>\n<figure id=\"attachment_9264\" aria-describedby=\"caption-attachment-9264\" style=\"width: 506px\" class=\"wp-caption aligncenter\"><img fetchpriority=\"high\" decoding=\"async\" class=\"size-full wp-image-9264\" src=\"http:\/\/kinanen.fi\/wordpress\/wp-content\/uploads\/2015\/10\/1Adventti-1.jpg\" alt=\"Eevert tarkastelee kalenteria\" width=\"506\" height=\"640\" \/><figcaption id=\"caption-attachment-9264\" class=\"wp-caption-text\">Eevert tarkastelee kalenteria<\/figcaption><\/figure>\n<p>Eevert on ottanut esille vanhan kynttelik\u00f6n. Metallisessa vuoassa on nelj\u00e4 paikkaa kynttil\u00f6ille. Se on \u00e4idin vanha joulukalenteri. Lapsena sai monta j\u00e4nnitt\u00e4v\u00e4\u00e4 viikkoa \u00a0viett\u00e4\u00e4 sen kanssa. Aina ei ollut perheell\u00e4 varaa oikeaan joulukalenteriin, niinp\u00e4 \u00e4iti laittoi oman. Jokaisena Adventtisunnuntaina sytytettiin yksi kynttil\u00e4 lis\u00e4\u00e4 kynttelikk\u00f6\u00f6n. Se oli hieno ja mukava joulunl\u00e4hestymisen traditio. Eevert on sytytellyt vastaavia kynttil\u00f6it\u00e4 joulunaikoina. T\u00e4n\u00e4 vuonna on aika k\u00e4ytt\u00e4\u00e4 \u00e4idin vanhaa vuokaa. Eevert laittaa vuokaan vihre\u00e4\u00e4 sammalta koristeeksi.<\/p>\n<figure id=\"attachment_9262\" aria-describedby=\"caption-attachment-9262\" style=\"width: 640px\" class=\"wp-caption aligncenter\"><img decoding=\"async\" class=\"size-full wp-image-9262\" src=\"http:\/\/kinanen.fi\/wordpress\/wp-content\/uploads\/2015\/10\/1Adventti-1-1.jpg\" alt=\"Adventtikynttelikk\u00f6\" width=\"640\" height=\"427\" \/><figcaption id=\"caption-attachment-9262\" class=\"wp-caption-text\">Adventtikynttelikk\u00f6<\/figcaption><\/figure>\n<p>Ensimm\u00e4inen kynttil\u00e4 loistaa oikein kauniisti. T\u00e4m\u00e4n vien keitti\u00f6\u00f6n ilahduttamaan aamujani, suunnittelee Eevert.<\/p>\n<p>Pian kuuluu Kappelinm\u00e4elt\u00e4 kellojen soittoa. T\u00e4n\u00e4\u00e4n on Kappelilla oikein juhlamenot. Eevert l\u00e4htee muiden mukana kohti kirkonkellojen sointia.<\/p>\n<figure id=\"attachment_9272\" aria-describedby=\"caption-attachment-9272\" style=\"width: 640px\" class=\"wp-caption aligncenter\"><img decoding=\"async\" class=\"size-full wp-image-9272\" src=\"http:\/\/kinanen.fi\/wordpress\/wp-content\/uploads\/2015\/11\/1Adventti-2-2.jpg\" alt=\"Ensimm\u00e4inen kynttil\u00e4\" width=\"640\" height=\"480\" \/><figcaption id=\"caption-attachment-9272\" class=\"wp-caption-text\">Ensimm\u00e4inen kynttil\u00e4<\/figcaption><\/figure>\n<p>Ensimm\u00e4ist\u00e4 kynttil\u00e4\u00e4 sytytett\u00e4ess\u00e4 muistutetaan \u00a0kaikkia siit\u00e4, ett\u00e4\u00a0Adventti on odotuksen ja valmistautumisen aikaa.<\/p>\n<p>Odotamme joulua, Jeesuksen syntym\u00e4\u00e4, kertoo ison kirkon pappi johdattaessaan p\u00e4iv\u00e4n aiheeseen.<\/p>\n<p>Odotus merkitsee ihmisille eri asioita.\u00a0Joskus se n\u00e4kyy\u00a0\u00a0joulusiivoamisena, jouluruokien laittamisena, joulukorttien kirjoittamisena ja lahjojen miettimisen\u00e4.<\/p>\n<p>T\u00e4ss\u00e4 ei ole suinkaan kaikki valmistautumisesta. Adventtina valmistaudutaan my\u00f6s sis\u00e4isesti. Hiljennyt\u00e4\u00e4n\u00a0tutkimaan joulun sanomaa ja merkityst\u00e4.<\/p>\n<p>Jokainen laskeutuu jouluun omalla tavallaan. Kiireen ja hopun keskell\u00e4 on kovin t\u00e4rke\u00e4\u00e4 v\u00e4lill\u00e4 pys\u00e4hty\u00e4 ja heng\u00e4ht\u00e4\u00e4. Ihan vain olla. Se on oikein hyv\u00e4 ajatus, tuumaa Eevert ja ny\u00f6kyttelee p\u00e4\u00e4t\u00e4\u00e4n.<\/p>\n<figure id=\"attachment_1714\" aria-describedby=\"caption-attachment-1714\" style=\"width: 500px\" class=\"wp-caption aligncenter\"><img loading=\"lazy\" decoding=\"async\" class=\"size-full wp-image-1714\" src=\"http:\/\/kinanen.fi\/wordpress\/wp-content\/uploads\/2010\/11\/pyh\u00e4inp\u00e4iv\u00e421.jpg\" alt=\"Pyh\u00e4inp\u00e4iv\u00e4n kynttil\u00e4\" width=\"500\" height=\"375\" \/><figcaption id=\"caption-attachment-1714\" class=\"wp-caption-text\">Sytytetty kynttil\u00e4<\/figcaption><\/figure>\n<p>Ensimm\u00e4inen kynttil\u00e4 on my\u00f6s toivon kynttil\u00e4.\u00a0Toivon merkitys el\u00e4m\u00e4ss\u00e4 on t\u00e4rke\u00e4\u00e4. Jos toivoa ei ole, voivat asiat muuttua hankaliksi. Siisp\u00e4 t\u00e4n\u00e4 Adventtina pidet\u00e4\u00e4n huolta siit\u00e4, ett\u00e4 meill\u00e4 kaikilla on hyv\u00e4 olla,\u00a0samoin kuin toisella siin\u00e4 vieress\u00e4.<\/p>\n<p>Silloin kun olemme kaikki toistemme puolella, syntyy sellaista toivoa, jota vain yhdess\u00e4 voimme synnytt\u00e4\u00e4. Monet murheet pienenev\u00e4t jaettaessa ja ilot moninkertaistuvat.<\/p>\n<p>Kyl\u00e4l\u00e4iset kuuntelivat tarkkaavaisesti isolta kirkolta tullutta puhujaa.<\/p>\n<figure id=\"attachment_9273\" aria-describedby=\"caption-attachment-9273\" style=\"width: 480px\" class=\"wp-caption aligncenter\"><img loading=\"lazy\" decoding=\"async\" class=\"size-full wp-image-9273\" src=\"http:\/\/kinanen.fi\/wordpress\/wp-content\/uploads\/2015\/11\/1Adventti-1-3.jpg\" alt=\"Kappelin juhlaa\" width=\"480\" height=\"640\" \/><figcaption id=\"caption-attachment-9273\" class=\"wp-caption-text\">Kappelin juhlaa<\/figcaption><\/figure>\n<p>Suntio oli tuonut Kappeliin \u00a0joulukuusen.\u00a0Kuusen latvaan on kiinnitetty t\u00e4hti. Se loistaa l\u00e4pi joulunajan ja muistuttaa er\u00e4\u00e4st\u00e4 toisesta t\u00e4hdest\u00e4, joka loisti kauan aikaa sitten. Joulut\u00e4hti.<\/p>\n<p>Pian kajahti odotettu Hoosianna. Raamatun mukaan Jeesus ratsasti Jerusalemiin p\u00e4\u00e4si\u00e4isjuhlille aasilla ja kaikki kansa teiden vierustoilla huusivat ja lauloivat Hoosiannaa!<\/p>\n<p><iframe title=\"Tapiolan Kuoro - Hoosianna\" width=\"640\" height=\"360\" src=\"https:\/\/www.youtube.com\/embed\/5WElFFznmbU?feature=oembed\" frameborder=\"0\" allow=\"accelerometer; autoplay; clipboard-write; encrypted-media; gyroscope; picture-in-picture; web-share\" referrerpolicy=\"strict-origin-when-cross-origin\" allowfullscreen><\/iframe><\/p>\n<p>Miten sin\u00e4 viet\u00e4t ensimm\u00e4ist\u00e4 adventtia? Kuuluuko siihen jokin perinne omassa el\u00e4m\u00e4ss\u00e4si?<\/p>\n<p>Oikein hyv\u00e4\u00e4 Adventinaikaa kaikille k\u00e4vij\u00f6ille!<\/p>\n<p>______________________________________________________<\/p>\n<p>Kalenterissa on omia askartelujani sek\u00e4 lukuisa m\u00e4\u00e4r\u00e4 eri nukkekotitaiteilijoiden taidokkaita t\u00f6it\u00e4. En erittele niit\u00e4 erikseen. Jos ja kun l\u00f6yd\u00e4t oman teoksesi kuvista, niin j\u00e4t\u00e4 siit\u00e4 viesti yhteiseksi iloksi.<\/p>\n","protected":false},"excerpt":{"rendered":"<p>Niin se on taas vuosi vier\u00e4ht\u00e4nyt kun ensimm\u00e4inen Adventti on k\u00e4sill\u00e4, tuumailee Eevert tarkastellessaan kalenteriaan. Joulun odottaminen niit\u00e4 aikoja vuodesta mist\u00e4 Eevert erityisesti pit\u00e4\u00e4. Eevert on ottanut esille vanhan kynttelik\u00f6n. Metallisessa vuoassa on nelj\u00e4 paikkaa kynttil\u00f6ille. Se on \u00e4idin vanha joulukalenteri. Lapsena sai monta j\u00e4nnitt\u00e4v\u00e4\u00e4 viikkoa \u00a0viett\u00e4\u00e4 sen kanssa. Aina ei ollut perheell\u00e4 varaa oikeaan [&hellip;]<\/p>\n","protected":false},"author":1,"featured_media":0,"comment_status":"open","ping_status":"open","sticky":false,"template":"","format":"standard","meta":{"footnotes":""},"categories":[],"tags":[],"class_list":["post-9261","post","type-post","status-publish","format-standard","hentry"],"_links":{"self":[{"href":"https:\/\/www.kinanen.fi\/nukkekoti\/wp-json\/wp\/v2\/posts\/9261","targetHints":{"allow":["GET"]}}],"collection":[{"href":"https:\/\/www.kinanen.fi\/nukkekoti\/wp-json\/wp\/v2\/posts"}],"about":[{"href":"https:\/\/www.kinanen.fi\/nukkekoti\/wp-json\/wp\/v2\/types\/post"}],"author":[{"embeddable":true,"href":"https:\/\/www.kinanen.fi\/nukkekoti\/wp-json\/wp\/v2\/users\/1"}],"replies":[{"embeddable":true,"href":"https:\/\/www.kinanen.fi\/nukkekoti\/wp-json\/wp\/v2\/comments?post=9261"}],"version-history":[{"count":11,"href":"https:\/\/www.kinanen.fi\/nukkekoti\/wp-json\/wp\/v2\/posts\/9261\/revisions"}],"predecessor-version":[{"id":9650,"href":"https:\/\/www.kinanen.fi\/nukkekoti\/wp-json\/wp\/v2\/posts\/9261\/revisions\/9650"}],"wp:attachment":[{"href":"https:\/\/www.kinanen.fi\/nukkekoti\/wp-json\/wp\/v2\/media?parent=9261"}],"wp:term":[{"taxonomy":"category","embeddable":true,"href":"https:\/\/www.kinanen.fi\/nukkekoti\/wp-json\/wp\/v2\/categories?post=9261"},{"taxonomy":"post_tag","embeddable":true,"href":"https:\/\/www.kinanen.fi\/nukkekoti\/wp-json\/wp\/v2\/tags?post=9261"}],"curies":[{"name":"wp","href":"https:\/\/api.w.org\/{rel}","templated":true}]}}