{"id":9277,"date":"2015-12-06T00:15:49","date_gmt":"2015-12-05T22:15:49","guid":{"rendered":"http:\/\/kinanen.fi\/wordpress\/?p=9277"},"modified":"2015-12-05T19:07:39","modified_gmt":"2015-12-05T17:07:39","slug":"2-adventti","status":"publish","type":"post","link":"https:\/\/www.kinanen.fi\/nukkekoti\/2-adventti\/","title":{"rendered":"2. Adventti"},"content":{"rendered":"<p>Eevert nauttii aamukahviaan keitt\u00f6ss\u00e4. Aamu on viel\u00e4 h\u00e4m\u00e4r\u00e4. Juuri t\u00e4llaiset aamut ovat Eevertin mieleen. On niin mukavaa katsella ja kuunnella kuinka hiljalleen kyl\u00e4 her\u00e4\u00e4 p\u00e4iv\u00e4n puuhiin.<\/p>\n<p>Eevert sytytt\u00e4\u00e4 kynttelik\u00f6n toisen kynttil\u00e4n ja hetken hiljentyy katselemaan kynttil\u00e4n liekki\u00e4.<\/p>\n<figure id=\"attachment_9279\" aria-describedby=\"caption-attachment-9279\" style=\"width: 640px\" class=\"wp-caption aligncenter\"><img fetchpriority=\"high\" decoding=\"async\" class=\"size-full wp-image-9279\" src=\"http:\/\/kinanen.fi\/wordpress\/wp-content\/uploads\/2015\/10\/2Adventti-2.jpg\" alt=\"Kynttil\u00e4t\" width=\"640\" height=\"477\" \/><figcaption id=\"caption-attachment-9279\" class=\"wp-caption-text\">Kynttil\u00e4t<\/figcaption><\/figure>\n<p>T\u00e4n\u00e4\u00e4n on toinen Adventtisunnuntai ja samalla Itsen\u00e4isyysp\u00e4iv\u00e4. Siin\u00e4 on kerralla \u00a0juhlaa moneen tarpeeseen, tuumii Eevert lukiessaan p\u00e4iv\u00e4n lehte\u00e4.<\/p>\n<figure id=\"attachment_9278\" aria-describedby=\"caption-attachment-9278\" style=\"width: 640px\" class=\"wp-caption aligncenter\"><img decoding=\"async\" class=\"size-full wp-image-9278\" src=\"http:\/\/kinanen.fi\/wordpress\/wp-content\/uploads\/2015\/10\/2Adventti-1.jpg\" alt=\"Aamukahvi\" width=\"640\" height=\"426\" \/><figcaption id=\"caption-attachment-9278\" class=\"wp-caption-text\">Aamukahvi<\/figcaption><\/figure>\n<p>Aamukahvi maistuukin t\u00e4n\u00e4\u00e4n oikein hyv\u00e4lt\u00e4, toteaa\u00a0Eevert ja kaataa toisen mukillisen itselleen.<\/p>\n<p>Kappelilla on t\u00e4n\u00e4\u00e4n juhlamessut. Isolta kirkolta saakka on tullut puhuja paikan p\u00e4\u00e4lle. Kappelilla on jo pitk\u00e4\u00e4n valmistauduttu p\u00e4iv\u00e4\u00e4n. Lauluja on harjoiteltu kyl\u00e4kuoron kanssa ja lippukulkuetta suunniteltu. Suntiolla on ollut paljon tekemist\u00e4 ja muistettavaa juhlan valmisteluissa.<\/p>\n<p>Suntio n\u00e4ytt\u00e4\u00e4 olevan vastassa jo ovella komean Suomen lipun kanssa.<\/p>\n<figure id=\"attachment_9268\" aria-describedby=\"caption-attachment-9268\" style=\"width: 427px\" class=\"wp-caption aligncenter\"><img decoding=\"async\" class=\"size-full wp-image-9268\" src=\"http:\/\/kinanen.fi\/wordpress\/wp-content\/uploads\/2015\/10\/1Adventti-4.jpg\" alt=\"Suntio\" width=\"427\" height=\"640\" \/><figcaption id=\"caption-attachment-9268\" class=\"wp-caption-text\">Suntio<\/figcaption><\/figure>\n<p>Suntio on aina niin kohteliaasti vastaanottamassa kaikkia Kappeliin tulijoita. On mukava tulla kun tuntee itsens\u00e4 tervetulleeksi. \u00a0Jokaisen tulijan kohdalla Suntio hienosti tekee tervehdyksen kulkuelipulla.<\/p>\n<figure id=\"attachment_9280\" aria-describedby=\"caption-attachment-9280\" style=\"width: 640px\" class=\"wp-caption aligncenter\"><img loading=\"lazy\" decoding=\"async\" class=\"size-full wp-image-9280\" src=\"http:\/\/kinanen.fi\/wordpress\/wp-content\/uploads\/2015\/10\/1Adventti-3-1.jpg\" alt=\"Kaksi kynttil\u00e4\u00e4\" width=\"640\" height=\"480\" \/><figcaption id=\"caption-attachment-9280\" class=\"wp-caption-text\">Kaksi kynttil\u00e4\u00e4<\/figcaption><\/figure>\n<p>Toisen Adventtikynttil\u00e4n sanoma kertoo rauhasta ja kunniasta. Mik\u00e4 sen paremmin sopisikaan samaan juhlaan Itsen\u00e4isyysp\u00e4iv\u00e4n\u00e4. N\u00e4in\u00e4 aikoina rauha ja keskin\u00e4inen kunnioitus ovat niit\u00e4 perusasioita, joilla rakennamme el\u00e4m\u00e4\u00e4mme eteenp\u00e4in, kertoo puhuja ja jatkaa lukemalla p\u00e4iv\u00e4n tekstin:<\/p>\n<p class=\"tx3_pieni\">&#8221;Jeesus kutsui opetuslapsensa luokseen ja sanoi: \u201dTe tied\u00e4tte, ett\u00e4 hallitsijat ovat kansojensa herroja ja maan mahtavat pit\u00e4v\u00e4t kansoja valtansa alla. Niin ei saa olla teid\u00e4n keskuudessanne. Joka tahtoo teid\u00e4n joukossanne tulla suureksi, se olkoon toisten palvelija, ja joka tahtoo tulla teid\u00e4n joukossanne ensimm\u00e4iseksi, se olkoon toisten orja. Ei Ihmisen Poikakaan tullut palveltavaksi, vaan palvelemaan ja antamaan henkens\u00e4 lunnaiksi kaikkien puolesta.\u201d (Matt. 20: 25-28)&#8221;<\/p>\n<p class=\"tx3_pieni\">Siin\u00e4 on paljon ajateltavaa. Kuinka niin herk\u00e4sti nousemmekaan toisten yl\u00e4puolelle samalla sortaen toista. Se tapahtuu toisinaan huomaamatta, mietiskelee Eevert tutulla paikallaan takapenkiss\u00e4.<\/p>\n<p class=\"tx3_pieni\">P\u00e4iv\u00e4n virten\u00e4 kajahti virsi 577<\/p>\n<p><iframe title=\"Sun k\u00e4tes Herra voimakkaan (virsi 577)\" width=\"640\" height=\"480\" src=\"https:\/\/www.youtube.com\/embed\/ZunznaYw39Q?feature=oembed\" frameborder=\"0\" allow=\"accelerometer; autoplay; clipboard-write; encrypted-media; gyroscope; picture-in-picture; web-share\" referrerpolicy=\"strict-origin-when-cross-origin\" allowfullscreen><\/iframe><\/p>\n<p>Kappelilta palattuaan Eevert ajatteli, ett\u00e4 parempaa aloitusta ei t\u00e4lle p\u00e4iv\u00e4lle olisi voinut olla.<\/p>\n<p>Mietiskellen ja itsen\u00e4isyytt\u00e4 pohtien kului koko p\u00e4iv\u00e4. Lehdest\u00e4 Eevert luki tarkkaan kaikki kunniamerkin saaneet. On se hyv\u00e4 ett\u00e4 huomioidaan ihmiset jotka ovat tehneet merkitt\u00e4vi\u00e4 tekoja t\u00e4m\u00e4n maan ja asukkaiden hyv\u00e4ksi. Varmasti j\u00e4i viel\u00e4 palkittavia seuraavallekin vuodelle.<\/p>\n<p>Illalla totuttuun tapaan Eevert istahti sohvallensa ja avasi television. Perinteinen Itsen\u00e4isyysp\u00e4iv\u00e4n vastaanotto oli pian alkamassa. Se on sellainen traditio vuoden kulussa ett\u00e4 tuskin osaisi olla katsomatta kun presidenttipari ottaa vastaan vieraat.<\/p>\n<figure id=\"attachment_8042\" aria-describedby=\"caption-attachment-8042\" style=\"width: 634px\" class=\"wp-caption aligncenter\"><img loading=\"lazy\" decoding=\"async\" class=\"size-full wp-image-8042\" src=\"http:\/\/kinanen.fi\/wordpress\/wp-content\/uploads\/2014\/10\/itsen\u00e4isyys.png\" alt=\"Valmistautumista illan vastaanottoon\" width=\"634\" height=\"416\" \/><figcaption id=\"caption-attachment-8042\" class=\"wp-caption-text\">Valmistautumista illan vastaanottoon<\/figcaption><\/figure>\n<p>Kynttil\u00e4t syttyiv\u00e4t niin p\u00f6yd\u00e4lle kuin ikkunalaudallekin muistuttamaan rauhasta, turvasta ja keskin\u00e4isest\u00e4 kunnioituksesta.<\/p>\n<p>Oikein hyv\u00e4\u00e4 Itsen\u00e4isyysp\u00e4iv\u00e4\u00e4 kaikille k\u00e4vij\u00f6ille.<\/p>\n<p>____________________________________________<\/p>\n<p>Kalenterissa on omia askartelujani sek\u00e4 lukuisa m\u00e4\u00e4r\u00e4 eri nukkekotitaiteilijoiden taidokkaita t\u00f6it\u00e4. En erittele niit\u00e4 erikseen. Jos ja kun l\u00f6yd\u00e4t oman teoksesi kuvista, niin j\u00e4t\u00e4 siit\u00e4 viesti yhteiseksi iloksi.<\/p>\n<p>&nbsp;<\/p>\n","protected":false},"excerpt":{"rendered":"<p>Eevert nauttii aamukahviaan keitt\u00f6ss\u00e4. Aamu on viel\u00e4 h\u00e4m\u00e4r\u00e4. Juuri t\u00e4llaiset aamut ovat Eevertin mieleen. On niin mukavaa katsella ja kuunnella kuinka hiljalleen kyl\u00e4 her\u00e4\u00e4 p\u00e4iv\u00e4n puuhiin. Eevert sytytt\u00e4\u00e4 kynttelik\u00f6n toisen kynttil\u00e4n ja hetken hiljentyy katselemaan kynttil\u00e4n liekki\u00e4. T\u00e4n\u00e4\u00e4n on toinen Adventtisunnuntai ja samalla Itsen\u00e4isyysp\u00e4iv\u00e4. Siin\u00e4 on kerralla \u00a0juhlaa moneen tarpeeseen, tuumii Eevert lukiessaan p\u00e4iv\u00e4n lehte\u00e4. [&hellip;]<\/p>\n","protected":false},"author":1,"featured_media":0,"comment_status":"open","ping_status":"open","sticky":false,"template":"","format":"standard","meta":{"footnotes":""},"categories":[],"tags":[],"class_list":["post-9277","post","type-post","status-publish","format-standard","hentry"],"_links":{"self":[{"href":"https:\/\/www.kinanen.fi\/nukkekoti\/wp-json\/wp\/v2\/posts\/9277","targetHints":{"allow":["GET"]}}],"collection":[{"href":"https:\/\/www.kinanen.fi\/nukkekoti\/wp-json\/wp\/v2\/posts"}],"about":[{"href":"https:\/\/www.kinanen.fi\/nukkekoti\/wp-json\/wp\/v2\/types\/post"}],"author":[{"embeddable":true,"href":"https:\/\/www.kinanen.fi\/nukkekoti\/wp-json\/wp\/v2\/users\/1"}],"replies":[{"embeddable":true,"href":"https:\/\/www.kinanen.fi\/nukkekoti\/wp-json\/wp\/v2\/comments?post=9277"}],"version-history":[{"count":7,"href":"https:\/\/www.kinanen.fi\/nukkekoti\/wp-json\/wp\/v2\/posts\/9277\/revisions"}],"predecessor-version":[{"id":9666,"href":"https:\/\/www.kinanen.fi\/nukkekoti\/wp-json\/wp\/v2\/posts\/9277\/revisions\/9666"}],"wp:attachment":[{"href":"https:\/\/www.kinanen.fi\/nukkekoti\/wp-json\/wp\/v2\/media?parent=9277"}],"wp:term":[{"taxonomy":"category","embeddable":true,"href":"https:\/\/www.kinanen.fi\/nukkekoti\/wp-json\/wp\/v2\/categories?post=9277"},{"taxonomy":"post_tag","embeddable":true,"href":"https:\/\/www.kinanen.fi\/nukkekoti\/wp-json\/wp\/v2\/tags?post=9277"}],"curies":[{"name":"wp","href":"https:\/\/api.w.org\/{rel}","templated":true}]}}