{"id":9285,"date":"2015-12-13T00:15:43","date_gmt":"2015-12-12T22:15:43","guid":{"rendered":"http:\/\/kinanen.fi\/wordpress\/?p=9285"},"modified":"2015-12-12T22:39:18","modified_gmt":"2015-12-12T20:39:18","slug":"3-adventti","status":"publish","type":"post","link":"https:\/\/www.kinanen.fi\/nukkekoti\/3-adventti\/","title":{"rendered":"3. Adventti"},"content":{"rendered":"<p>Viikot vieriv\u00e4t eteenp\u00e4in ja t\u00e4n\u00e4\u00e4n Eevert on her\u00e4nnyt jo kolmanteen Adventti sunnuntaihin.<\/p>\n<p>Aamutoimiin kuuluu, ett\u00e4 makuukamari laitetaan p\u00e4iv\u00e4kuntoon. Pian on heteka sijattu ja aamutohvelit laitettu ojennukseen.<\/p>\n<figure id=\"attachment_9286\" aria-describedby=\"caption-attachment-9286\" style=\"width: 427px\" class=\"wp-caption aligncenter\"><img fetchpriority=\"high\" decoding=\"async\" class=\"size-full wp-image-9286\" src=\"http:\/\/kinanen.fi\/wordpress\/wp-content\/uploads\/2015\/10\/3Adventti-1-1.jpg\" alt=\"Makuukamari\" width=\"427\" height=\"640\" \/><figcaption id=\"caption-attachment-9286\" class=\"wp-caption-text\">Makuukamari<\/figcaption><\/figure>\n<p>Keitti\u00f6ss\u00e4 Eevert sytytt\u00e4\u00e4 ensit\u00f6ikseen kolmannen kynttil\u00e4n p\u00f6yd\u00e4lle. Valo on jo oikein kirkas ja sen tuikkeessa voi hyvin keitt\u00e4\u00e4 kahvit ja valmistella aamiaisen.<\/p>\n<figure id=\"attachment_9291\" aria-describedby=\"caption-attachment-9291\" style=\"width: 640px\" class=\"wp-caption aligncenter\"><img decoding=\"async\" class=\"size-full wp-image-9291\" src=\"http:\/\/kinanen.fi\/wordpress\/wp-content\/uploads\/2015\/10\/3Adventti-3-1.jpg\" alt=\"Kolme kynttil\u00e4\u00e4\" width=\"640\" height=\"427\" \/><figcaption id=\"caption-attachment-9291\" class=\"wp-caption-text\">Kolme kynttil\u00e4\u00e4<\/figcaption><\/figure>\n<p>Totutussa j\u00e4rjestyksess\u00e4 Eevert valmistaa aamiaisensa. Ensin kahvivett\u00e4 kiehumaan ja sen j\u00e4lkeen katsomaan kaapista mill\u00e4 ev\u00e4ill\u00e4 olisi hyv\u00e4 aloittaa p\u00e4iv\u00e4. Aamiainen taitaa olla joka aamu aika samanlainen, huomaa Eevert katsellessaan kaappinsa antimia.<\/p>\n<figure id=\"attachment_9288\" aria-describedby=\"caption-attachment-9288\" style=\"width: 576px\" class=\"wp-caption aligncenter\"><img decoding=\"async\" class=\"size-full wp-image-9288\" src=\"http:\/\/kinanen.fi\/wordpress\/wp-content\/uploads\/2015\/10\/3Adventti-2-1.jpg\" alt=\"Aamiainen\" width=\"576\" height=\"640\" \/><figcaption id=\"caption-attachment-9288\" class=\"wp-caption-text\">Aamiainen<\/figcaption><\/figure>\n<p>Ei taida sill\u00e4 olla niin v\u00e4li\u00e4. Kahvi ja voileip\u00e4 maistuu miehelle hyvin vaikka joka aamu.<\/p>\n<p>N\u00e4ill\u00e4 sit\u00e4 jaksaa pitk\u00e4lle p\u00e4iv\u00e4\u00e4n, tuumii Eevert ja kurkistaa samalla \u00a0ikkunasta joko n\u00e4kyy Kappelilla valot. Ikkunoista loistaa valonkajo ja niinp\u00e4 mies siistii keitti\u00f6n ja valmistautuu l\u00e4htem\u00e4\u00e4n. Eevert suuntaa reippain askelin Suntion kaveriksi valmistelemaan p\u00e4iv\u00e4n kappelihetke\u00e4.<\/p>\n<p>Suntio sytytt\u00e4\u00e4 jo kolmannen, rakkauden kynttil\u00e4n loistamaan pieneen Kappeliin.<\/p>\n<p>Kynttil\u00e4 ja rakkaus ajatuksissamme liittyv\u00e4t usein romanttiseen rakkauteen. Rakastavaiset viihtyv\u00e4t kynttil\u00e4nvalon \u00e4\u00e4ress\u00e4 ja keskittyv\u00e4t toisiinsa. Rakkautta ja rakastavaa mielt\u00e4 meid\u00e4n on hyv\u00e4 osoittaa omaa l\u00e4heisint\u00e4 el\u00e4m\u00e4\u00e4mme\u00a0laajemmalle.<\/p>\n<figure id=\"attachment_9287\" aria-describedby=\"caption-attachment-9287\" style=\"width: 640px\" class=\"wp-caption aligncenter\"><img loading=\"lazy\" decoding=\"async\" class=\"size-full wp-image-9287\" src=\"http:\/\/kinanen.fi\/wordpress\/wp-content\/uploads\/2015\/10\/3Adventti-1.jpg\" alt=\"Suntio ja kolme kynttil\u00e4\u00e4\" width=\"640\" height=\"480\" \/><figcaption id=\"caption-attachment-9287\" class=\"wp-caption-text\">Suntio ja kolme kynttil\u00e4\u00e4<\/figcaption><\/figure>\n<p>Suntio sanoo vakuuttavasti Raamatun sanoin: Rakasta Jumalaa yli kaiken ja l\u00e4himm\u00e4ist\u00e4si niin kuin itse\u00e4si.<\/p>\n<p>Rakkaus, johon kynttil\u00e4 viittaa liittyy erityisesti Jumalan rakkauteen meit\u00e4 ihmisi\u00e4 kohtaan. Se alkaa siit\u00e4, ett\u00e4 Jumalan Poika, Jeesus, syntyy ihmiseksi maailmaan. Siihen rakkauteen meit\u00e4 adventti valmistaa t\u00e4n\u00e4kin sunnuntaina.<\/p>\n<figure id=\"attachment_9289\" aria-describedby=\"caption-attachment-9289\" style=\"width: 640px\" class=\"wp-caption aligncenter\"><img loading=\"lazy\" decoding=\"async\" class=\"size-full wp-image-9289\" src=\"http:\/\/kinanen.fi\/wordpress\/wp-content\/uploads\/2015\/10\/3Adventti-2.jpg\" alt=\"Kuusi\" width=\"640\" height=\"480\" \/><figcaption id=\"caption-attachment-9289\" class=\"wp-caption-text\">Kuusi<\/figcaption><\/figure>\n<p>Kappelin kuusi on saanut muutaman helisev\u00e4n kulkusen oksilleen.<\/p>\n<p>Niihin kirkkokansan katse kiinnittyy kun alkaa tuttu virsi. Suntio viritt\u00e4\u00e4 virren alkuun. Virteen on helppo liitty\u00e4 mukaan sill\u00e4 sanat ovat tuttuja jo kansakoulun alaluokilta huomaa vieraampikin kirkkovieras.<\/p>\n<p>https:\/\/www.youtube.com\/watch?v=SWk-60yY07Y&#038;list=PLzqI-pPOelRyOp8xMmMMZXCD2FnQ9ugv2&#038;index=12<\/p>\n<p>Tunnelma Kappelissa on oikein harras ja levollinen. Moni kirkkovieras j\u00e4\u00e4 viel\u00e4 istumaan toviksi ennenkuin poistuu p\u00e4iv\u00e4n muihin puuhiin. On se vaan hienoa, ett\u00e4 t\u00e4ll\u00e4 kyl\u00e4ll\u00e4 on oma hiljentymisen paikka.<\/p>\n<figure id=\"attachment_9290\" aria-describedby=\"caption-attachment-9290\" style=\"width: 480px\" class=\"wp-caption aligncenter\"><img loading=\"lazy\" decoding=\"async\" class=\"size-full wp-image-9290\" src=\"http:\/\/kinanen.fi\/wordpress\/wp-content\/uploads\/2015\/10\/3Adventti-3.jpg\" alt=\"Kappelin alttari\" width=\"480\" height=\"640\" \/><figcaption id=\"caption-attachment-9290\" class=\"wp-caption-text\">Kappelin alttari<\/figcaption><\/figure>\n<p>Oikein hyv\u00e4\u00e4 kolmatta Adventtia kaikille lukijoille.<\/p>\n<p>Miten sin\u00e4 hiljennyt tai heng\u00e4hd\u00e4t hetkeksi? Mik\u00e4 antaa sinulle voimia ja rohkaisua el\u00e4m\u00e4ss\u00e4? Ja miksi ihmeess\u00e4 rakastamani You Tuben monet virret on poistettu tai tausta muutettu siniseksi tai punaiseksi vaikka \u00e4\u00e4ni kuuluu?<\/p>\n<p>___________________________________________<\/p>\n<p>Kalenterissa on omia askartelujani sek\u00e4 lukuisa m\u00e4\u00e4r\u00e4 eri nukkekotitaiteilijoiden taidokkaita t\u00f6it\u00e4. En erittele niit\u00e4 erikseen. Jos ja kun l\u00f6yd\u00e4t oman teoksesi kuvista, niin j\u00e4t\u00e4 siit\u00e4 viesti yhteiseksi iloksi.<\/p>\n","protected":false},"excerpt":{"rendered":"<p>Viikot vieriv\u00e4t eteenp\u00e4in ja t\u00e4n\u00e4\u00e4n Eevert on her\u00e4nnyt jo kolmanteen Adventti sunnuntaihin. Aamutoimiin kuuluu, ett\u00e4 makuukamari laitetaan p\u00e4iv\u00e4kuntoon. Pian on heteka sijattu ja aamutohvelit laitettu ojennukseen. Keitti\u00f6ss\u00e4 Eevert sytytt\u00e4\u00e4 ensit\u00f6ikseen kolmannen kynttil\u00e4n p\u00f6yd\u00e4lle. Valo on jo oikein kirkas ja sen tuikkeessa voi hyvin keitt\u00e4\u00e4 kahvit ja valmistella aamiaisen. Totutussa j\u00e4rjestyksess\u00e4 Eevert valmistaa aamiaisensa. Ensin kahvivett\u00e4 [&hellip;]<\/p>\n","protected":false},"author":1,"featured_media":0,"comment_status":"open","ping_status":"open","sticky":false,"template":"","format":"standard","meta":{"footnotes":""},"categories":[],"tags":[],"class_list":["post-9285","post","type-post","status-publish","format-standard","hentry"],"_links":{"self":[{"href":"https:\/\/www.kinanen.fi\/nukkekoti\/wp-json\/wp\/v2\/posts\/9285","targetHints":{"allow":["GET"]}}],"collection":[{"href":"https:\/\/www.kinanen.fi\/nukkekoti\/wp-json\/wp\/v2\/posts"}],"about":[{"href":"https:\/\/www.kinanen.fi\/nukkekoti\/wp-json\/wp\/v2\/types\/post"}],"author":[{"embeddable":true,"href":"https:\/\/www.kinanen.fi\/nukkekoti\/wp-json\/wp\/v2\/users\/1"}],"replies":[{"embeddable":true,"href":"https:\/\/www.kinanen.fi\/nukkekoti\/wp-json\/wp\/v2\/comments?post=9285"}],"version-history":[{"count":8,"href":"https:\/\/www.kinanen.fi\/nukkekoti\/wp-json\/wp\/v2\/posts\/9285\/revisions"}],"predecessor-version":[{"id":9678,"href":"https:\/\/www.kinanen.fi\/nukkekoti\/wp-json\/wp\/v2\/posts\/9285\/revisions\/9678"}],"wp:attachment":[{"href":"https:\/\/www.kinanen.fi\/nukkekoti\/wp-json\/wp\/v2\/media?parent=9285"}],"wp:term":[{"taxonomy":"category","embeddable":true,"href":"https:\/\/www.kinanen.fi\/nukkekoti\/wp-json\/wp\/v2\/categories?post=9285"},{"taxonomy":"post_tag","embeddable":true,"href":"https:\/\/www.kinanen.fi\/nukkekoti\/wp-json\/wp\/v2\/tags?post=9285"}],"curies":[{"name":"wp","href":"https:\/\/api.w.org\/{rel}","templated":true}]}}