{"id":9300,"date":"2015-12-20T00:15:33","date_gmt":"2015-12-19T22:15:33","guid":{"rendered":"http:\/\/kinanen.fi\/wordpress\/?p=9300"},"modified":"2015-12-19T21:02:45","modified_gmt":"2015-12-19T19:02:45","slug":"4-adventti","status":"publish","type":"post","link":"https:\/\/www.kinanen.fi\/nukkekoti\/4-adventti\/","title":{"rendered":"4. Adventti"},"content":{"rendered":"<p>Joko sit\u00e4 t\u00e4n\u00e4\u00e4n saa sytytt\u00e4\u00e4 viimeisen kynttil\u00e4n, tokaisee Eevert keitti\u00f6ss\u00e4\u00e4n. Niin se vain on, ett\u00e4 joulu on l\u00e4hestynyt hurjaa vauhtia. Taitaa olla kolme p\u00e4iv\u00e4\u00e4 j\u00e4ljell\u00e4 ennen jouluaattoa.<\/p>\n<figure id=\"attachment_9303\" aria-describedby=\"caption-attachment-9303\" style=\"width: 640px\" class=\"wp-caption aligncenter\"><img fetchpriority=\"high\" decoding=\"async\" class=\"size-full wp-image-9303\" src=\"http:\/\/kinanen.fi\/wordpress\/wp-content\/uploads\/2015\/10\/4Adventti-1-3.jpg\" alt=\"Nelj\u00e4 kynttil\u00e4\u00e4\" width=\"640\" height=\"483\" \/><figcaption id=\"caption-attachment-9303\" class=\"wp-caption-text\">Nelj\u00e4 kynttil\u00e4\u00e4<\/figcaption><\/figure>\n<p>Eevert avaa uuden kahvipaketin ja siirt\u00e4\u00e4 sen vanhaan peltirasiaan. Se on per\u00e4isin \u00e4idilt\u00e4 ellei jopa iso\u00e4idilt\u00e4. Vaikea se on en\u00e4\u00e4 muistaa kaikkia vuosikymmeni\u00e4, naurahtaa Eevert itsekseen mitatessaan kahvia pannuun.<\/p>\n<figure id=\"attachment_9302\" aria-describedby=\"caption-attachment-9302\" style=\"width: 640px\" class=\"wp-caption aligncenter\"><img decoding=\"async\" class=\"size-full wp-image-9302\" src=\"http:\/\/kinanen.fi\/wordpress\/wp-content\/uploads\/2015\/10\/4Adventti-1-2.jpg\" alt=\"Kahvi\" width=\"640\" height=\"427\" \/><figcaption id=\"caption-attachment-9302\" class=\"wp-caption-text\">Kahvi<\/figcaption><\/figure>\n<p>\u00c4idit ne ovat merkitt\u00e4vi\u00e4 henkil\u00f6it\u00e4. Niin paljon j\u00e4tt\u00e4v\u00e4t muistoja, tapoja ja oppeja lapsilleen. Niit\u00e4 sit\u00e4 muistelee viel\u00e4 t\u00e4mm\u00f6inen horisko-ukkokin itsekseen. Mist\u00e4 se \u00e4iti nyt niin mieleen tulikin?<\/p>\n<figure id=\"attachment_9301\" aria-describedby=\"caption-attachment-9301\" style=\"width: 640px\" class=\"wp-caption aligncenter\"><img decoding=\"async\" class=\"size-full wp-image-9301\" src=\"http:\/\/kinanen.fi\/wordpress\/wp-content\/uploads\/2015\/10\/4Adventti-1-1.jpg\" alt=\"Keitti\u00f6\" width=\"640\" height=\"427\" \/><figcaption id=\"caption-attachment-9301\" class=\"wp-caption-text\">Keitti\u00f6<\/figcaption><\/figure>\n<p>Em\u00e4nt\u00e4kissakin astelee paikalle ja puskee itse\u00e4\u00e4n Eevertin jalkaa vasten. Taitaa odotella kermatilkkaansa, jonka on tottunut saamaan aamiaisen yhteydess\u00e4.<\/p>\n<p>Kappelin kellot jo kilkattavat. Kappelin vaskikello on per\u00e4isin Laatokan Valamosta, joten Suntio on tietenkin opetellut my\u00f6s soittamaan valamolaisittain kelloja.<\/p>\n<p><iframe title=\"Valamon kirkonkellot\" width=\"640\" height=\"360\" src=\"https:\/\/www.youtube.com\/embed\/LS_agd5EiPM?feature=oembed\" frameborder=\"0\" allow=\"accelerometer; autoplay; clipboard-write; encrypted-media; gyroscope; picture-in-picture; web-share\" referrerpolicy=\"strict-origin-when-cross-origin\" allowfullscreen><\/iframe><\/p>\n<p>Kauas ne kuuluvatkin. Tiet\u00e4v\u00e4t kyl\u00e4ll\u00e4 kertoa, ett\u00e4 kaukaa j\u00e4rven takaa viel\u00e4 tunnistetaan Suntion kellonsoitot.<\/p>\n<figure id=\"attachment_9306\" aria-describedby=\"caption-attachment-9306\" style=\"width: 562px\" class=\"wp-caption aligncenter\"><img loading=\"lazy\" decoding=\"async\" class=\"size-full wp-image-9306\" src=\"http:\/\/kinanen.fi\/wordpress\/wp-content\/uploads\/2015\/10\/4Adventti-3.jpg\" alt=\"Kappeli\" width=\"562\" height=\"640\" \/><figcaption id=\"caption-attachment-9306\" class=\"wp-caption-text\">Kappeli<\/figcaption><\/figure>\n<p>Kappeliin on jo tullut v\u00e4ke\u00e4 ennen Eeverti\u00e4. Siell\u00e4 on monella kulkijalla tapana istahahtaa hetkeksi. Kirkon ovet ovat aina avoinna.<\/p>\n<figure id=\"attachment_9304\" aria-describedby=\"caption-attachment-9304\" style=\"width: 640px\" class=\"wp-caption aligncenter\"><img loading=\"lazy\" decoding=\"async\" class=\"size-full wp-image-9304\" src=\"http:\/\/kinanen.fi\/wordpress\/wp-content\/uploads\/2015\/10\/4Adventti-1.jpg\" alt=\"Nelj\u00e4 kynttil\u00e4\u00e4\" width=\"640\" height=\"510\" \/><figcaption id=\"caption-attachment-9304\" class=\"wp-caption-text\">Nelj\u00e4 kynttil\u00e4\u00e4<\/figcaption><\/figure>\n<p>Nelj\u00e4 kynttil\u00e4\u00e4 palaa jo valmiina.<\/p>\n<p>Nelj\u00e4nnen adventtisunnuntain aiheena on \u201dHerran syntym\u00e4 on l\u00e4hell\u00e4\u201d. \u00a0P\u00e4iv\u00e4 on omistettu lasta odottavalle Marialle,\u00a0mutta evankeliumi teksti kertoo enemm\u00e4n Joosefista.<\/p>\n<p class=\"tx2\">&#8221;Maria, Jeesuksen \u00e4iti, oli kihlattu Joosefille. Ennen kuin heid\u00e4n liittonsa oli vahvistettu, k\u00e4vi ilmi, ett\u00e4 Maria, Pyh\u00e4n Hengen vaikutuksesta, oli raskaana. Joosef oli lakia kunnioittava mies mutta ei halunnut h\u00e4p\u00e4ist\u00e4 kihlattuaan julkisesti. H\u00e4n aikoi purkaa avioliittosopimuksen kaikessa hiljaisuudessa.<br \/>\nKun Joosef ajatteli t\u00e4t\u00e4, h\u00e4nelle ilmestyi y\u00f6ll\u00e4 unessa Herran enkeli, joka sanoi: \u201dJoosef, Daavidin poika, \u00e4l\u00e4 pelk\u00e4\u00e4 ottaa Mariaa vaimoksesi. Se, mik\u00e4 h\u00e4ness\u00e4 on siinnyt, on l\u00e4ht\u00f6isin Pyh\u00e4st\u00e4 Hengest\u00e4. H\u00e4n synnytt\u00e4\u00e4 pojan, ja sinun tulee antaa pojalle nimeksi Jeesus, sill\u00e4 h\u00e4n pelastaa kansansa sen synneist\u00e4.\u201d<br \/>\nT\u00e4m\u00e4 kaikki tapahtui, jotta k\u00e4visi toteen, mit\u00e4 Herra on profeetan suulla ilmoittanut:<br \/>\n&#8211; Katso, neitsyt tulee raskaaksi ja synnytt\u00e4\u00e4 pojan,<br \/>\nja h\u00e4nelle annetaan nimeksi Immanuel &#8211;<br \/>\nse merkitsee: Jumala on meid\u00e4n kanssamme.<br \/>\nUnesta her\u00e4tty\u00e4\u00e4n Joosef teki niin kuin Herran enkeli oli k\u00e4skenyt ja otti Marian vaimokseen.&#8221;\u00a0Matt. 1: 18-24<\/p>\n<p class=\"tx2\">Evankeliumin j\u00e4lkeen kaikki yhtyv\u00e4t kauniiseen ja herkk\u00e4\u00e4n lauluun Mariasta.<\/p>\n<p>https:\/\/www.youtube.com\/watch?v=RDgt9sWkPi0<\/p>\n<p>Illalla Eevert viel\u00e4 selaa vanhaa valokuvakansiota. Siell\u00e4 on paljon kuvia Eevertin lapsuudesta ja k\u00e4tkettyn\u00e4 monia muistoja Tyrv\u00e4nn\u00f6st\u00e4. Siell\u00e4 tuli vietetty\u00e4 monia aikoja niin \u00e4idin kuin mummonkin tiukassa ohjauksessa.<\/p>\n<figure id=\"attachment_2516\" aria-describedby=\"caption-attachment-2516\" style=\"width: 602px\" class=\"wp-caption aligncenter\"><img loading=\"lazy\" decoding=\"async\" class=\"size-full wp-image-2516\" src=\"http:\/\/kinanen.fi\/wordpress\/wp-content\/uploads\/2011\/02\/valokuva-albumi.jpg\" alt=\"Albumi\" width=\"602\" height=\"640\" \/><figcaption id=\"caption-attachment-2516\" class=\"wp-caption-text\">Valokuva-albumi vuosien takaa<\/figcaption><\/figure>\n<p>Kas, siin\u00e4h\u00e4n se Anttilan mummu n\u00e4ytt\u00e4\u00e4 olevankin. Taitaa olla pakkanen kun on karvalakki p\u00e4\u00e4ss\u00e4.<\/p>\n<figure id=\"attachment_2518\" aria-describedby=\"caption-attachment-2518\" style=\"width: 474px\" class=\"wp-caption aligncenter\"><img loading=\"lazy\" decoding=\"async\" class=\"size-large wp-image-2518\" src=\"http:\/\/kinanen.fi\/wordpress\/wp-content\/uploads\/2011\/02\/mummu-660x1024.jpg\" alt=\"Mummu\" width=\"474\" height=\"735\" \/><figcaption id=\"caption-attachment-2518\" class=\"wp-caption-text\">Mummu<\/figcaption><\/figure>\n<p>On siin\u00e4 komea pari, ihastelee Eevert isovanhempiaan. On ollut tuo Kustaa kyll\u00e4 komea mies. Ihan niinkuin min\u00e4kin, h\u00f6r\u00e4ht\u00e4\u00e4 Eevert ja sipaisee harmaan hiuskiehkuransa otsalta pois.<\/p>\n<figure id=\"attachment_4066\" aria-describedby=\"caption-attachment-4066\" style=\"width: 640px\" class=\"wp-caption aligncenter\"><img loading=\"lazy\" decoding=\"async\" class=\"size-full wp-image-4066\" src=\"http:\/\/kinanen.fi\/wordpress\/wp-content\/uploads\/2011\/11\/kustaa_saimi1.jpg\" alt=\"Saimi ja Kustaa\" width=\"640\" height=\"442\" \/><figcaption id=\"caption-attachment-4066\" class=\"wp-caption-text\">Saimi ja Kustaa<\/figcaption><\/figure>\n<p>Niinp\u00e4 niin, ainakin t\u00e4m\u00e4 nelj\u00e4s adventti kului kummasti \u00e4itej\u00e4 ja iso\u00e4itej\u00e4 muistaessa, Aikamoisia Marioita he ovat kaikki.<\/p>\n<p>Millaisia ajatuksia sinussa p\u00e4iv\u00e4n aiheena olleet Maria ja Joosef her\u00e4tti? Ent\u00e4 isovanhempasi? Vai onko kenties el\u00e4m\u00e4ss\u00e4si joku joka on muodostunut eritt\u00e4in merkitt\u00e4v\u00e4ksi omaa el\u00e4m\u00e4\u00e4si ja valintojasi ajatellen?<\/p>\n<p>___________________________________________________<\/p>\n<p>Kalenterissa on omia askartelujani sek\u00e4 lukuisa m\u00e4\u00e4r\u00e4 eri nukkekotitaiteilijoiden taidokkaita t\u00f6it\u00e4. En erittele niit\u00e4 erikseen. Jos ja kun l\u00f6yd\u00e4t oman teoksesi kuvista, niin j\u00e4t\u00e4 siit\u00e4 viesti yhteiseksi iloksi.<\/p>\n<p>&nbsp;<\/p>\n<p>&nbsp;<\/p>\n<p>&nbsp;<\/p>\n<p>&nbsp;<\/p>\n<p>&nbsp;<\/p>\n<p>&nbsp;<\/p>\n<p>&nbsp;<\/p>\n","protected":false},"excerpt":{"rendered":"<p>Joko sit\u00e4 t\u00e4n\u00e4\u00e4n saa sytytt\u00e4\u00e4 viimeisen kynttil\u00e4n, tokaisee Eevert keitti\u00f6ss\u00e4\u00e4n. Niin se vain on, ett\u00e4 joulu on l\u00e4hestynyt hurjaa vauhtia. Taitaa olla kolme p\u00e4iv\u00e4\u00e4 j\u00e4ljell\u00e4 ennen jouluaattoa. Eevert avaa uuden kahvipaketin ja siirt\u00e4\u00e4 sen vanhaan peltirasiaan. Se on per\u00e4isin \u00e4idilt\u00e4 ellei jopa iso\u00e4idilt\u00e4. Vaikea se on en\u00e4\u00e4 muistaa kaikkia vuosikymmeni\u00e4, naurahtaa Eevert itsekseen mitatessaan kahvia [&hellip;]<\/p>\n","protected":false},"author":1,"featured_media":0,"comment_status":"open","ping_status":"open","sticky":false,"template":"","format":"standard","meta":{"footnotes":""},"categories":[],"tags":[],"class_list":["post-9300","post","type-post","status-publish","format-standard","hentry"],"_links":{"self":[{"href":"https:\/\/www.kinanen.fi\/nukkekoti\/wp-json\/wp\/v2\/posts\/9300","targetHints":{"allow":["GET"]}}],"collection":[{"href":"https:\/\/www.kinanen.fi\/nukkekoti\/wp-json\/wp\/v2\/posts"}],"about":[{"href":"https:\/\/www.kinanen.fi\/nukkekoti\/wp-json\/wp\/v2\/types\/post"}],"author":[{"embeddable":true,"href":"https:\/\/www.kinanen.fi\/nukkekoti\/wp-json\/wp\/v2\/users\/1"}],"replies":[{"embeddable":true,"href":"https:\/\/www.kinanen.fi\/nukkekoti\/wp-json\/wp\/v2\/comments?post=9300"}],"version-history":[{"count":2,"href":"https:\/\/www.kinanen.fi\/nukkekoti\/wp-json\/wp\/v2\/posts\/9300\/revisions"}],"predecessor-version":[{"id":9688,"href":"https:\/\/www.kinanen.fi\/nukkekoti\/wp-json\/wp\/v2\/posts\/9300\/revisions\/9688"}],"wp:attachment":[{"href":"https:\/\/www.kinanen.fi\/nukkekoti\/wp-json\/wp\/v2\/media?parent=9300"}],"wp:term":[{"taxonomy":"category","embeddable":true,"href":"https:\/\/www.kinanen.fi\/nukkekoti\/wp-json\/wp\/v2\/categories?post=9300"},{"taxonomy":"post_tag","embeddable":true,"href":"https:\/\/www.kinanen.fi\/nukkekoti\/wp-json\/wp\/v2\/tags?post=9300"}],"curies":[{"name":"wp","href":"https:\/\/api.w.org\/{rel}","templated":true}]}}